{"id":946,"date":"2024-01-31T19:45:23","date_gmt":"2024-01-31T22:45:23","guid":{"rendered":"https:\/\/tsukianimes.com.br\/?p=946"},"modified":"2024-01-31T19:45:23","modified_gmt":"2024-01-31T22:45:23","slug":"curta-kokoro-to-kokoro-sera-exibido-pela-primeira-vez-no-brasil","status":"publish","type":"post","link":"https:\/\/tsukianimes.com.br\/index.php\/2024\/01\/31\/curta-kokoro-to-kokoro-sera-exibido-pela-primeira-vez-no-brasil\/","title":{"rendered":"Curta Kokoro to Kokoro ser\u00e1 exibido pela primeira vez no Brasil"},"content":{"rendered":"<p>O Canal Brasil exibe pela primeira vez na televis\u00e3o brasileira o premiado document\u00e1rio curta &#8216;Kororo to Kokoro&#8217; (De Cora\u00e7\u00e3o a Cora\u00e7\u00e3o)l. A obra vai ao ar no dia 8 de fevereiro, \u00e0s 17:20. O Canal Brasil est\u00e1 dispon\u00edvel na <a href=\"https:\/\/globoplay.globo.com\/\" target=\"_blank\" rel=\"noopener\">Globoplay<\/a>, Claro TV, Oi TV e Vivo TV. O filme \u00e9 dirigido pelo cineasta nipo-brasileiro Andr\u00e9 Hayato Saito.<\/p>\n<h2>Sobre o filme<\/h2>\n<p>A ideia do roteiro surgiu dos la\u00e7os de amizade entre sua j\u00e1 falecida av\u00f3, Shigeru, com uma antiga amiga, Takae no Jap\u00e3o. Quando jovens, Shigeru e Takae fizeram um pacto eterno de amizade e prometeram se encontrar, ap\u00f3s a morte, onde os botos cor-de-rosa se re\u00fanem na Amaz\u00f4nia.<\/p>\n<p>Anos ap\u00f3s a morte da av\u00f3, Saito embarcou com os pais em uma viagem ao Jap\u00e3o. Nesta jornada encontraram Takae, a protagonista do filme, que pegou na m\u00e3o de Saito e desandou a lhe contar hist\u00f3rias sobre sua av\u00f3, at\u00e9 que a avisaram que ele n\u00e3o falava japon\u00eas. Foi ent\u00e3o que ela botou a m\u00e3o em seu peito e disse: &#8220;N\u00e3o importa, cora\u00e7\u00e3o com cora\u00e7\u00e3o (kokoro to kokoro) e nos tornamos um&#8221;.<\/p>\n<p>Conduzido como um docufic\u00e7\u00e3o, formato h\u00edbrido que mescla document\u00e1rio e fic\u00e7\u00e3o, &#8216;Kokoro to Kokoro&#8217; integra uma trilogia de filmes onde Saito busca tratar de feridas identit\u00e1rias ainda abertas, resgatando sua ancestralidade japonesa e refletindo sobre o espa\u00e7o das culturas diasp\u00f3ricas no tecido social brasileiro.<\/p>\n<p>Al\u00e9m de &#8216;Kokoro to Kokoro&#8217;, a trilogia conta com os curtas &#8216;Vento Dourado&#8217;, que est\u00e1 no circuito de festivais internacionais, e &#8216;Amarela&#8217;, em finaliza\u00e7\u00e3o. Este \u00faltimo ser\u00e1 o ponto de partida para o primeiro longa-metragem do diretor, &#8216;Cris\u00e2ntemo Amarelo&#8217;, projeto que sintetiza a trilogia e est\u00e1 em processo de capta\u00e7\u00e3o. Todos os filmes s\u00e3o produzidos pela MyMama Entertainment.<\/p>\n<p><em>Foto: Divulga\u00e7\u00e3o\/ Assessoria de imprensa MyMama Entertainment.<\/em><\/p>\n<p><strong>Mais em Filmes<\/strong><\/p>\n<p><a href=\"https:\/\/tsukianimes.com.br\/index.php\/2024\/01\/30\/mobile-suit-gundam-seed-freedom-estreia-em-1o-lugar-no-japao\/\" target=\"_blank\" rel=\"noopener\">Mobile Suit Gundam SEED FREEDOM estreia em 1\u00ba lugar no Jap\u00e3o<\/a><\/p>\n<p>&nbsp;<\/p>\n<p>&nbsp;<\/p>\n","protected":false},"excerpt":{"rendered":"<p>O Canal Brasil exibe pela primeira vez na televis\u00e3o brasileira o premiado document\u00e1rio curta &#8216;Kororo to Kokoro&#8217; (De Cora\u00e7\u00e3o a Cora\u00e7\u00e3o)l. A obra vai ao ar no dia 8 de fevereiro, \u00e0s 17:20. O Canal Brasil est\u00e1 dispon\u00edvel na Globoplay, Claro TV, Oi TV e Vivo TV. O filme \u00e9 dirigido pelo cineasta nipo-brasileiro Andr\u00e9 &hellip; <\/p>\n","protected":false},"author":1,"featured_media":948,"comment_status":"open","ping_status":"open","sticky":false,"template":"","format":"standard","meta":{"om_disable_all_campaigns":false,"_monsterinsights_skip_tracking":false,"_monsterinsights_sitenote_active":false,"_monsterinsights_sitenote_note":"","_monsterinsights_sitenote_category":0,"_uf_show_specific_survey":0,"_uf_disable_surveys":false,"footnotes":""},"categories":[10],"tags":[11,176],"class_list":["post-946","post","type-post","status-publish","format-standard","has-post-thumbnail","hentry","category-filmes","tag-filmes","tag-kokoro-to-kokoro","latest_post"],"yoast_head":"<!-- This site is optimized with the Yoast SEO plugin v27.4 - https:\/\/yoast.com\/product\/yoast-seo-wordpress\/ -->\n<title>Curta Kokoro to Kokoro ser\u00e1 exibido pela primeira vez no Brasil - Tsuki Animes<\/title>\n<meta name=\"description\" content=\"O premiado document\u00e1rio curta &#039;Kororo to Kokoro&#039; (De Cora\u00e7\u00e3o a Cora\u00e7\u00e3o) ser\u00e1 exibido pela primeira vez na TV brasileira pelo Canal Brasil.\" \/>\n<meta name=\"robots\" content=\"index, follow, max-snippet:-1, max-image-preview:large, max-video-preview:-1\" \/>\n<link rel=\"canonical\" href=\"https:\/\/tsukianimes.com.br\/index.php\/2024\/01\/31\/curta-kokoro-to-kokoro-sera-exibido-pela-primeira-vez-no-brasil\/\" \/>\n<meta property=\"og:locale\" content=\"pt_BR\" \/>\n<meta property=\"og:type\" content=\"article\" \/>\n<meta property=\"og:title\" content=\"Curta Kokoro to Kokoro ser\u00e1 exibido pela primeira vez no Brasil\" \/>\n<meta property=\"og:description\" content=\"Leia mais...\" \/>\n<meta property=\"og:url\" content=\"https:\/\/tsukianimes.com.br\/index.php\/2024\/01\/31\/curta-kokoro-to-kokoro-sera-exibido-pela-primeira-vez-no-brasil\/\" \/>\n<meta property=\"og:site_name\" content=\"Tsuki Animes\" \/>\n<meta property=\"article:published_time\" content=\"2024-01-31T22:45:23+00:00\" \/>\n<meta property=\"og:image\" content=\"https:\/\/tsukianimes.com.br\/wp-content\/uploads\/2024\/01\/kokorotokokoro.jpg\" \/>\n\t<meta property=\"og:image:width\" content=\"651\" \/>\n\t<meta property=\"og:image:height\" content=\"483\" \/>\n\t<meta property=\"og:image:type\" content=\"image\/jpeg\" \/>\n<meta name=\"author\" content=\"tsukianimes.com.br\" \/>\n<meta name=\"twitter:card\" content=\"summary_large_image\" \/>\n<meta name=\"twitter:label1\" content=\"Escrito por\" \/>\n\t<meta name=\"twitter:data1\" content=\"tsukianimes.com.br\" \/>\n\t<meta name=\"twitter:label2\" content=\"Est. tempo de leitura\" \/>\n\t<meta name=\"twitter:data2\" content=\"2 minutos\" \/>\n<script type=\"application\/ld+json\" class=\"yoast-schema-graph\">{\"@context\":\"https:\\\/\\\/schema.org\",\"@graph\":[{\"@type\":\"Article\",\"@id\":\"https:\\\/\\\/tsukianimes.com.br\\\/index.php\\\/2024\\\/01\\\/31\\\/curta-kokoro-to-kokoro-sera-exibido-pela-primeira-vez-no-brasil\\\/#article\",\"isPartOf\":{\"@id\":\"https:\\\/\\\/tsukianimes.com.br\\\/index.php\\\/2024\\\/01\\\/31\\\/curta-kokoro-to-kokoro-sera-exibido-pela-primeira-vez-no-brasil\\\/\"},\"author\":{\"name\":\"tsukianimes.com.br\",\"@id\":\"https:\\\/\\\/tsukianimes.com.br\\\/#\\\/schema\\\/person\\\/9e17947002e7239c44dbc8cf7674f0b1\"},\"headline\":\"Curta Kokoro to Kokoro ser\u00e1 exibido pela primeira vez no Brasil\",\"datePublished\":\"2024-01-31T22:45:23+00:00\",\"mainEntityOfPage\":{\"@id\":\"https:\\\/\\\/tsukianimes.com.br\\\/index.php\\\/2024\\\/01\\\/31\\\/curta-kokoro-to-kokoro-sera-exibido-pela-primeira-vez-no-brasil\\\/\"},\"wordCount\":348,\"commentCount\":1,\"publisher\":{\"@id\":\"https:\\\/\\\/tsukianimes.com.br\\\/#organization\"},\"image\":{\"@id\":\"https:\\\/\\\/tsukianimes.com.br\\\/index.php\\\/2024\\\/01\\\/31\\\/curta-kokoro-to-kokoro-sera-exibido-pela-primeira-vez-no-brasil\\\/#primaryimage\"},\"thumbnailUrl\":\"https:\\\/\\\/tsukianimes.com.br\\\/wp-content\\\/uploads\\\/2024\\\/01\\\/kokorotokokoro.jpg\",\"keywords\":[\"filmes\",\"kokoro to kokoro\"],\"articleSection\":[\"Filmes\"],\"inLanguage\":\"pt-BR\",\"potentialAction\":[{\"@type\":\"CommentAction\",\"name\":\"Comment\",\"target\":[\"https:\\\/\\\/tsukianimes.com.br\\\/index.php\\\/2024\\\/01\\\/31\\\/curta-kokoro-to-kokoro-sera-exibido-pela-primeira-vez-no-brasil\\\/#respond\"]}]},{\"@type\":\"WebPage\",\"@id\":\"https:\\\/\\\/tsukianimes.com.br\\\/index.php\\\/2024\\\/01\\\/31\\\/curta-kokoro-to-kokoro-sera-exibido-pela-primeira-vez-no-brasil\\\/\",\"url\":\"https:\\\/\\\/tsukianimes.com.br\\\/index.php\\\/2024\\\/01\\\/31\\\/curta-kokoro-to-kokoro-sera-exibido-pela-primeira-vez-no-brasil\\\/\",\"name\":\"Curta Kokoro to Kokoro ser\u00e1 exibido pela primeira vez no Brasil - Tsuki Animes\",\"isPartOf\":{\"@id\":\"https:\\\/\\\/tsukianimes.com.br\\\/#website\"},\"primaryImageOfPage\":{\"@id\":\"https:\\\/\\\/tsukianimes.com.br\\\/index.php\\\/2024\\\/01\\\/31\\\/curta-kokoro-to-kokoro-sera-exibido-pela-primeira-vez-no-brasil\\\/#primaryimage\"},\"image\":{\"@id\":\"https:\\\/\\\/tsukianimes.com.br\\\/index.php\\\/2024\\\/01\\\/31\\\/curta-kokoro-to-kokoro-sera-exibido-pela-primeira-vez-no-brasil\\\/#primaryimage\"},\"thumbnailUrl\":\"https:\\\/\\\/tsukianimes.com.br\\\/wp-content\\\/uploads\\\/2024\\\/01\\\/kokorotokokoro.jpg\",\"datePublished\":\"2024-01-31T22:45:23+00:00\",\"description\":\"O premiado document\u00e1rio curta 'Kororo to Kokoro' (De Cora\u00e7\u00e3o a Cora\u00e7\u00e3o) ser\u00e1 exibido pela primeira vez na TV brasileira pelo Canal Brasil.\",\"breadcrumb\":{\"@id\":\"https:\\\/\\\/tsukianimes.com.br\\\/index.php\\\/2024\\\/01\\\/31\\\/curta-kokoro-to-kokoro-sera-exibido-pela-primeira-vez-no-brasil\\\/#breadcrumb\"},\"inLanguage\":\"pt-BR\",\"potentialAction\":[{\"@type\":\"ReadAction\",\"target\":[\"https:\\\/\\\/tsukianimes.com.br\\\/index.php\\\/2024\\\/01\\\/31\\\/curta-kokoro-to-kokoro-sera-exibido-pela-primeira-vez-no-brasil\\\/\"]}]},{\"@type\":\"ImageObject\",\"inLanguage\":\"pt-BR\",\"@id\":\"https:\\\/\\\/tsukianimes.com.br\\\/index.php\\\/2024\\\/01\\\/31\\\/curta-kokoro-to-kokoro-sera-exibido-pela-primeira-vez-no-brasil\\\/#primaryimage\",\"url\":\"https:\\\/\\\/tsukianimes.com.br\\\/wp-content\\\/uploads\\\/2024\\\/01\\\/kokorotokokoro.jpg\",\"contentUrl\":\"https:\\\/\\\/tsukianimes.com.br\\\/wp-content\\\/uploads\\\/2024\\\/01\\\/kokorotokokoro.jpg\",\"width\":651,\"height\":483,\"caption\":\"Kokoro to Kokoro\"},{\"@type\":\"BreadcrumbList\",\"@id\":\"https:\\\/\\\/tsukianimes.com.br\\\/index.php\\\/2024\\\/01\\\/31\\\/curta-kokoro-to-kokoro-sera-exibido-pela-primeira-vez-no-brasil\\\/#breadcrumb\",\"itemListElement\":[{\"@type\":\"ListItem\",\"position\":1,\"name\":\"In\u00edcio\",\"item\":\"https:\\\/\\\/tsukianimes.com.br\\\/\"},{\"@type\":\"ListItem\",\"position\":2,\"name\":\"Curta Kokoro to Kokoro ser\u00e1 exibido pela primeira vez no Brasil\"}]},{\"@type\":\"WebSite\",\"@id\":\"https:\\\/\\\/tsukianimes.com.br\\\/#website\",\"url\":\"https:\\\/\\\/tsukianimes.com.br\\\/\",\"name\":\"Tsuki Animes\",\"description\":\"\",\"publisher\":{\"@id\":\"https:\\\/\\\/tsukianimes.com.br\\\/#organization\"},\"potentialAction\":[{\"@type\":\"SearchAction\",\"target\":{\"@type\":\"EntryPoint\",\"urlTemplate\":\"https:\\\/\\\/tsukianimes.com.br\\\/?s={search_term_string}\"},\"query-input\":{\"@type\":\"PropertyValueSpecification\",\"valueRequired\":true,\"valueName\":\"search_term_string\"}}],\"inLanguage\":\"pt-BR\"},{\"@type\":\"Organization\",\"@id\":\"https:\\\/\\\/tsukianimes.com.br\\\/#organization\",\"name\":\"Tsuki Animes\",\"url\":\"https:\\\/\\\/tsukianimes.com.br\\\/\",\"logo\":{\"@type\":\"ImageObject\",\"inLanguage\":\"pt-BR\",\"@id\":\"https:\\\/\\\/tsukianimes.com.br\\\/#\\\/schema\\\/logo\\\/image\\\/\",\"url\":\"https:\\\/\\\/tsukianimes.com.br\\\/wp-content\\\/uploads\\\/2023\\\/06\\\/cropped-Ativo-4-1.png\",\"contentUrl\":\"https:\\\/\\\/tsukianimes.com.br\\\/wp-content\\\/uploads\\\/2023\\\/06\\\/cropped-Ativo-4-1.png\",\"width\":1314,\"height\":246,\"caption\":\"Tsuki Animes\"},\"image\":{\"@id\":\"https:\\\/\\\/tsukianimes.com.br\\\/#\\\/schema\\\/logo\\\/image\\\/\"}},{\"@type\":\"Person\",\"@id\":\"https:\\\/\\\/tsukianimes.com.br\\\/#\\\/schema\\\/person\\\/9e17947002e7239c44dbc8cf7674f0b1\",\"name\":\"tsukianimes.com.br\",\"image\":{\"@type\":\"ImageObject\",\"inLanguage\":\"pt-BR\",\"@id\":\"https:\\\/\\\/secure.gravatar.com\\\/avatar\\\/591a507b759fa000b57ae174373cfe3340385427fe67262e8cdd8072bc573b93?s=96&d=mm&r=g\",\"url\":\"https:\\\/\\\/secure.gravatar.com\\\/avatar\\\/591a507b759fa000b57ae174373cfe3340385427fe67262e8cdd8072bc573b93?s=96&d=mm&r=g\",\"contentUrl\":\"https:\\\/\\\/secure.gravatar.com\\\/avatar\\\/591a507b759fa000b57ae174373cfe3340385427fe67262e8cdd8072bc573b93?s=96&d=mm&r=g\",\"caption\":\"tsukianimes.com.br\"},\"sameAs\":[\"http:\\\/\\\/tsukianimes.com.br\"],\"url\":\"https:\\\/\\\/tsukianimes.com.br\\\/index.php\\\/author\\\/tsukianimes-com-br\\\/\"}]}<\/script>\n<!-- \/ Yoast SEO plugin. -->","yoast_head_json":{"title":"Curta Kokoro to Kokoro ser\u00e1 exibido pela primeira vez no Brasil - Tsuki Animes","description":"O premiado document\u00e1rio curta 'Kororo to Kokoro' (De Cora\u00e7\u00e3o a Cora\u00e7\u00e3o) ser\u00e1 exibido pela primeira vez na TV brasileira pelo Canal Brasil.","robots":{"index":"index","follow":"follow","max-snippet":"max-snippet:-1","max-image-preview":"max-image-preview:large","max-video-preview":"max-video-preview:-1"},"canonical":"https:\/\/tsukianimes.com.br\/index.php\/2024\/01\/31\/curta-kokoro-to-kokoro-sera-exibido-pela-primeira-vez-no-brasil\/","og_locale":"pt_BR","og_type":"article","og_title":"Curta Kokoro to Kokoro ser\u00e1 exibido pela primeira vez no Brasil","og_description":"Leia mais...","og_url":"https:\/\/tsukianimes.com.br\/index.php\/2024\/01\/31\/curta-kokoro-to-kokoro-sera-exibido-pela-primeira-vez-no-brasil\/","og_site_name":"Tsuki Animes","article_published_time":"2024-01-31T22:45:23+00:00","og_image":[{"width":651,"height":483,"url":"https:\/\/tsukianimes.com.br\/wp-content\/uploads\/2024\/01\/kokorotokokoro.jpg","type":"image\/jpeg"}],"author":"tsukianimes.com.br","twitter_card":"summary_large_image","twitter_misc":{"Escrito por":"tsukianimes.com.br","Est. tempo de leitura":"2 minutos"},"schema":{"@context":"https:\/\/schema.org","@graph":[{"@type":"Article","@id":"https:\/\/tsukianimes.com.br\/index.php\/2024\/01\/31\/curta-kokoro-to-kokoro-sera-exibido-pela-primeira-vez-no-brasil\/#article","isPartOf":{"@id":"https:\/\/tsukianimes.com.br\/index.php\/2024\/01\/31\/curta-kokoro-to-kokoro-sera-exibido-pela-primeira-vez-no-brasil\/"},"author":{"name":"tsukianimes.com.br","@id":"https:\/\/tsukianimes.com.br\/#\/schema\/person\/9e17947002e7239c44dbc8cf7674f0b1"},"headline":"Curta Kokoro to Kokoro ser\u00e1 exibido pela primeira vez no Brasil","datePublished":"2024-01-31T22:45:23+00:00","mainEntityOfPage":{"@id":"https:\/\/tsukianimes.com.br\/index.php\/2024\/01\/31\/curta-kokoro-to-kokoro-sera-exibido-pela-primeira-vez-no-brasil\/"},"wordCount":348,"commentCount":1,"publisher":{"@id":"https:\/\/tsukianimes.com.br\/#organization"},"image":{"@id":"https:\/\/tsukianimes.com.br\/index.php\/2024\/01\/31\/curta-kokoro-to-kokoro-sera-exibido-pela-primeira-vez-no-brasil\/#primaryimage"},"thumbnailUrl":"https:\/\/tsukianimes.com.br\/wp-content\/uploads\/2024\/01\/kokorotokokoro.jpg","keywords":["filmes","kokoro to kokoro"],"articleSection":["Filmes"],"inLanguage":"pt-BR","potentialAction":[{"@type":"CommentAction","name":"Comment","target":["https:\/\/tsukianimes.com.br\/index.php\/2024\/01\/31\/curta-kokoro-to-kokoro-sera-exibido-pela-primeira-vez-no-brasil\/#respond"]}]},{"@type":"WebPage","@id":"https:\/\/tsukianimes.com.br\/index.php\/2024\/01\/31\/curta-kokoro-to-kokoro-sera-exibido-pela-primeira-vez-no-brasil\/","url":"https:\/\/tsukianimes.com.br\/index.php\/2024\/01\/31\/curta-kokoro-to-kokoro-sera-exibido-pela-primeira-vez-no-brasil\/","name":"Curta Kokoro to Kokoro ser\u00e1 exibido pela primeira vez no Brasil - Tsuki Animes","isPartOf":{"@id":"https:\/\/tsukianimes.com.br\/#website"},"primaryImageOfPage":{"@id":"https:\/\/tsukianimes.com.br\/index.php\/2024\/01\/31\/curta-kokoro-to-kokoro-sera-exibido-pela-primeira-vez-no-brasil\/#primaryimage"},"image":{"@id":"https:\/\/tsukianimes.com.br\/index.php\/2024\/01\/31\/curta-kokoro-to-kokoro-sera-exibido-pela-primeira-vez-no-brasil\/#primaryimage"},"thumbnailUrl":"https:\/\/tsukianimes.com.br\/wp-content\/uploads\/2024\/01\/kokorotokokoro.jpg","datePublished":"2024-01-31T22:45:23+00:00","description":"O premiado document\u00e1rio curta 'Kororo to Kokoro' (De Cora\u00e7\u00e3o a Cora\u00e7\u00e3o) ser\u00e1 exibido pela primeira vez na TV brasileira pelo Canal Brasil.","breadcrumb":{"@id":"https:\/\/tsukianimes.com.br\/index.php\/2024\/01\/31\/curta-kokoro-to-kokoro-sera-exibido-pela-primeira-vez-no-brasil\/#breadcrumb"},"inLanguage":"pt-BR","potentialAction":[{"@type":"ReadAction","target":["https:\/\/tsukianimes.com.br\/index.php\/2024\/01\/31\/curta-kokoro-to-kokoro-sera-exibido-pela-primeira-vez-no-brasil\/"]}]},{"@type":"ImageObject","inLanguage":"pt-BR","@id":"https:\/\/tsukianimes.com.br\/index.php\/2024\/01\/31\/curta-kokoro-to-kokoro-sera-exibido-pela-primeira-vez-no-brasil\/#primaryimage","url":"https:\/\/tsukianimes.com.br\/wp-content\/uploads\/2024\/01\/kokorotokokoro.jpg","contentUrl":"https:\/\/tsukianimes.com.br\/wp-content\/uploads\/2024\/01\/kokorotokokoro.jpg","width":651,"height":483,"caption":"Kokoro to Kokoro"},{"@type":"BreadcrumbList","@id":"https:\/\/tsukianimes.com.br\/index.php\/2024\/01\/31\/curta-kokoro-to-kokoro-sera-exibido-pela-primeira-vez-no-brasil\/#breadcrumb","itemListElement":[{"@type":"ListItem","position":1,"name":"In\u00edcio","item":"https:\/\/tsukianimes.com.br\/"},{"@type":"ListItem","position":2,"name":"Curta Kokoro to Kokoro ser\u00e1 exibido pela primeira vez no Brasil"}]},{"@type":"WebSite","@id":"https:\/\/tsukianimes.com.br\/#website","url":"https:\/\/tsukianimes.com.br\/","name":"Tsuki Animes","description":"","publisher":{"@id":"https:\/\/tsukianimes.com.br\/#organization"},"potentialAction":[{"@type":"SearchAction","target":{"@type":"EntryPoint","urlTemplate":"https:\/\/tsukianimes.com.br\/?s={search_term_string}"},"query-input":{"@type":"PropertyValueSpecification","valueRequired":true,"valueName":"search_term_string"}}],"inLanguage":"pt-BR"},{"@type":"Organization","@id":"https:\/\/tsukianimes.com.br\/#organization","name":"Tsuki Animes","url":"https:\/\/tsukianimes.com.br\/","logo":{"@type":"ImageObject","inLanguage":"pt-BR","@id":"https:\/\/tsukianimes.com.br\/#\/schema\/logo\/image\/","url":"https:\/\/tsukianimes.com.br\/wp-content\/uploads\/2023\/06\/cropped-Ativo-4-1.png","contentUrl":"https:\/\/tsukianimes.com.br\/wp-content\/uploads\/2023\/06\/cropped-Ativo-4-1.png","width":1314,"height":246,"caption":"Tsuki Animes"},"image":{"@id":"https:\/\/tsukianimes.com.br\/#\/schema\/logo\/image\/"}},{"@type":"Person","@id":"https:\/\/tsukianimes.com.br\/#\/schema\/person\/9e17947002e7239c44dbc8cf7674f0b1","name":"tsukianimes.com.br","image":{"@type":"ImageObject","inLanguage":"pt-BR","@id":"https:\/\/secure.gravatar.com\/avatar\/591a507b759fa000b57ae174373cfe3340385427fe67262e8cdd8072bc573b93?s=96&d=mm&r=g","url":"https:\/\/secure.gravatar.com\/avatar\/591a507b759fa000b57ae174373cfe3340385427fe67262e8cdd8072bc573b93?s=96&d=mm&r=g","contentUrl":"https:\/\/secure.gravatar.com\/avatar\/591a507b759fa000b57ae174373cfe3340385427fe67262e8cdd8072bc573b93?s=96&d=mm&r=g","caption":"tsukianimes.com.br"},"sameAs":["http:\/\/tsukianimes.com.br"],"url":"https:\/\/tsukianimes.com.br\/index.php\/author\/tsukianimes-com-br\/"}]}},"amp_enabled":true,"_links":{"self":[{"href":"https:\/\/tsukianimes.com.br\/index.php\/wp-json\/wp\/v2\/posts\/946","targetHints":{"allow":["GET"]}}],"collection":[{"href":"https:\/\/tsukianimes.com.br\/index.php\/wp-json\/wp\/v2\/posts"}],"about":[{"href":"https:\/\/tsukianimes.com.br\/index.php\/wp-json\/wp\/v2\/types\/post"}],"author":[{"embeddable":true,"href":"https:\/\/tsukianimes.com.br\/index.php\/wp-json\/wp\/v2\/users\/1"}],"replies":[{"embeddable":true,"href":"https:\/\/tsukianimes.com.br\/index.php\/wp-json\/wp\/v2\/comments?post=946"}],"version-history":[{"count":2,"href":"https:\/\/tsukianimes.com.br\/index.php\/wp-json\/wp\/v2\/posts\/946\/revisions"}],"predecessor-version":[{"id":949,"href":"https:\/\/tsukianimes.com.br\/index.php\/wp-json\/wp\/v2\/posts\/946\/revisions\/949"}],"wp:featuredmedia":[{"embeddable":true,"href":"https:\/\/tsukianimes.com.br\/index.php\/wp-json\/wp\/v2\/media\/948"}],"wp:attachment":[{"href":"https:\/\/tsukianimes.com.br\/index.php\/wp-json\/wp\/v2\/media?parent=946"}],"wp:term":[{"taxonomy":"category","embeddable":true,"href":"https:\/\/tsukianimes.com.br\/index.php\/wp-json\/wp\/v2\/categories?post=946"},{"taxonomy":"post_tag","embeddable":true,"href":"https:\/\/tsukianimes.com.br\/index.php\/wp-json\/wp\/v2\/tags?post=946"}],"curies":[{"name":"wp","href":"https:\/\/api.w.org\/{rel}","templated":true}]}}