{"id":921,"date":"2024-01-23T22:19:17","date_gmt":"2024-01-24T01:19:17","guid":{"rendered":"https:\/\/tsukianimes.com.br\/?p=921"},"modified":"2024-01-23T22:19:17","modified_gmt":"2024-01-24T01:19:17","slug":"oscar-o-menino-e-a-garca-e-indicado-para-premio-de-melhor-animacao","status":"publish","type":"post","link":"https:\/\/tsukianimes.com.br\/index.php\/2024\/01\/23\/oscar-o-menino-e-a-garca-e-indicado-para-premio-de-melhor-animacao\/","title":{"rendered":"Oscar: O Menino e a Gar\u00e7a \u00e9 indicado para pr\u00eamio de Melhor Anima\u00e7\u00e3o"},"content":{"rendered":"<p>O filme &#8220;O Menino e a Gar\u00e7a&#8221; foi um dos indicados para o pr\u00eamio de Melhor Anima\u00e7\u00e3o do Oscar 2024. O longa vai competir com Elementos, Nimona, Robot Dreams e Homem-Aranha: Atrav\u00e9s do Aranhaverso pela premia\u00e7\u00e3o.<\/p>\n<blockquote class=\"twitter-tweet\" data-width=\"550\" data-dnt=\"true\">\n<p lang=\"en\" dir=\"ltr\">These nominees are an animated bunch. Presenting the Animated Feature film nominees\u2026 <a href=\"https:\/\/twitter.com\/hashtag\/Oscars?src=hash&amp;ref_src=twsrc%5Etfw\">#Oscars<\/a> <a href=\"https:\/\/t.co\/xrccP342Ji\">pic.twitter.com\/xrccP342Ji<\/a><\/p>\n<p>&mdash; The Academy (@TheAcademy) <a href=\"https:\/\/twitter.com\/TheAcademy\/status\/1749790284484129123?ref_src=twsrc%5Etfw\">January 23, 2024<\/a><\/p><\/blockquote>\n<p><script async src=\"https:\/\/platform.twitter.com\/widgets.js\" charset=\"utf-8\"><\/script><\/p>\n<p>N\u00e3o \u00e9 a primeira vez que o filme foi indicado a um dos pr\u00eamios da cr\u00edtica especializada do cinema. A produ\u00e7\u00e3o ganhou um Globo de Ouro de <a href=\"https:\/\/tsukianimes.com.br\/index.php\/2023\/12\/11\/globo-de-ouro-dois-animes-concorrem-ao-premio-de-melhor-filme-de-animacao\/\" target=\"_blank\" rel=\"noopener\">Melhor Filme de Anima\u00e7\u00e3o<\/a> j\u00e1 neste ano, sendo o primeiro longa n\u00e3o-angl\u00f3fono a levar essa categoria.<\/p>\n<p>&#8220;O Menino e a Gar\u00e7a&#8221; \u00e9 um filme dirigido e escrito por Hayao Miyazaki, com produ\u00e7\u00e3o do <a href=\"https:\/\/studioghibli.com.br\/filmografia\/o-menino-e-a-garca\/\" target=\"_blank\" rel=\"noopener\">Studio Ghibli<\/a>. O filme estreou nos cinemas em julho de 2023 e arrecadou, at\u00e9 o momento, US$159,6 milh\u00f5es, sendo um sucesso internacional.<\/p>\n<p>Baseado no livro de Genzaburo Yoshino de 1937, o longa conta a hist\u00f3ria de Mahito, um menino de 15 anos em uma jornada para descobrir o crescimento espiritual, a pobreza e o significado da vida com a ajuda de seu tio, cujo conselho \u00e9 comunicado a ele por um di\u00e1rio.<\/p>\n<p>Esse \u00e9 tido como \u00faltimo filme de Hayao Miyazaki, que j\u00e1 est\u00e1 com 82 anos de idade. Miyazaki \u00e9 uma figura importante do cinema japon\u00eas e de anima\u00e7\u00e3o, tendo dirigido o ic\u00f4nico &#8220;A Viagem de Chihiro&#8221;. Em 2014, o diretor ganhou um Oscar honor\u00e1rio por suas contribui\u00e7\u00f5es no campo da anima\u00e7\u00e3o.<\/p>\n<p><em>Foto: Reprodu\u00e7\u00e3o\/ Site oficial Studio Ghibli.<\/em><\/p>\n","protected":false},"excerpt":{"rendered":"<p>O filme &#8220;O Menino e a Gar\u00e7a&#8221; foi um dos indicados para o pr\u00eamio de Melhor Anima\u00e7\u00e3o do Oscar 2024. O longa vai competir com Elementos, Nimona, Robot Dreams e Homem-Aranha: Atrav\u00e9s do Aranhaverso pela premia\u00e7\u00e3o. These nominees are an animated bunch. Presenting the Animated Feature film nominees\u2026 #Oscars pic.twitter.com\/xrccP342Ji &mdash; The Academy (@TheAcademy) January &hellip; <\/p>\n","protected":false},"author":1,"featured_media":923,"comment_status":"open","ping_status":"open","sticky":false,"template":"","format":"standard","meta":{"om_disable_all_campaigns":false,"_monsterinsights_skip_tracking":false,"_monsterinsights_sitenote_active":false,"_monsterinsights_sitenote_note":"","_monsterinsights_sitenote_category":0,"_uf_show_specific_survey":0,"_uf_disable_surveys":false,"footnotes":""},"categories":[10],"tags":[11,172,173],"class_list":["post-921","post","type-post","status-publish","format-standard","has-post-thumbnail","hentry","category-filmes","tag-filmes","tag-o-menino-e-a-garca","tag-oscar","latest_post"],"yoast_head":"<!-- This site is optimized with the Yoast SEO plugin v27.4 - https:\/\/yoast.com\/product\/yoast-seo-wordpress\/ -->\n<title>O Menino e a Gar\u00e7a \u00e9 indicado para Oscar de Melhor Anima\u00e7\u00e3o<\/title>\n<meta name=\"description\" content=\"O filme &quot;O Menino e a Gar\u00e7a&quot; foi um dos indicados para o pr\u00eamio de Melhor Anima\u00e7\u00e3o do Oscar 2024. Longa j\u00e1 ganhou um Globo de Ouro.\" \/>\n<meta name=\"robots\" content=\"index, follow, max-snippet:-1, max-image-preview:large, max-video-preview:-1\" \/>\n<link rel=\"canonical\" href=\"https:\/\/tsukianimes.com.br\/index.php\/2024\/01\/23\/oscar-o-menino-e-a-garca-e-indicado-para-premio-de-melhor-animacao\/\" \/>\n<meta property=\"og:locale\" content=\"pt_BR\" \/>\n<meta property=\"og:type\" content=\"article\" \/>\n<meta property=\"og:title\" content=\"Oscar: O Menino e a Gar\u00e7a \u00e9 indicado para pr\u00eamio de Melhor Anima\u00e7\u00e3o\" \/>\n<meta property=\"og:description\" content=\"Leia mais...\" \/>\n<meta property=\"og:url\" content=\"https:\/\/tsukianimes.com.br\/index.php\/2024\/01\/23\/oscar-o-menino-e-a-garca-e-indicado-para-premio-de-melhor-animacao\/\" \/>\n<meta property=\"og:site_name\" content=\"Tsuki Animes\" \/>\n<meta property=\"article:published_time\" content=\"2024-01-24T01:19:17+00:00\" \/>\n<meta property=\"og:image\" content=\"https:\/\/tsukianimes.com.br\/wp-content\/uploads\/2024\/01\/Kimitachi-wa-Dou-Ikiru-ka-the-boy-and-the-heron.webp\" \/>\n\t<meta property=\"og:image:width\" content=\"848\" \/>\n\t<meta property=\"og:image:height\" content=\"1200\" \/>\n\t<meta property=\"og:image:type\" content=\"image\/webp\" \/>\n<meta name=\"author\" content=\"tsukianimes.com.br\" \/>\n<meta name=\"twitter:card\" content=\"summary_large_image\" \/>\n<meta name=\"twitter:label1\" content=\"Escrito por\" \/>\n\t<meta name=\"twitter:data1\" content=\"tsukianimes.com.br\" \/>\n\t<meta name=\"twitter:label2\" content=\"Est. tempo de leitura\" \/>\n\t<meta name=\"twitter:data2\" content=\"2 minutos\" \/>\n<script type=\"application\/ld+json\" class=\"yoast-schema-graph\">{\"@context\":\"https:\\\/\\\/schema.org\",\"@graph\":[{\"@type\":\"Article\",\"@id\":\"https:\\\/\\\/tsukianimes.com.br\\\/index.php\\\/2024\\\/01\\\/23\\\/oscar-o-menino-e-a-garca-e-indicado-para-premio-de-melhor-animacao\\\/#article\",\"isPartOf\":{\"@id\":\"https:\\\/\\\/tsukianimes.com.br\\\/index.php\\\/2024\\\/01\\\/23\\\/oscar-o-menino-e-a-garca-e-indicado-para-premio-de-melhor-animacao\\\/\"},\"author\":{\"name\":\"tsukianimes.com.br\",\"@id\":\"https:\\\/\\\/tsukianimes.com.br\\\/#\\\/schema\\\/person\\\/9e17947002e7239c44dbc8cf7674f0b1\"},\"headline\":\"Oscar: O Menino e a Gar\u00e7a \u00e9 indicado para pr\u00eamio de Melhor Anima\u00e7\u00e3o\",\"datePublished\":\"2024-01-24T01:19:17+00:00\",\"mainEntityOfPage\":{\"@id\":\"https:\\\/\\\/tsukianimes.com.br\\\/index.php\\\/2024\\\/01\\\/23\\\/oscar-o-menino-e-a-garca-e-indicado-para-premio-de-melhor-animacao\\\/\"},\"wordCount\":258,\"commentCount\":1,\"publisher\":{\"@id\":\"https:\\\/\\\/tsukianimes.com.br\\\/#organization\"},\"image\":{\"@id\":\"https:\\\/\\\/tsukianimes.com.br\\\/index.php\\\/2024\\\/01\\\/23\\\/oscar-o-menino-e-a-garca-e-indicado-para-premio-de-melhor-animacao\\\/#primaryimage\"},\"thumbnailUrl\":\"https:\\\/\\\/tsukianimes.com.br\\\/wp-content\\\/uploads\\\/2024\\\/01\\\/Kimitachi-wa-Dou-Ikiru-ka-the-boy-and-the-heron.webp\",\"keywords\":[\"filmes\",\"o menino e a gar\u00e7a\",\"oscar\"],\"articleSection\":[\"Filmes\"],\"inLanguage\":\"pt-BR\",\"potentialAction\":[{\"@type\":\"CommentAction\",\"name\":\"Comment\",\"target\":[\"https:\\\/\\\/tsukianimes.com.br\\\/index.php\\\/2024\\\/01\\\/23\\\/oscar-o-menino-e-a-garca-e-indicado-para-premio-de-melhor-animacao\\\/#respond\"]}]},{\"@type\":\"WebPage\",\"@id\":\"https:\\\/\\\/tsukianimes.com.br\\\/index.php\\\/2024\\\/01\\\/23\\\/oscar-o-menino-e-a-garca-e-indicado-para-premio-de-melhor-animacao\\\/\",\"url\":\"https:\\\/\\\/tsukianimes.com.br\\\/index.php\\\/2024\\\/01\\\/23\\\/oscar-o-menino-e-a-garca-e-indicado-para-premio-de-melhor-animacao\\\/\",\"name\":\"O Menino e a Gar\u00e7a \u00e9 indicado para Oscar de Melhor Anima\u00e7\u00e3o\",\"isPartOf\":{\"@id\":\"https:\\\/\\\/tsukianimes.com.br\\\/#website\"},\"primaryImageOfPage\":{\"@id\":\"https:\\\/\\\/tsukianimes.com.br\\\/index.php\\\/2024\\\/01\\\/23\\\/oscar-o-menino-e-a-garca-e-indicado-para-premio-de-melhor-animacao\\\/#primaryimage\"},\"image\":{\"@id\":\"https:\\\/\\\/tsukianimes.com.br\\\/index.php\\\/2024\\\/01\\\/23\\\/oscar-o-menino-e-a-garca-e-indicado-para-premio-de-melhor-animacao\\\/#primaryimage\"},\"thumbnailUrl\":\"https:\\\/\\\/tsukianimes.com.br\\\/wp-content\\\/uploads\\\/2024\\\/01\\\/Kimitachi-wa-Dou-Ikiru-ka-the-boy-and-the-heron.webp\",\"datePublished\":\"2024-01-24T01:19:17+00:00\",\"description\":\"O filme \\\"O Menino e a Gar\u00e7a\\\" foi um dos indicados para o pr\u00eamio de Melhor Anima\u00e7\u00e3o do Oscar 2024. Longa j\u00e1 ganhou um Globo de Ouro.\",\"breadcrumb\":{\"@id\":\"https:\\\/\\\/tsukianimes.com.br\\\/index.php\\\/2024\\\/01\\\/23\\\/oscar-o-menino-e-a-garca-e-indicado-para-premio-de-melhor-animacao\\\/#breadcrumb\"},\"inLanguage\":\"pt-BR\",\"potentialAction\":[{\"@type\":\"ReadAction\",\"target\":[\"https:\\\/\\\/tsukianimes.com.br\\\/index.php\\\/2024\\\/01\\\/23\\\/oscar-o-menino-e-a-garca-e-indicado-para-premio-de-melhor-animacao\\\/\"]}]},{\"@type\":\"ImageObject\",\"inLanguage\":\"pt-BR\",\"@id\":\"https:\\\/\\\/tsukianimes.com.br\\\/index.php\\\/2024\\\/01\\\/23\\\/oscar-o-menino-e-a-garca-e-indicado-para-premio-de-melhor-animacao\\\/#primaryimage\",\"url\":\"https:\\\/\\\/tsukianimes.com.br\\\/wp-content\\\/uploads\\\/2024\\\/01\\\/Kimitachi-wa-Dou-Ikiru-ka-the-boy-and-the-heron.webp\",\"contentUrl\":\"https:\\\/\\\/tsukianimes.com.br\\\/wp-content\\\/uploads\\\/2024\\\/01\\\/Kimitachi-wa-Dou-Ikiru-ka-the-boy-and-the-heron.webp\",\"width\":848,\"height\":1200,\"caption\":\"O Menino e a Gar\u00e7a\"},{\"@type\":\"BreadcrumbList\",\"@id\":\"https:\\\/\\\/tsukianimes.com.br\\\/index.php\\\/2024\\\/01\\\/23\\\/oscar-o-menino-e-a-garca-e-indicado-para-premio-de-melhor-animacao\\\/#breadcrumb\",\"itemListElement\":[{\"@type\":\"ListItem\",\"position\":1,\"name\":\"In\u00edcio\",\"item\":\"https:\\\/\\\/tsukianimes.com.br\\\/\"},{\"@type\":\"ListItem\",\"position\":2,\"name\":\"Oscar: O Menino e a Gar\u00e7a \u00e9 indicado para pr\u00eamio de Melhor Anima\u00e7\u00e3o\"}]},{\"@type\":\"WebSite\",\"@id\":\"https:\\\/\\\/tsukianimes.com.br\\\/#website\",\"url\":\"https:\\\/\\\/tsukianimes.com.br\\\/\",\"name\":\"Tsuki Animes\",\"description\":\"\",\"publisher\":{\"@id\":\"https:\\\/\\\/tsukianimes.com.br\\\/#organization\"},\"potentialAction\":[{\"@type\":\"SearchAction\",\"target\":{\"@type\":\"EntryPoint\",\"urlTemplate\":\"https:\\\/\\\/tsukianimes.com.br\\\/?s={search_term_string}\"},\"query-input\":{\"@type\":\"PropertyValueSpecification\",\"valueRequired\":true,\"valueName\":\"search_term_string\"}}],\"inLanguage\":\"pt-BR\"},{\"@type\":\"Organization\",\"@id\":\"https:\\\/\\\/tsukianimes.com.br\\\/#organization\",\"name\":\"Tsuki Animes\",\"url\":\"https:\\\/\\\/tsukianimes.com.br\\\/\",\"logo\":{\"@type\":\"ImageObject\",\"inLanguage\":\"pt-BR\",\"@id\":\"https:\\\/\\\/tsukianimes.com.br\\\/#\\\/schema\\\/logo\\\/image\\\/\",\"url\":\"https:\\\/\\\/tsukianimes.com.br\\\/wp-content\\\/uploads\\\/2023\\\/06\\\/cropped-Ativo-4-1.png\",\"contentUrl\":\"https:\\\/\\\/tsukianimes.com.br\\\/wp-content\\\/uploads\\\/2023\\\/06\\\/cropped-Ativo-4-1.png\",\"width\":1314,\"height\":246,\"caption\":\"Tsuki Animes\"},\"image\":{\"@id\":\"https:\\\/\\\/tsukianimes.com.br\\\/#\\\/schema\\\/logo\\\/image\\\/\"}},{\"@type\":\"Person\",\"@id\":\"https:\\\/\\\/tsukianimes.com.br\\\/#\\\/schema\\\/person\\\/9e17947002e7239c44dbc8cf7674f0b1\",\"name\":\"tsukianimes.com.br\",\"image\":{\"@type\":\"ImageObject\",\"inLanguage\":\"pt-BR\",\"@id\":\"https:\\\/\\\/secure.gravatar.com\\\/avatar\\\/591a507b759fa000b57ae174373cfe3340385427fe67262e8cdd8072bc573b93?s=96&d=mm&r=g\",\"url\":\"https:\\\/\\\/secure.gravatar.com\\\/avatar\\\/591a507b759fa000b57ae174373cfe3340385427fe67262e8cdd8072bc573b93?s=96&d=mm&r=g\",\"contentUrl\":\"https:\\\/\\\/secure.gravatar.com\\\/avatar\\\/591a507b759fa000b57ae174373cfe3340385427fe67262e8cdd8072bc573b93?s=96&d=mm&r=g\",\"caption\":\"tsukianimes.com.br\"},\"sameAs\":[\"http:\\\/\\\/tsukianimes.com.br\"],\"url\":\"https:\\\/\\\/tsukianimes.com.br\\\/index.php\\\/author\\\/tsukianimes-com-br\\\/\"}]}<\/script>\n<!-- \/ Yoast SEO plugin. -->","yoast_head_json":{"title":"O Menino e a Gar\u00e7a \u00e9 indicado para Oscar de Melhor Anima\u00e7\u00e3o","description":"O filme \"O Menino e a Gar\u00e7a\" foi um dos indicados para o pr\u00eamio de Melhor Anima\u00e7\u00e3o do Oscar 2024. Longa j\u00e1 ganhou um Globo de Ouro.","robots":{"index":"index","follow":"follow","max-snippet":"max-snippet:-1","max-image-preview":"max-image-preview:large","max-video-preview":"max-video-preview:-1"},"canonical":"https:\/\/tsukianimes.com.br\/index.php\/2024\/01\/23\/oscar-o-menino-e-a-garca-e-indicado-para-premio-de-melhor-animacao\/","og_locale":"pt_BR","og_type":"article","og_title":"Oscar: O Menino e a Gar\u00e7a \u00e9 indicado para pr\u00eamio de Melhor Anima\u00e7\u00e3o","og_description":"Leia mais...","og_url":"https:\/\/tsukianimes.com.br\/index.php\/2024\/01\/23\/oscar-o-menino-e-a-garca-e-indicado-para-premio-de-melhor-animacao\/","og_site_name":"Tsuki Animes","article_published_time":"2024-01-24T01:19:17+00:00","og_image":[{"width":848,"height":1200,"url":"https:\/\/tsukianimes.com.br\/wp-content\/uploads\/2024\/01\/Kimitachi-wa-Dou-Ikiru-ka-the-boy-and-the-heron.webp","type":"image\/webp"}],"author":"tsukianimes.com.br","twitter_card":"summary_large_image","twitter_misc":{"Escrito por":"tsukianimes.com.br","Est. tempo de leitura":"2 minutos"},"schema":{"@context":"https:\/\/schema.org","@graph":[{"@type":"Article","@id":"https:\/\/tsukianimes.com.br\/index.php\/2024\/01\/23\/oscar-o-menino-e-a-garca-e-indicado-para-premio-de-melhor-animacao\/#article","isPartOf":{"@id":"https:\/\/tsukianimes.com.br\/index.php\/2024\/01\/23\/oscar-o-menino-e-a-garca-e-indicado-para-premio-de-melhor-animacao\/"},"author":{"name":"tsukianimes.com.br","@id":"https:\/\/tsukianimes.com.br\/#\/schema\/person\/9e17947002e7239c44dbc8cf7674f0b1"},"headline":"Oscar: O Menino e a Gar\u00e7a \u00e9 indicado para pr\u00eamio de Melhor Anima\u00e7\u00e3o","datePublished":"2024-01-24T01:19:17+00:00","mainEntityOfPage":{"@id":"https:\/\/tsukianimes.com.br\/index.php\/2024\/01\/23\/oscar-o-menino-e-a-garca-e-indicado-para-premio-de-melhor-animacao\/"},"wordCount":258,"commentCount":1,"publisher":{"@id":"https:\/\/tsukianimes.com.br\/#organization"},"image":{"@id":"https:\/\/tsukianimes.com.br\/index.php\/2024\/01\/23\/oscar-o-menino-e-a-garca-e-indicado-para-premio-de-melhor-animacao\/#primaryimage"},"thumbnailUrl":"https:\/\/tsukianimes.com.br\/wp-content\/uploads\/2024\/01\/Kimitachi-wa-Dou-Ikiru-ka-the-boy-and-the-heron.webp","keywords":["filmes","o menino e a gar\u00e7a","oscar"],"articleSection":["Filmes"],"inLanguage":"pt-BR","potentialAction":[{"@type":"CommentAction","name":"Comment","target":["https:\/\/tsukianimes.com.br\/index.php\/2024\/01\/23\/oscar-o-menino-e-a-garca-e-indicado-para-premio-de-melhor-animacao\/#respond"]}]},{"@type":"WebPage","@id":"https:\/\/tsukianimes.com.br\/index.php\/2024\/01\/23\/oscar-o-menino-e-a-garca-e-indicado-para-premio-de-melhor-animacao\/","url":"https:\/\/tsukianimes.com.br\/index.php\/2024\/01\/23\/oscar-o-menino-e-a-garca-e-indicado-para-premio-de-melhor-animacao\/","name":"O Menino e a Gar\u00e7a \u00e9 indicado para Oscar de Melhor Anima\u00e7\u00e3o","isPartOf":{"@id":"https:\/\/tsukianimes.com.br\/#website"},"primaryImageOfPage":{"@id":"https:\/\/tsukianimes.com.br\/index.php\/2024\/01\/23\/oscar-o-menino-e-a-garca-e-indicado-para-premio-de-melhor-animacao\/#primaryimage"},"image":{"@id":"https:\/\/tsukianimes.com.br\/index.php\/2024\/01\/23\/oscar-o-menino-e-a-garca-e-indicado-para-premio-de-melhor-animacao\/#primaryimage"},"thumbnailUrl":"https:\/\/tsukianimes.com.br\/wp-content\/uploads\/2024\/01\/Kimitachi-wa-Dou-Ikiru-ka-the-boy-and-the-heron.webp","datePublished":"2024-01-24T01:19:17+00:00","description":"O filme \"O Menino e a Gar\u00e7a\" foi um dos indicados para o pr\u00eamio de Melhor Anima\u00e7\u00e3o do Oscar 2024. Longa j\u00e1 ganhou um Globo de Ouro.","breadcrumb":{"@id":"https:\/\/tsukianimes.com.br\/index.php\/2024\/01\/23\/oscar-o-menino-e-a-garca-e-indicado-para-premio-de-melhor-animacao\/#breadcrumb"},"inLanguage":"pt-BR","potentialAction":[{"@type":"ReadAction","target":["https:\/\/tsukianimes.com.br\/index.php\/2024\/01\/23\/oscar-o-menino-e-a-garca-e-indicado-para-premio-de-melhor-animacao\/"]}]},{"@type":"ImageObject","inLanguage":"pt-BR","@id":"https:\/\/tsukianimes.com.br\/index.php\/2024\/01\/23\/oscar-o-menino-e-a-garca-e-indicado-para-premio-de-melhor-animacao\/#primaryimage","url":"https:\/\/tsukianimes.com.br\/wp-content\/uploads\/2024\/01\/Kimitachi-wa-Dou-Ikiru-ka-the-boy-and-the-heron.webp","contentUrl":"https:\/\/tsukianimes.com.br\/wp-content\/uploads\/2024\/01\/Kimitachi-wa-Dou-Ikiru-ka-the-boy-and-the-heron.webp","width":848,"height":1200,"caption":"O Menino e a Gar\u00e7a"},{"@type":"BreadcrumbList","@id":"https:\/\/tsukianimes.com.br\/index.php\/2024\/01\/23\/oscar-o-menino-e-a-garca-e-indicado-para-premio-de-melhor-animacao\/#breadcrumb","itemListElement":[{"@type":"ListItem","position":1,"name":"In\u00edcio","item":"https:\/\/tsukianimes.com.br\/"},{"@type":"ListItem","position":2,"name":"Oscar: O Menino e a Gar\u00e7a \u00e9 indicado para pr\u00eamio de Melhor Anima\u00e7\u00e3o"}]},{"@type":"WebSite","@id":"https:\/\/tsukianimes.com.br\/#website","url":"https:\/\/tsukianimes.com.br\/","name":"Tsuki Animes","description":"","publisher":{"@id":"https:\/\/tsukianimes.com.br\/#organization"},"potentialAction":[{"@type":"SearchAction","target":{"@type":"EntryPoint","urlTemplate":"https:\/\/tsukianimes.com.br\/?s={search_term_string}"},"query-input":{"@type":"PropertyValueSpecification","valueRequired":true,"valueName":"search_term_string"}}],"inLanguage":"pt-BR"},{"@type":"Organization","@id":"https:\/\/tsukianimes.com.br\/#organization","name":"Tsuki Animes","url":"https:\/\/tsukianimes.com.br\/","logo":{"@type":"ImageObject","inLanguage":"pt-BR","@id":"https:\/\/tsukianimes.com.br\/#\/schema\/logo\/image\/","url":"https:\/\/tsukianimes.com.br\/wp-content\/uploads\/2023\/06\/cropped-Ativo-4-1.png","contentUrl":"https:\/\/tsukianimes.com.br\/wp-content\/uploads\/2023\/06\/cropped-Ativo-4-1.png","width":1314,"height":246,"caption":"Tsuki Animes"},"image":{"@id":"https:\/\/tsukianimes.com.br\/#\/schema\/logo\/image\/"}},{"@type":"Person","@id":"https:\/\/tsukianimes.com.br\/#\/schema\/person\/9e17947002e7239c44dbc8cf7674f0b1","name":"tsukianimes.com.br","image":{"@type":"ImageObject","inLanguage":"pt-BR","@id":"https:\/\/secure.gravatar.com\/avatar\/591a507b759fa000b57ae174373cfe3340385427fe67262e8cdd8072bc573b93?s=96&d=mm&r=g","url":"https:\/\/secure.gravatar.com\/avatar\/591a507b759fa000b57ae174373cfe3340385427fe67262e8cdd8072bc573b93?s=96&d=mm&r=g","contentUrl":"https:\/\/secure.gravatar.com\/avatar\/591a507b759fa000b57ae174373cfe3340385427fe67262e8cdd8072bc573b93?s=96&d=mm&r=g","caption":"tsukianimes.com.br"},"sameAs":["http:\/\/tsukianimes.com.br"],"url":"https:\/\/tsukianimes.com.br\/index.php\/author\/tsukianimes-com-br\/"}]}},"amp_enabled":true,"_links":{"self":[{"href":"https:\/\/tsukianimes.com.br\/index.php\/wp-json\/wp\/v2\/posts\/921","targetHints":{"allow":["GET"]}}],"collection":[{"href":"https:\/\/tsukianimes.com.br\/index.php\/wp-json\/wp\/v2\/posts"}],"about":[{"href":"https:\/\/tsukianimes.com.br\/index.php\/wp-json\/wp\/v2\/types\/post"}],"author":[{"embeddable":true,"href":"https:\/\/tsukianimes.com.br\/index.php\/wp-json\/wp\/v2\/users\/1"}],"replies":[{"embeddable":true,"href":"https:\/\/tsukianimes.com.br\/index.php\/wp-json\/wp\/v2\/comments?post=921"}],"version-history":[{"count":2,"href":"https:\/\/tsukianimes.com.br\/index.php\/wp-json\/wp\/v2\/posts\/921\/revisions"}],"predecessor-version":[{"id":924,"href":"https:\/\/tsukianimes.com.br\/index.php\/wp-json\/wp\/v2\/posts\/921\/revisions\/924"}],"wp:featuredmedia":[{"embeddable":true,"href":"https:\/\/tsukianimes.com.br\/index.php\/wp-json\/wp\/v2\/media\/923"}],"wp:attachment":[{"href":"https:\/\/tsukianimes.com.br\/index.php\/wp-json\/wp\/v2\/media?parent=921"}],"wp:term":[{"taxonomy":"category","embeddable":true,"href":"https:\/\/tsukianimes.com.br\/index.php\/wp-json\/wp\/v2\/categories?post=921"},{"taxonomy":"post_tag","embeddable":true,"href":"https:\/\/tsukianimes.com.br\/index.php\/wp-json\/wp\/v2\/tags?post=921"}],"curies":[{"name":"wp","href":"https:\/\/api.w.org\/{rel}","templated":true}]}}