{"id":780,"date":"2023-11-16T22:22:56","date_gmt":"2023-11-17T01:22:56","guid":{"rendered":"https:\/\/tsukianimes.com.br\/?p=780"},"modified":"2023-11-16T22:22:56","modified_gmt":"2023-11-17T01:22:56","slug":"o-verao-em-que-hikaru-morreu-ganha-light-novel","status":"publish","type":"post","link":"https:\/\/tsukianimes.com.br\/index.php\/2023\/11\/16\/o-verao-em-que-hikaru-morreu-ganha-light-novel\/","title":{"rendered":"O Ver\u00e3o em que Hikaru Morreu ganha light novel"},"content":{"rendered":"<p>O mang\u00e1 de terror O Ver\u00e3o em que Hikaru Morreu vai ganhar uma serializa\u00e7\u00e3o no formato light novel. A informa\u00e7\u00e3o foi revelada na \u00faltima ter\u00e7a-feira (14) pela editora Kadokawa Shoten, que tamb\u00e9m publica os tankohons da obra. As novels ser\u00e3o comercializadas a partir de dezembro pelo valor de 990 ienes, equivalente a 32 reais na cota\u00e7\u00e3o atual. N\u00e3o h\u00e1 previs\u00e3o de comercializa\u00e7\u00e3o da novel no Brasil.<\/p>\n<p>A obra \u00e9 escrita e ilustrada pelo mangak\u00e1 Mokumokuren desde 2021 na revista Young Ace Up. At\u00e9 o momento, foram serializados 3 tankohons do mang\u00e1, que acompanha a rotina de dois amigos em uma pequena cidade rural japonesa. Yoshiki acha que Hikaru, seu colega, morreu ap\u00f3s um acidente e foi substitu\u00eddo por outro ser. Al\u00e9m disso, acontecimentos sobrenaturais circulam a dupla de amigos.<\/p>\n<p>No Brasil, o mang\u00e1 \u00e9 publicado pela <a href=\"https:\/\/panini.com.br\/o-verao-em-que-hikaru-morreu-01\" target=\"_blank\" rel=\"noopener\">Panini<\/a>.<\/p>\n<p><em>Foto: Reprodu\u00e7\u00e3o\/ Site oficial Kadokawa.<\/em><\/p>\n<p><strong>Mais em Light Novels:<\/strong><\/p>\n<p><a href=\"https:\/\/tsukianimes.com.br\/index.php\/2023\/10\/16\/chillin-in-another-world-with-level-2-super-cheat-powers-ganha-anime\/\" target=\"_blank\" rel=\"noopener\">Chillin\u2019 in Another World with Level 2 Super Cheat Powers ganha adapta\u00e7\u00e3o em anime<\/a><\/p>\n","protected":false},"excerpt":{"rendered":"<p>O mang\u00e1 de terror O Ver\u00e3o em que Hikaru Morreu vai ganhar uma serializa\u00e7\u00e3o no formato light novel. A informa\u00e7\u00e3o foi revelada na \u00faltima ter\u00e7a-feira (14) pela editora Kadokawa Shoten, que tamb\u00e9m publica os tankohons da obra. As novels ser\u00e3o comercializadas a partir de dezembro pelo valor de 990 ienes, equivalente a 32 reais na &hellip; <\/p>\n","protected":false},"author":1,"featured_media":782,"comment_status":"open","ping_status":"open","sticky":false,"template":"","format":"standard","meta":{"om_disable_all_campaigns":false,"_monsterinsights_skip_tracking":false,"_monsterinsights_sitenote_active":false,"_monsterinsights_sitenote_note":"","_monsterinsights_sitenote_category":0,"_uf_show_specific_survey":0,"_uf_disable_surveys":false,"footnotes":""},"categories":[35],"tags":[36,154],"class_list":["post-780","post","type-post","status-publish","format-standard","has-post-thumbnail","hentry","category-light-novels","tag-light-novels","tag-the-summer-hikaru-died","latest_post"],"yoast_head":"<!-- This site is optimized with the Yoast SEO plugin v27.4 - https:\/\/yoast.com\/product\/yoast-seo-wordpress\/ -->\n<title>O Ver\u00e3o em que Hikaru Morreu ganha light novel - Tsuki Animes<\/title>\n<meta name=\"description\" content=\"O mang\u00e1 de terror O Ver\u00e3o em que Hikaru Morreu vai ganhar uma serializa\u00e7\u00e3o no formato light novel.\" \/>\n<meta name=\"robots\" content=\"index, follow, max-snippet:-1, max-image-preview:large, max-video-preview:-1\" \/>\n<link rel=\"canonical\" href=\"https:\/\/tsukianimes.com.br\/index.php\/2023\/11\/16\/o-verao-em-que-hikaru-morreu-ganha-light-novel\/\" \/>\n<meta property=\"og:locale\" content=\"pt_BR\" \/>\n<meta property=\"og:type\" content=\"article\" \/>\n<meta property=\"og:title\" content=\"O Ver\u00e3o em que Hikaru Morreu ganha light novel\" \/>\n<meta property=\"og:description\" content=\"Leia mais...\" \/>\n<meta property=\"og:url\" content=\"https:\/\/tsukianimes.com.br\/index.php\/2023\/11\/16\/o-verao-em-que-hikaru-morreu-ganha-light-novel\/\" \/>\n<meta property=\"og:site_name\" content=\"Tsuki Animes\" \/>\n<meta property=\"article:published_time\" content=\"2023-11-17T01:22:56+00:00\" \/>\n<meta property=\"og:image\" content=\"https:\/\/tsukianimes.com.br\/wp-content\/uploads\/2023\/11\/322304000550.jpg\" \/>\n\t<meta property=\"og:image:width\" content=\"352\" \/>\n\t<meta property=\"og:image:height\" content=\"500\" \/>\n\t<meta property=\"og:image:type\" content=\"image\/jpeg\" \/>\n<meta name=\"author\" content=\"tsukianimes.com.br\" \/>\n<meta name=\"twitter:card\" content=\"summary_large_image\" \/>\n<meta name=\"twitter:label1\" content=\"Escrito por\" \/>\n\t<meta name=\"twitter:data1\" content=\"tsukianimes.com.br\" \/>\n\t<meta name=\"twitter:label2\" content=\"Est. tempo de leitura\" \/>\n\t<meta name=\"twitter:data2\" content=\"1 minuto\" \/>\n<script type=\"application\/ld+json\" class=\"yoast-schema-graph\">{\"@context\":\"https:\\\/\\\/schema.org\",\"@graph\":[{\"@type\":\"Article\",\"@id\":\"https:\\\/\\\/tsukianimes.com.br\\\/index.php\\\/2023\\\/11\\\/16\\\/o-verao-em-que-hikaru-morreu-ganha-light-novel\\\/#article\",\"isPartOf\":{\"@id\":\"https:\\\/\\\/tsukianimes.com.br\\\/index.php\\\/2023\\\/11\\\/16\\\/o-verao-em-que-hikaru-morreu-ganha-light-novel\\\/\"},\"author\":{\"name\":\"tsukianimes.com.br\",\"@id\":\"https:\\\/\\\/tsukianimes.com.br\\\/#\\\/schema\\\/person\\\/9e17947002e7239c44dbc8cf7674f0b1\"},\"headline\":\"O Ver\u00e3o em que Hikaru Morreu ganha light novel\",\"datePublished\":\"2023-11-17T01:22:56+00:00\",\"mainEntityOfPage\":{\"@id\":\"https:\\\/\\\/tsukianimes.com.br\\\/index.php\\\/2023\\\/11\\\/16\\\/o-verao-em-que-hikaru-morreu-ganha-light-novel\\\/\"},\"wordCount\":177,\"commentCount\":0,\"publisher\":{\"@id\":\"https:\\\/\\\/tsukianimes.com.br\\\/#organization\"},\"image\":{\"@id\":\"https:\\\/\\\/tsukianimes.com.br\\\/index.php\\\/2023\\\/11\\\/16\\\/o-verao-em-que-hikaru-morreu-ganha-light-novel\\\/#primaryimage\"},\"thumbnailUrl\":\"https:\\\/\\\/tsukianimes.com.br\\\/wp-content\\\/uploads\\\/2023\\\/11\\\/322304000550.jpg\",\"keywords\":[\"light novels\",\"the summer hikaru died\"],\"articleSection\":[\"Light Novels\"],\"inLanguage\":\"pt-BR\",\"potentialAction\":[{\"@type\":\"CommentAction\",\"name\":\"Comment\",\"target\":[\"https:\\\/\\\/tsukianimes.com.br\\\/index.php\\\/2023\\\/11\\\/16\\\/o-verao-em-que-hikaru-morreu-ganha-light-novel\\\/#respond\"]}]},{\"@type\":\"WebPage\",\"@id\":\"https:\\\/\\\/tsukianimes.com.br\\\/index.php\\\/2023\\\/11\\\/16\\\/o-verao-em-que-hikaru-morreu-ganha-light-novel\\\/\",\"url\":\"https:\\\/\\\/tsukianimes.com.br\\\/index.php\\\/2023\\\/11\\\/16\\\/o-verao-em-que-hikaru-morreu-ganha-light-novel\\\/\",\"name\":\"O Ver\u00e3o em que Hikaru Morreu ganha light novel - Tsuki Animes\",\"isPartOf\":{\"@id\":\"https:\\\/\\\/tsukianimes.com.br\\\/#website\"},\"primaryImageOfPage\":{\"@id\":\"https:\\\/\\\/tsukianimes.com.br\\\/index.php\\\/2023\\\/11\\\/16\\\/o-verao-em-que-hikaru-morreu-ganha-light-novel\\\/#primaryimage\"},\"image\":{\"@id\":\"https:\\\/\\\/tsukianimes.com.br\\\/index.php\\\/2023\\\/11\\\/16\\\/o-verao-em-que-hikaru-morreu-ganha-light-novel\\\/#primaryimage\"},\"thumbnailUrl\":\"https:\\\/\\\/tsukianimes.com.br\\\/wp-content\\\/uploads\\\/2023\\\/11\\\/322304000550.jpg\",\"datePublished\":\"2023-11-17T01:22:56+00:00\",\"description\":\"O mang\u00e1 de terror O Ver\u00e3o em que Hikaru Morreu vai ganhar uma serializa\u00e7\u00e3o no formato light novel.\",\"breadcrumb\":{\"@id\":\"https:\\\/\\\/tsukianimes.com.br\\\/index.php\\\/2023\\\/11\\\/16\\\/o-verao-em-que-hikaru-morreu-ganha-light-novel\\\/#breadcrumb\"},\"inLanguage\":\"pt-BR\",\"potentialAction\":[{\"@type\":\"ReadAction\",\"target\":[\"https:\\\/\\\/tsukianimes.com.br\\\/index.php\\\/2023\\\/11\\\/16\\\/o-verao-em-que-hikaru-morreu-ganha-light-novel\\\/\"]}]},{\"@type\":\"ImageObject\",\"inLanguage\":\"pt-BR\",\"@id\":\"https:\\\/\\\/tsukianimes.com.br\\\/index.php\\\/2023\\\/11\\\/16\\\/o-verao-em-que-hikaru-morreu-ganha-light-novel\\\/#primaryimage\",\"url\":\"https:\\\/\\\/tsukianimes.com.br\\\/wp-content\\\/uploads\\\/2023\\\/11\\\/322304000550.jpg\",\"contentUrl\":\"https:\\\/\\\/tsukianimes.com.br\\\/wp-content\\\/uploads\\\/2023\\\/11\\\/322304000550.jpg\",\"width\":352,\"height\":500,\"caption\":\"O Ver\u00e3o em que Hikaru Morreu light novel\"},{\"@type\":\"BreadcrumbList\",\"@id\":\"https:\\\/\\\/tsukianimes.com.br\\\/index.php\\\/2023\\\/11\\\/16\\\/o-verao-em-que-hikaru-morreu-ganha-light-novel\\\/#breadcrumb\",\"itemListElement\":[{\"@type\":\"ListItem\",\"position\":1,\"name\":\"In\u00edcio\",\"item\":\"https:\\\/\\\/tsukianimes.com.br\\\/\"},{\"@type\":\"ListItem\",\"position\":2,\"name\":\"O Ver\u00e3o em que Hikaru Morreu ganha light novel\"}]},{\"@type\":\"WebSite\",\"@id\":\"https:\\\/\\\/tsukianimes.com.br\\\/#website\",\"url\":\"https:\\\/\\\/tsukianimes.com.br\\\/\",\"name\":\"Tsuki Animes\",\"description\":\"\",\"publisher\":{\"@id\":\"https:\\\/\\\/tsukianimes.com.br\\\/#organization\"},\"potentialAction\":[{\"@type\":\"SearchAction\",\"target\":{\"@type\":\"EntryPoint\",\"urlTemplate\":\"https:\\\/\\\/tsukianimes.com.br\\\/?s={search_term_string}\"},\"query-input\":{\"@type\":\"PropertyValueSpecification\",\"valueRequired\":true,\"valueName\":\"search_term_string\"}}],\"inLanguage\":\"pt-BR\"},{\"@type\":\"Organization\",\"@id\":\"https:\\\/\\\/tsukianimes.com.br\\\/#organization\",\"name\":\"Tsuki Animes\",\"url\":\"https:\\\/\\\/tsukianimes.com.br\\\/\",\"logo\":{\"@type\":\"ImageObject\",\"inLanguage\":\"pt-BR\",\"@id\":\"https:\\\/\\\/tsukianimes.com.br\\\/#\\\/schema\\\/logo\\\/image\\\/\",\"url\":\"https:\\\/\\\/tsukianimes.com.br\\\/wp-content\\\/uploads\\\/2023\\\/06\\\/cropped-Ativo-4-1.png\",\"contentUrl\":\"https:\\\/\\\/tsukianimes.com.br\\\/wp-content\\\/uploads\\\/2023\\\/06\\\/cropped-Ativo-4-1.png\",\"width\":1314,\"height\":246,\"caption\":\"Tsuki Animes\"},\"image\":{\"@id\":\"https:\\\/\\\/tsukianimes.com.br\\\/#\\\/schema\\\/logo\\\/image\\\/\"}},{\"@type\":\"Person\",\"@id\":\"https:\\\/\\\/tsukianimes.com.br\\\/#\\\/schema\\\/person\\\/9e17947002e7239c44dbc8cf7674f0b1\",\"name\":\"tsukianimes.com.br\",\"image\":{\"@type\":\"ImageObject\",\"inLanguage\":\"pt-BR\",\"@id\":\"https:\\\/\\\/secure.gravatar.com\\\/avatar\\\/591a507b759fa000b57ae174373cfe3340385427fe67262e8cdd8072bc573b93?s=96&d=mm&r=g\",\"url\":\"https:\\\/\\\/secure.gravatar.com\\\/avatar\\\/591a507b759fa000b57ae174373cfe3340385427fe67262e8cdd8072bc573b93?s=96&d=mm&r=g\",\"contentUrl\":\"https:\\\/\\\/secure.gravatar.com\\\/avatar\\\/591a507b759fa000b57ae174373cfe3340385427fe67262e8cdd8072bc573b93?s=96&d=mm&r=g\",\"caption\":\"tsukianimes.com.br\"},\"sameAs\":[\"http:\\\/\\\/tsukianimes.com.br\"],\"url\":\"https:\\\/\\\/tsukianimes.com.br\\\/index.php\\\/author\\\/tsukianimes-com-br\\\/\"}]}<\/script>\n<!-- \/ Yoast SEO plugin. -->","yoast_head_json":{"title":"O Ver\u00e3o em que Hikaru Morreu ganha light novel - Tsuki Animes","description":"O mang\u00e1 de terror O Ver\u00e3o em que Hikaru Morreu vai ganhar uma serializa\u00e7\u00e3o no formato light novel.","robots":{"index":"index","follow":"follow","max-snippet":"max-snippet:-1","max-image-preview":"max-image-preview:large","max-video-preview":"max-video-preview:-1"},"canonical":"https:\/\/tsukianimes.com.br\/index.php\/2023\/11\/16\/o-verao-em-que-hikaru-morreu-ganha-light-novel\/","og_locale":"pt_BR","og_type":"article","og_title":"O Ver\u00e3o em que Hikaru Morreu ganha light novel","og_description":"Leia mais...","og_url":"https:\/\/tsukianimes.com.br\/index.php\/2023\/11\/16\/o-verao-em-que-hikaru-morreu-ganha-light-novel\/","og_site_name":"Tsuki Animes","article_published_time":"2023-11-17T01:22:56+00:00","og_image":[{"width":352,"height":500,"url":"https:\/\/tsukianimes.com.br\/wp-content\/uploads\/2023\/11\/322304000550.jpg","type":"image\/jpeg"}],"author":"tsukianimes.com.br","twitter_card":"summary_large_image","twitter_misc":{"Escrito por":"tsukianimes.com.br","Est. tempo de leitura":"1 minuto"},"schema":{"@context":"https:\/\/schema.org","@graph":[{"@type":"Article","@id":"https:\/\/tsukianimes.com.br\/index.php\/2023\/11\/16\/o-verao-em-que-hikaru-morreu-ganha-light-novel\/#article","isPartOf":{"@id":"https:\/\/tsukianimes.com.br\/index.php\/2023\/11\/16\/o-verao-em-que-hikaru-morreu-ganha-light-novel\/"},"author":{"name":"tsukianimes.com.br","@id":"https:\/\/tsukianimes.com.br\/#\/schema\/person\/9e17947002e7239c44dbc8cf7674f0b1"},"headline":"O Ver\u00e3o em que Hikaru Morreu ganha light novel","datePublished":"2023-11-17T01:22:56+00:00","mainEntityOfPage":{"@id":"https:\/\/tsukianimes.com.br\/index.php\/2023\/11\/16\/o-verao-em-que-hikaru-morreu-ganha-light-novel\/"},"wordCount":177,"commentCount":0,"publisher":{"@id":"https:\/\/tsukianimes.com.br\/#organization"},"image":{"@id":"https:\/\/tsukianimes.com.br\/index.php\/2023\/11\/16\/o-verao-em-que-hikaru-morreu-ganha-light-novel\/#primaryimage"},"thumbnailUrl":"https:\/\/tsukianimes.com.br\/wp-content\/uploads\/2023\/11\/322304000550.jpg","keywords":["light novels","the summer hikaru died"],"articleSection":["Light Novels"],"inLanguage":"pt-BR","potentialAction":[{"@type":"CommentAction","name":"Comment","target":["https:\/\/tsukianimes.com.br\/index.php\/2023\/11\/16\/o-verao-em-que-hikaru-morreu-ganha-light-novel\/#respond"]}]},{"@type":"WebPage","@id":"https:\/\/tsukianimes.com.br\/index.php\/2023\/11\/16\/o-verao-em-que-hikaru-morreu-ganha-light-novel\/","url":"https:\/\/tsukianimes.com.br\/index.php\/2023\/11\/16\/o-verao-em-que-hikaru-morreu-ganha-light-novel\/","name":"O Ver\u00e3o em que Hikaru Morreu ganha light novel - Tsuki Animes","isPartOf":{"@id":"https:\/\/tsukianimes.com.br\/#website"},"primaryImageOfPage":{"@id":"https:\/\/tsukianimes.com.br\/index.php\/2023\/11\/16\/o-verao-em-que-hikaru-morreu-ganha-light-novel\/#primaryimage"},"image":{"@id":"https:\/\/tsukianimes.com.br\/index.php\/2023\/11\/16\/o-verao-em-que-hikaru-morreu-ganha-light-novel\/#primaryimage"},"thumbnailUrl":"https:\/\/tsukianimes.com.br\/wp-content\/uploads\/2023\/11\/322304000550.jpg","datePublished":"2023-11-17T01:22:56+00:00","description":"O mang\u00e1 de terror O Ver\u00e3o em que Hikaru Morreu vai ganhar uma serializa\u00e7\u00e3o no formato light novel.","breadcrumb":{"@id":"https:\/\/tsukianimes.com.br\/index.php\/2023\/11\/16\/o-verao-em-que-hikaru-morreu-ganha-light-novel\/#breadcrumb"},"inLanguage":"pt-BR","potentialAction":[{"@type":"ReadAction","target":["https:\/\/tsukianimes.com.br\/index.php\/2023\/11\/16\/o-verao-em-que-hikaru-morreu-ganha-light-novel\/"]}]},{"@type":"ImageObject","inLanguage":"pt-BR","@id":"https:\/\/tsukianimes.com.br\/index.php\/2023\/11\/16\/o-verao-em-que-hikaru-morreu-ganha-light-novel\/#primaryimage","url":"https:\/\/tsukianimes.com.br\/wp-content\/uploads\/2023\/11\/322304000550.jpg","contentUrl":"https:\/\/tsukianimes.com.br\/wp-content\/uploads\/2023\/11\/322304000550.jpg","width":352,"height":500,"caption":"O Ver\u00e3o em que Hikaru Morreu light novel"},{"@type":"BreadcrumbList","@id":"https:\/\/tsukianimes.com.br\/index.php\/2023\/11\/16\/o-verao-em-que-hikaru-morreu-ganha-light-novel\/#breadcrumb","itemListElement":[{"@type":"ListItem","position":1,"name":"In\u00edcio","item":"https:\/\/tsukianimes.com.br\/"},{"@type":"ListItem","position":2,"name":"O Ver\u00e3o em que Hikaru Morreu ganha light novel"}]},{"@type":"WebSite","@id":"https:\/\/tsukianimes.com.br\/#website","url":"https:\/\/tsukianimes.com.br\/","name":"Tsuki Animes","description":"","publisher":{"@id":"https:\/\/tsukianimes.com.br\/#organization"},"potentialAction":[{"@type":"SearchAction","target":{"@type":"EntryPoint","urlTemplate":"https:\/\/tsukianimes.com.br\/?s={search_term_string}"},"query-input":{"@type":"PropertyValueSpecification","valueRequired":true,"valueName":"search_term_string"}}],"inLanguage":"pt-BR"},{"@type":"Organization","@id":"https:\/\/tsukianimes.com.br\/#organization","name":"Tsuki Animes","url":"https:\/\/tsukianimes.com.br\/","logo":{"@type":"ImageObject","inLanguage":"pt-BR","@id":"https:\/\/tsukianimes.com.br\/#\/schema\/logo\/image\/","url":"https:\/\/tsukianimes.com.br\/wp-content\/uploads\/2023\/06\/cropped-Ativo-4-1.png","contentUrl":"https:\/\/tsukianimes.com.br\/wp-content\/uploads\/2023\/06\/cropped-Ativo-4-1.png","width":1314,"height":246,"caption":"Tsuki Animes"},"image":{"@id":"https:\/\/tsukianimes.com.br\/#\/schema\/logo\/image\/"}},{"@type":"Person","@id":"https:\/\/tsukianimes.com.br\/#\/schema\/person\/9e17947002e7239c44dbc8cf7674f0b1","name":"tsukianimes.com.br","image":{"@type":"ImageObject","inLanguage":"pt-BR","@id":"https:\/\/secure.gravatar.com\/avatar\/591a507b759fa000b57ae174373cfe3340385427fe67262e8cdd8072bc573b93?s=96&d=mm&r=g","url":"https:\/\/secure.gravatar.com\/avatar\/591a507b759fa000b57ae174373cfe3340385427fe67262e8cdd8072bc573b93?s=96&d=mm&r=g","contentUrl":"https:\/\/secure.gravatar.com\/avatar\/591a507b759fa000b57ae174373cfe3340385427fe67262e8cdd8072bc573b93?s=96&d=mm&r=g","caption":"tsukianimes.com.br"},"sameAs":["http:\/\/tsukianimes.com.br"],"url":"https:\/\/tsukianimes.com.br\/index.php\/author\/tsukianimes-com-br\/"}]}},"amp_enabled":true,"_links":{"self":[{"href":"https:\/\/tsukianimes.com.br\/index.php\/wp-json\/wp\/v2\/posts\/780","targetHints":{"allow":["GET"]}}],"collection":[{"href":"https:\/\/tsukianimes.com.br\/index.php\/wp-json\/wp\/v2\/posts"}],"about":[{"href":"https:\/\/tsukianimes.com.br\/index.php\/wp-json\/wp\/v2\/types\/post"}],"author":[{"embeddable":true,"href":"https:\/\/tsukianimes.com.br\/index.php\/wp-json\/wp\/v2\/users\/1"}],"replies":[{"embeddable":true,"href":"https:\/\/tsukianimes.com.br\/index.php\/wp-json\/wp\/v2\/comments?post=780"}],"version-history":[{"count":4,"href":"https:\/\/tsukianimes.com.br\/index.php\/wp-json\/wp\/v2\/posts\/780\/revisions"}],"predecessor-version":[{"id":785,"href":"https:\/\/tsukianimes.com.br\/index.php\/wp-json\/wp\/v2\/posts\/780\/revisions\/785"}],"wp:featuredmedia":[{"embeddable":true,"href":"https:\/\/tsukianimes.com.br\/index.php\/wp-json\/wp\/v2\/media\/782"}],"wp:attachment":[{"href":"https:\/\/tsukianimes.com.br\/index.php\/wp-json\/wp\/v2\/media?parent=780"}],"wp:term":[{"taxonomy":"category","embeddable":true,"href":"https:\/\/tsukianimes.com.br\/index.php\/wp-json\/wp\/v2\/categories?post=780"},{"taxonomy":"post_tag","embeddable":true,"href":"https:\/\/tsukianimes.com.br\/index.php\/wp-json\/wp\/v2\/tags?post=780"}],"curies":[{"name":"wp","href":"https:\/\/api.w.org\/{rel}","templated":true}]}}