{"id":651,"date":"2023-10-04T17:37:21","date_gmt":"2023-10-04T20:37:21","guid":{"rendered":"https:\/\/tsukianimes.com.br\/?p=651"},"modified":"2023-10-04T17:37:21","modified_gmt":"2023-10-04T20:37:21","slug":"one-piece-luffy-desfile-acao-de-gracas-macys","status":"publish","type":"post","link":"https:\/\/tsukianimes.com.br\/index.php\/2023\/10\/04\/one-piece-luffy-desfile-acao-de-gracas-macys\/","title":{"rendered":"One Piece: Luffy participa de tradicional desfile de A\u00e7\u00e3o de Gra\u00e7as da Macy&#8217;s"},"content":{"rendered":"<p>Os piratas v\u00e3o dominar os Estados Unidos! O personagem Luffy, protagonista de One Piece, ter\u00e1 um bal\u00e3o no tradicional desfile de A\u00e7\u00e3o de Gra\u00e7as da <a href=\"https:\/\/twitter.com\/Macys\" target=\"_blank\" rel=\"noopener\">Macy&#8217;s<\/a>, rede de lojas de roupas americana. A novidade foi anunciada nesta quarta-feira (4) nas redes sociais da Toei Animation, est\u00fadio que produz o anime da obra. N\u00e3o \u00e9 a primeira vez que o desfile prestigia personagens de animes. Em 2018, foi a vez de Goku, protagonista da franquia\u00a0Dragon Ball.<\/p>\n<p>O tradicional desfile de A\u00e7\u00e3o de Gra\u00e7as da Macy&#8217;s est\u00e1 em sua 97\u00aa edi\u00e7\u00e3o e ser\u00e1 realizado no dia 23 de novembro em Nova York. A data coincide com o Dia de A\u00e7\u00e3o de Gra\u00e7as, que \u00e9 uma das celebra\u00e7\u00f5es mais tradicionais da cultura estadunidense. O feriado sempre ocorre na quarta quinta-feira do m\u00eas de Novembro. Neste dia, os americanos celebram as ben\u00e7\u00f5es que receberam no ano com um jantar que tradicionalmente inclui peru, batatas, milho e torta de ab\u00f3bora.<\/p>\n<p><em>Foto: Reprodu\u00e7\u00e3o\/ Twitter Toei Animation.<\/em><\/p>\n<blockquote class=\"twitter-tweet\" data-width=\"550\" data-dnt=\"true\">\n<p lang=\"en\" dir=\"ltr\">ANNOUNCEMENT: Luffy is set to soar over the streets of New York City when he makes his debut at the 97th Macy&#39;s Thanksgiving Day Parade! \ud83c\udff4\u200d\u2620\ufe0f\ud83e\udd83\ud83d\uddfd \ud83c\udf88 <a href=\"https:\/\/twitter.com\/hashtag\/ThanksLuffy?src=hash&amp;ref_src=twsrc%5Etfw\">#ThanksLuffy<\/a> <a href=\"https:\/\/twitter.com\/hashtag\/OnePiece?src=hash&amp;ref_src=twsrc%5Etfw\">#OnePiece<\/a> <a href=\"https:\/\/twitter.com\/hashtag\/MacysParade?src=hash&amp;ref_src=twsrc%5Etfw\">#MacysParade<\/a> <a href=\"https:\/\/twitter.com\/Macys?ref_src=twsrc%5Etfw\">@macys<\/a> <a href=\"https:\/\/t.co\/uELZIimjYH\">pic.twitter.com\/uELZIimjYH<\/a><\/p>\n<p>&mdash; Toei Animation (@ToeiAnimation) <a href=\"https:\/\/twitter.com\/ToeiAnimation\/status\/1709591713260396749?ref_src=twsrc%5Etfw\">October 4, 2023<\/a><\/p><\/blockquote>\n<p><script async src=\"https:\/\/platform.twitter.com\/widgets.js\" charset=\"utf-8\"><\/script><\/p>\n<p><strong>Mais em Animes:<\/strong><\/p>\n<ul>\n<li><a href=\"https:\/\/tsukianimes.com.br\/index.php\/2023\/10\/02\/paradox-live-the-animation-tem-transmissao-confirmada-pela-crunchyroll\/\" target=\"_blank\" rel=\"noopener\">Paradox Live THE ANIMATION tem transmiss\u00e3o confirmada pela Crunchyroll<\/a><\/li>\n<li><a href=\"https:\/\/tsukianimes.com.br\/index.php\/2023\/10\/01\/review-da-temporada-2023-undead-murder-farce\/\" target=\"_blank\" rel=\"noopener\">Review da temporada 2023: Undead Murder Farce<\/a><\/li>\n<\/ul>\n<p>&nbsp;<\/p>\n","protected":false},"excerpt":{"rendered":"<p>Os piratas v\u00e3o dominar os Estados Unidos! O personagem Luffy, protagonista de One Piece, ter\u00e1 um bal\u00e3o no tradicional desfile de A\u00e7\u00e3o de Gra\u00e7as da Macy&#8217;s, rede de lojas de roupas americana. A novidade foi anunciada nesta quarta-feira (4) nas redes sociais da Toei Animation, est\u00fadio que produz o anime da obra. N\u00e3o \u00e9 a &hellip; <\/p>\n","protected":false},"author":1,"featured_media":653,"comment_status":"open","ping_status":"open","sticky":false,"template":"","format":"standard","meta":{"om_disable_all_campaigns":false,"_monsterinsights_skip_tracking":false,"_monsterinsights_sitenote_active":false,"_monsterinsights_sitenote_note":"","_monsterinsights_sitenote_category":0,"_uf_show_specific_survey":0,"_uf_disable_surveys":false,"footnotes":""},"categories":[2],"tags":[3,136],"class_list":["post-651","post","type-post","status-publish","format-standard","has-post-thumbnail","hentry","category-animes","tag-animes","tag-one-piece","latest_post"],"yoast_head":"<!-- This site is optimized with the Yoast SEO plugin v27.4 - https:\/\/yoast.com\/product\/yoast-seo-wordpress\/ -->\n<title>Luffy participa de tradicional desfile de A\u00e7\u00e3o de Gra\u00e7as da Macy&#039;s<\/title>\n<meta name=\"description\" content=\"N\u00e3o \u00e9 a primeira vez que o desfile prestigia personagens de animes. Em 2018, foi a vez de Goku, protagonista da franquia\u00a0Dragon Ball.\" \/>\n<meta name=\"robots\" content=\"index, follow, max-snippet:-1, max-image-preview:large, max-video-preview:-1\" \/>\n<link rel=\"canonical\" href=\"https:\/\/tsukianimes.com.br\/index.php\/2023\/10\/04\/one-piece-luffy-desfile-acao-de-gracas-macys\/\" \/>\n<meta property=\"og:locale\" content=\"pt_BR\" \/>\n<meta property=\"og:type\" content=\"article\" \/>\n<meta property=\"og:title\" content=\"Luffy participa de tradicional desfile de A\u00e7\u00e3o de Gra\u00e7as da Macy&#039;s\" \/>\n<meta property=\"og:description\" content=\"N\u00e3o \u00e9 a primeira vez que o desfile prestigia personagens de animes. Em 2018, foi a vez de Goku, protagonista da franquia\u00a0Dragon Ball.\" \/>\n<meta property=\"og:url\" content=\"https:\/\/tsukianimes.com.br\/index.php\/2023\/10\/04\/one-piece-luffy-desfile-acao-de-gracas-macys\/\" \/>\n<meta property=\"og:site_name\" content=\"Tsuki Animes\" \/>\n<meta property=\"article:published_time\" content=\"2023-10-04T20:37:21+00:00\" \/>\n<meta property=\"og:image\" content=\"https:\/\/tsukianimes.com.br\/wp-content\/uploads\/2023\/10\/F7mwmnJWAAA0sEN.jpeg\" \/>\n\t<meta property=\"og:image:width\" content=\"1080\" \/>\n\t<meta property=\"og:image:height\" content=\"792\" \/>\n\t<meta property=\"og:image:type\" content=\"image\/jpeg\" \/>\n<meta name=\"author\" content=\"tsukianimes.com.br\" \/>\n<meta name=\"twitter:card\" content=\"summary_large_image\" \/>\n<meta name=\"twitter:label1\" content=\"Escrito por\" \/>\n\t<meta name=\"twitter:data1\" content=\"tsukianimes.com.br\" \/>\n\t<meta name=\"twitter:label2\" content=\"Est. tempo de leitura\" \/>\n\t<meta name=\"twitter:data2\" content=\"1 minuto\" \/>\n<script type=\"application\/ld+json\" class=\"yoast-schema-graph\">{\"@context\":\"https:\\\/\\\/schema.org\",\"@graph\":[{\"@type\":\"Article\",\"@id\":\"https:\\\/\\\/tsukianimes.com.br\\\/index.php\\\/2023\\\/10\\\/04\\\/one-piece-luffy-desfile-acao-de-gracas-macys\\\/#article\",\"isPartOf\":{\"@id\":\"https:\\\/\\\/tsukianimes.com.br\\\/index.php\\\/2023\\\/10\\\/04\\\/one-piece-luffy-desfile-acao-de-gracas-macys\\\/\"},\"author\":{\"name\":\"tsukianimes.com.br\",\"@id\":\"https:\\\/\\\/tsukianimes.com.br\\\/#\\\/schema\\\/person\\\/9e17947002e7239c44dbc8cf7674f0b1\"},\"headline\":\"One Piece: Luffy participa de tradicional desfile de A\u00e7\u00e3o de Gra\u00e7as da Macy&#8217;s\",\"datePublished\":\"2023-10-04T20:37:21+00:00\",\"mainEntityOfPage\":{\"@id\":\"https:\\\/\\\/tsukianimes.com.br\\\/index.php\\\/2023\\\/10\\\/04\\\/one-piece-luffy-desfile-acao-de-gracas-macys\\\/\"},\"wordCount\":218,\"commentCount\":1,\"publisher\":{\"@id\":\"https:\\\/\\\/tsukianimes.com.br\\\/#organization\"},\"image\":{\"@id\":\"https:\\\/\\\/tsukianimes.com.br\\\/index.php\\\/2023\\\/10\\\/04\\\/one-piece-luffy-desfile-acao-de-gracas-macys\\\/#primaryimage\"},\"thumbnailUrl\":\"https:\\\/\\\/tsukianimes.com.br\\\/wp-content\\\/uploads\\\/2023\\\/10\\\/F7mwmnJWAAA0sEN.jpeg\",\"keywords\":[\"animes\",\"one piece\"],\"articleSection\":[\"Animes\"],\"inLanguage\":\"pt-BR\",\"potentialAction\":[{\"@type\":\"CommentAction\",\"name\":\"Comment\",\"target\":[\"https:\\\/\\\/tsukianimes.com.br\\\/index.php\\\/2023\\\/10\\\/04\\\/one-piece-luffy-desfile-acao-de-gracas-macys\\\/#respond\"]}]},{\"@type\":\"WebPage\",\"@id\":\"https:\\\/\\\/tsukianimes.com.br\\\/index.php\\\/2023\\\/10\\\/04\\\/one-piece-luffy-desfile-acao-de-gracas-macys\\\/\",\"url\":\"https:\\\/\\\/tsukianimes.com.br\\\/index.php\\\/2023\\\/10\\\/04\\\/one-piece-luffy-desfile-acao-de-gracas-macys\\\/\",\"name\":\"Luffy participa de tradicional desfile de A\u00e7\u00e3o de Gra\u00e7as da Macy's\",\"isPartOf\":{\"@id\":\"https:\\\/\\\/tsukianimes.com.br\\\/#website\"},\"primaryImageOfPage\":{\"@id\":\"https:\\\/\\\/tsukianimes.com.br\\\/index.php\\\/2023\\\/10\\\/04\\\/one-piece-luffy-desfile-acao-de-gracas-macys\\\/#primaryimage\"},\"image\":{\"@id\":\"https:\\\/\\\/tsukianimes.com.br\\\/index.php\\\/2023\\\/10\\\/04\\\/one-piece-luffy-desfile-acao-de-gracas-macys\\\/#primaryimage\"},\"thumbnailUrl\":\"https:\\\/\\\/tsukianimes.com.br\\\/wp-content\\\/uploads\\\/2023\\\/10\\\/F7mwmnJWAAA0sEN.jpeg\",\"datePublished\":\"2023-10-04T20:37:21+00:00\",\"description\":\"N\u00e3o \u00e9 a primeira vez que o desfile prestigia personagens de animes. Em 2018, foi a vez de Goku, protagonista da franquia\u00a0Dragon Ball.\",\"breadcrumb\":{\"@id\":\"https:\\\/\\\/tsukianimes.com.br\\\/index.php\\\/2023\\\/10\\\/04\\\/one-piece-luffy-desfile-acao-de-gracas-macys\\\/#breadcrumb\"},\"inLanguage\":\"pt-BR\",\"potentialAction\":[{\"@type\":\"ReadAction\",\"target\":[\"https:\\\/\\\/tsukianimes.com.br\\\/index.php\\\/2023\\\/10\\\/04\\\/one-piece-luffy-desfile-acao-de-gracas-macys\\\/\"]}]},{\"@type\":\"ImageObject\",\"inLanguage\":\"pt-BR\",\"@id\":\"https:\\\/\\\/tsukianimes.com.br\\\/index.php\\\/2023\\\/10\\\/04\\\/one-piece-luffy-desfile-acao-de-gracas-macys\\\/#primaryimage\",\"url\":\"https:\\\/\\\/tsukianimes.com.br\\\/wp-content\\\/uploads\\\/2023\\\/10\\\/F7mwmnJWAAA0sEN.jpeg\",\"contentUrl\":\"https:\\\/\\\/tsukianimes.com.br\\\/wp-content\\\/uploads\\\/2023\\\/10\\\/F7mwmnJWAAA0sEN.jpeg\",\"width\":1080,\"height\":792,\"caption\":\"Luffy, de One Piece, no desfile da Macy's em 2023\"},{\"@type\":\"BreadcrumbList\",\"@id\":\"https:\\\/\\\/tsukianimes.com.br\\\/index.php\\\/2023\\\/10\\\/04\\\/one-piece-luffy-desfile-acao-de-gracas-macys\\\/#breadcrumb\",\"itemListElement\":[{\"@type\":\"ListItem\",\"position\":1,\"name\":\"In\u00edcio\",\"item\":\"https:\\\/\\\/tsukianimes.com.br\\\/\"},{\"@type\":\"ListItem\",\"position\":2,\"name\":\"One Piece: Luffy participa de tradicional desfile de A\u00e7\u00e3o de Gra\u00e7as da Macy&#8217;s\"}]},{\"@type\":\"WebSite\",\"@id\":\"https:\\\/\\\/tsukianimes.com.br\\\/#website\",\"url\":\"https:\\\/\\\/tsukianimes.com.br\\\/\",\"name\":\"Tsuki Animes\",\"description\":\"\",\"publisher\":{\"@id\":\"https:\\\/\\\/tsukianimes.com.br\\\/#organization\"},\"potentialAction\":[{\"@type\":\"SearchAction\",\"target\":{\"@type\":\"EntryPoint\",\"urlTemplate\":\"https:\\\/\\\/tsukianimes.com.br\\\/?s={search_term_string}\"},\"query-input\":{\"@type\":\"PropertyValueSpecification\",\"valueRequired\":true,\"valueName\":\"search_term_string\"}}],\"inLanguage\":\"pt-BR\"},{\"@type\":\"Organization\",\"@id\":\"https:\\\/\\\/tsukianimes.com.br\\\/#organization\",\"name\":\"Tsuki Animes\",\"url\":\"https:\\\/\\\/tsukianimes.com.br\\\/\",\"logo\":{\"@type\":\"ImageObject\",\"inLanguage\":\"pt-BR\",\"@id\":\"https:\\\/\\\/tsukianimes.com.br\\\/#\\\/schema\\\/logo\\\/image\\\/\",\"url\":\"https:\\\/\\\/tsukianimes.com.br\\\/wp-content\\\/uploads\\\/2023\\\/06\\\/cropped-Ativo-4-1.png\",\"contentUrl\":\"https:\\\/\\\/tsukianimes.com.br\\\/wp-content\\\/uploads\\\/2023\\\/06\\\/cropped-Ativo-4-1.png\",\"width\":1314,\"height\":246,\"caption\":\"Tsuki Animes\"},\"image\":{\"@id\":\"https:\\\/\\\/tsukianimes.com.br\\\/#\\\/schema\\\/logo\\\/image\\\/\"}},{\"@type\":\"Person\",\"@id\":\"https:\\\/\\\/tsukianimes.com.br\\\/#\\\/schema\\\/person\\\/9e17947002e7239c44dbc8cf7674f0b1\",\"name\":\"tsukianimes.com.br\",\"image\":{\"@type\":\"ImageObject\",\"inLanguage\":\"pt-BR\",\"@id\":\"https:\\\/\\\/secure.gravatar.com\\\/avatar\\\/591a507b759fa000b57ae174373cfe3340385427fe67262e8cdd8072bc573b93?s=96&d=mm&r=g\",\"url\":\"https:\\\/\\\/secure.gravatar.com\\\/avatar\\\/591a507b759fa000b57ae174373cfe3340385427fe67262e8cdd8072bc573b93?s=96&d=mm&r=g\",\"contentUrl\":\"https:\\\/\\\/secure.gravatar.com\\\/avatar\\\/591a507b759fa000b57ae174373cfe3340385427fe67262e8cdd8072bc573b93?s=96&d=mm&r=g\",\"caption\":\"tsukianimes.com.br\"},\"sameAs\":[\"http:\\\/\\\/tsukianimes.com.br\"],\"url\":\"https:\\\/\\\/tsukianimes.com.br\\\/index.php\\\/author\\\/tsukianimes-com-br\\\/\"}]}<\/script>\n<!-- \/ Yoast SEO plugin. -->","yoast_head_json":{"title":"Luffy participa de tradicional desfile de A\u00e7\u00e3o de Gra\u00e7as da Macy's","description":"N\u00e3o \u00e9 a primeira vez que o desfile prestigia personagens de animes. Em 2018, foi a vez de Goku, protagonista da franquia\u00a0Dragon Ball.","robots":{"index":"index","follow":"follow","max-snippet":"max-snippet:-1","max-image-preview":"max-image-preview:large","max-video-preview":"max-video-preview:-1"},"canonical":"https:\/\/tsukianimes.com.br\/index.php\/2023\/10\/04\/one-piece-luffy-desfile-acao-de-gracas-macys\/","og_locale":"pt_BR","og_type":"article","og_title":"Luffy participa de tradicional desfile de A\u00e7\u00e3o de Gra\u00e7as da Macy's","og_description":"N\u00e3o \u00e9 a primeira vez que o desfile prestigia personagens de animes. Em 2018, foi a vez de Goku, protagonista da franquia\u00a0Dragon Ball.","og_url":"https:\/\/tsukianimes.com.br\/index.php\/2023\/10\/04\/one-piece-luffy-desfile-acao-de-gracas-macys\/","og_site_name":"Tsuki Animes","article_published_time":"2023-10-04T20:37:21+00:00","og_image":[{"width":1080,"height":792,"url":"https:\/\/tsukianimes.com.br\/wp-content\/uploads\/2023\/10\/F7mwmnJWAAA0sEN.jpeg","type":"image\/jpeg"}],"author":"tsukianimes.com.br","twitter_card":"summary_large_image","twitter_misc":{"Escrito por":"tsukianimes.com.br","Est. tempo de leitura":"1 minuto"},"schema":{"@context":"https:\/\/schema.org","@graph":[{"@type":"Article","@id":"https:\/\/tsukianimes.com.br\/index.php\/2023\/10\/04\/one-piece-luffy-desfile-acao-de-gracas-macys\/#article","isPartOf":{"@id":"https:\/\/tsukianimes.com.br\/index.php\/2023\/10\/04\/one-piece-luffy-desfile-acao-de-gracas-macys\/"},"author":{"name":"tsukianimes.com.br","@id":"https:\/\/tsukianimes.com.br\/#\/schema\/person\/9e17947002e7239c44dbc8cf7674f0b1"},"headline":"One Piece: Luffy participa de tradicional desfile de A\u00e7\u00e3o de Gra\u00e7as da Macy&#8217;s","datePublished":"2023-10-04T20:37:21+00:00","mainEntityOfPage":{"@id":"https:\/\/tsukianimes.com.br\/index.php\/2023\/10\/04\/one-piece-luffy-desfile-acao-de-gracas-macys\/"},"wordCount":218,"commentCount":1,"publisher":{"@id":"https:\/\/tsukianimes.com.br\/#organization"},"image":{"@id":"https:\/\/tsukianimes.com.br\/index.php\/2023\/10\/04\/one-piece-luffy-desfile-acao-de-gracas-macys\/#primaryimage"},"thumbnailUrl":"https:\/\/tsukianimes.com.br\/wp-content\/uploads\/2023\/10\/F7mwmnJWAAA0sEN.jpeg","keywords":["animes","one piece"],"articleSection":["Animes"],"inLanguage":"pt-BR","potentialAction":[{"@type":"CommentAction","name":"Comment","target":["https:\/\/tsukianimes.com.br\/index.php\/2023\/10\/04\/one-piece-luffy-desfile-acao-de-gracas-macys\/#respond"]}]},{"@type":"WebPage","@id":"https:\/\/tsukianimes.com.br\/index.php\/2023\/10\/04\/one-piece-luffy-desfile-acao-de-gracas-macys\/","url":"https:\/\/tsukianimes.com.br\/index.php\/2023\/10\/04\/one-piece-luffy-desfile-acao-de-gracas-macys\/","name":"Luffy participa de tradicional desfile de A\u00e7\u00e3o de Gra\u00e7as da Macy's","isPartOf":{"@id":"https:\/\/tsukianimes.com.br\/#website"},"primaryImageOfPage":{"@id":"https:\/\/tsukianimes.com.br\/index.php\/2023\/10\/04\/one-piece-luffy-desfile-acao-de-gracas-macys\/#primaryimage"},"image":{"@id":"https:\/\/tsukianimes.com.br\/index.php\/2023\/10\/04\/one-piece-luffy-desfile-acao-de-gracas-macys\/#primaryimage"},"thumbnailUrl":"https:\/\/tsukianimes.com.br\/wp-content\/uploads\/2023\/10\/F7mwmnJWAAA0sEN.jpeg","datePublished":"2023-10-04T20:37:21+00:00","description":"N\u00e3o \u00e9 a primeira vez que o desfile prestigia personagens de animes. Em 2018, foi a vez de Goku, protagonista da franquia\u00a0Dragon Ball.","breadcrumb":{"@id":"https:\/\/tsukianimes.com.br\/index.php\/2023\/10\/04\/one-piece-luffy-desfile-acao-de-gracas-macys\/#breadcrumb"},"inLanguage":"pt-BR","potentialAction":[{"@type":"ReadAction","target":["https:\/\/tsukianimes.com.br\/index.php\/2023\/10\/04\/one-piece-luffy-desfile-acao-de-gracas-macys\/"]}]},{"@type":"ImageObject","inLanguage":"pt-BR","@id":"https:\/\/tsukianimes.com.br\/index.php\/2023\/10\/04\/one-piece-luffy-desfile-acao-de-gracas-macys\/#primaryimage","url":"https:\/\/tsukianimes.com.br\/wp-content\/uploads\/2023\/10\/F7mwmnJWAAA0sEN.jpeg","contentUrl":"https:\/\/tsukianimes.com.br\/wp-content\/uploads\/2023\/10\/F7mwmnJWAAA0sEN.jpeg","width":1080,"height":792,"caption":"Luffy, de One Piece, no desfile da Macy's em 2023"},{"@type":"BreadcrumbList","@id":"https:\/\/tsukianimes.com.br\/index.php\/2023\/10\/04\/one-piece-luffy-desfile-acao-de-gracas-macys\/#breadcrumb","itemListElement":[{"@type":"ListItem","position":1,"name":"In\u00edcio","item":"https:\/\/tsukianimes.com.br\/"},{"@type":"ListItem","position":2,"name":"One Piece: Luffy participa de tradicional desfile de A\u00e7\u00e3o de Gra\u00e7as da Macy&#8217;s"}]},{"@type":"WebSite","@id":"https:\/\/tsukianimes.com.br\/#website","url":"https:\/\/tsukianimes.com.br\/","name":"Tsuki Animes","description":"","publisher":{"@id":"https:\/\/tsukianimes.com.br\/#organization"},"potentialAction":[{"@type":"SearchAction","target":{"@type":"EntryPoint","urlTemplate":"https:\/\/tsukianimes.com.br\/?s={search_term_string}"},"query-input":{"@type":"PropertyValueSpecification","valueRequired":true,"valueName":"search_term_string"}}],"inLanguage":"pt-BR"},{"@type":"Organization","@id":"https:\/\/tsukianimes.com.br\/#organization","name":"Tsuki Animes","url":"https:\/\/tsukianimes.com.br\/","logo":{"@type":"ImageObject","inLanguage":"pt-BR","@id":"https:\/\/tsukianimes.com.br\/#\/schema\/logo\/image\/","url":"https:\/\/tsukianimes.com.br\/wp-content\/uploads\/2023\/06\/cropped-Ativo-4-1.png","contentUrl":"https:\/\/tsukianimes.com.br\/wp-content\/uploads\/2023\/06\/cropped-Ativo-4-1.png","width":1314,"height":246,"caption":"Tsuki Animes"},"image":{"@id":"https:\/\/tsukianimes.com.br\/#\/schema\/logo\/image\/"}},{"@type":"Person","@id":"https:\/\/tsukianimes.com.br\/#\/schema\/person\/9e17947002e7239c44dbc8cf7674f0b1","name":"tsukianimes.com.br","image":{"@type":"ImageObject","inLanguage":"pt-BR","@id":"https:\/\/secure.gravatar.com\/avatar\/591a507b759fa000b57ae174373cfe3340385427fe67262e8cdd8072bc573b93?s=96&d=mm&r=g","url":"https:\/\/secure.gravatar.com\/avatar\/591a507b759fa000b57ae174373cfe3340385427fe67262e8cdd8072bc573b93?s=96&d=mm&r=g","contentUrl":"https:\/\/secure.gravatar.com\/avatar\/591a507b759fa000b57ae174373cfe3340385427fe67262e8cdd8072bc573b93?s=96&d=mm&r=g","caption":"tsukianimes.com.br"},"sameAs":["http:\/\/tsukianimes.com.br"],"url":"https:\/\/tsukianimes.com.br\/index.php\/author\/tsukianimes-com-br\/"}]}},"amp_enabled":true,"_links":{"self":[{"href":"https:\/\/tsukianimes.com.br\/index.php\/wp-json\/wp\/v2\/posts\/651","targetHints":{"allow":["GET"]}}],"collection":[{"href":"https:\/\/tsukianimes.com.br\/index.php\/wp-json\/wp\/v2\/posts"}],"about":[{"href":"https:\/\/tsukianimes.com.br\/index.php\/wp-json\/wp\/v2\/types\/post"}],"author":[{"embeddable":true,"href":"https:\/\/tsukianimes.com.br\/index.php\/wp-json\/wp\/v2\/users\/1"}],"replies":[{"embeddable":true,"href":"https:\/\/tsukianimes.com.br\/index.php\/wp-json\/wp\/v2\/comments?post=651"}],"version-history":[{"count":3,"href":"https:\/\/tsukianimes.com.br\/index.php\/wp-json\/wp\/v2\/posts\/651\/revisions"}],"predecessor-version":[{"id":655,"href":"https:\/\/tsukianimes.com.br\/index.php\/wp-json\/wp\/v2\/posts\/651\/revisions\/655"}],"wp:featuredmedia":[{"embeddable":true,"href":"https:\/\/tsukianimes.com.br\/index.php\/wp-json\/wp\/v2\/media\/653"}],"wp:attachment":[{"href":"https:\/\/tsukianimes.com.br\/index.php\/wp-json\/wp\/v2\/media?parent=651"}],"wp:term":[{"taxonomy":"category","embeddable":true,"href":"https:\/\/tsukianimes.com.br\/index.php\/wp-json\/wp\/v2\/categories?post=651"},{"taxonomy":"post_tag","embeddable":true,"href":"https:\/\/tsukianimes.com.br\/index.php\/wp-json\/wp\/v2\/tags?post=651"}],"curies":[{"name":"wp","href":"https:\/\/api.w.org\/{rel}","templated":true}]}}