{"id":593,"date":"2023-09-21T21:43:40","date_gmt":"2023-09-22T00:43:40","guid":{"rendered":"https:\/\/tsukianimes.com.br\/?p=593"},"modified":"2023-09-21T21:44:24","modified_gmt":"2023-09-22T00:44:24","slug":"isekai-da-maquina-de-vendas-tem-segunda-temporada-confirmada","status":"publish","type":"post","link":"https:\/\/tsukianimes.com.br\/index.php\/2023\/09\/21\/isekai-da-maquina-de-vendas-tem-segunda-temporada-confirmada\/","title":{"rendered":"Isekai da m\u00e1quina de vendas tem segunda temporada confirmada"},"content":{"rendered":"<p>O anime\u00a0<em>Reencarnado numa m\u00e1quina de vendas, agora exploro a masmorra<\/em> teve sua segunda temporada confirmada nas redes sociais ontem (20) ap\u00f3s a exibi\u00e7\u00e3o do epis\u00f3dio 12 da produ\u00e7\u00e3o. A novidade foi compartilhada junto com uma nova ilustra\u00e7\u00e3o promocional.<\/p>\n<p><em>Reencarnado numa m\u00e1quina de vendas<\/em> \u00e9 um isekai que acompanha a hist\u00f3ria de um rapaz que morreu e reencarnou num mundo medieval como uma m\u00e1quina de vendas.<\/p>\n<p>A primeira temporada da anima\u00e7\u00e3o est\u00e1 dispon\u00edvel no Crunchyroll.<\/p>\n<p><em>Foto: Reprodu\u00e7\u00e3o\/ Twitter oficial.<\/em><\/p>\n<blockquote class=\"twitter-tweet\" data-width=\"550\" data-dnt=\"true\">\n<p lang=\"ja\" dir=\"ltr\">\uff0f<a href=\"https:\/\/twitter.com\/hashtag\/%E4%BF%BA%E8%87%AA%E8%B2%A9%E6%A9%9F?src=hash&amp;ref_src=twsrc%5Etfw\">#\u4ffa\u81ea\u8ca9\u6a5f<\/a> <br \/>\u307e\u3055\u304b\u306e2\u671f\u5236\u4f5c\u6c7a\u5b9a\uff01\uff01\u3297<br \/>\uff3c<\/p>\n<p>2\u671f\u5236\u4f5c\u304c\u6c7a\u5b9a\u3057\u307e\u3057\u305f\ud83c\udf89<\/p>\n<p>\u30cf\u30c3\u30b3\u30f3\uff06\u30e9\u30c3\u30df\u30b9\u305f\u3061\u306e<br \/>\u3053\u308c\u304b\u3089\u306e\u65c5\u8def\u3082\u304a\u697d\u3057\u307f\u306b\u2728<\/p>\n<p>2\u671f\u5236\u4f5c\u8a18\u5ff5\u30a4\u30e9\u30b9\u30c8\u3082\u5230\u7740\uff01<br \/>\u7dcf\u4f5c\u753b\u76e3\u7763\uff1a\u5c71\u5185\u5c1a\u6a39\u3055\u3093\u306e\u63cf\u304d\u4e0b\u308d\u3057\u3067\u3059\uff01<a href=\"https:\/\/twitter.com\/hashtag\/%E8%87%AA%E5%8B%95%E8%B2%A9%E5%A3%B2%E6%A9%9F%E3%81%AB%E7%94%9F%E3%81%BE%E3%82%8C%E5%A4%89%E3%82%8F%E3%81%A3%E3%81%9F%E4%BF%BA%E3%81%AF%E8%BF%B7%E5%AE%AE%E3%82%92%E5%BD%B7%E5%BE%A8%E3%81%86?src=hash&amp;ref_src=twsrc%5Etfw\">#\u81ea\u52d5\u8ca9\u58f2\u6a5f\u306b\u751f\u307e\u308c\u5909\u308f\u3063\u305f\u4ffa\u306f\u8ff7\u5bae\u3092\u5f77\u5fa8\u3046<\/a> <a href=\"https:\/\/t.co\/o6nHFuHizT\">pic.twitter.com\/o6nHFuHizT<\/a><\/p>\n<p>&mdash; \u30a2\u30cb\u30e1\u300c\u81ea\u52d5\u8ca9\u58f2\u6a5f\u306b\u751f\u307e\u308c\u5909\u308f\u3063\u305f\u4ffa\u306f\u8ff7\u5bae\u3092\u5f77\u5fa8\u3046\u300d\u516c\u5f0f\uff20\uff12\u671f\u5236\u4f5c\u6c7a\u5b9a\uff01 (@jihanki_anime) <a href=\"https:\/\/twitter.com\/jihanki_anime\/status\/1704487320768942395?ref_src=twsrc%5Etfw\">September 20, 2023<\/a><\/p><\/blockquote>\n<p><script async src=\"https:\/\/platform.twitter.com\/widgets.js\" charset=\"utf-8\"><\/script><\/p>\n","protected":false},"excerpt":{"rendered":"<p>O anime\u00a0Reencarnado numa m\u00e1quina de vendas, agora exploro a masmorra teve sua segunda temporada confirmada nas redes sociais ontem (20) ap\u00f3s a exibi\u00e7\u00e3o do epis\u00f3dio 12 da produ\u00e7\u00e3o. A novidade foi compartilhada junto com uma nova ilustra\u00e7\u00e3o promocional. Reencarnado numa m\u00e1quina de vendas \u00e9 um isekai que acompanha a hist\u00f3ria de um rapaz que morreu &hellip; <\/p>\n","protected":false},"author":1,"featured_media":599,"comment_status":"open","ping_status":"open","sticky":false,"template":"","format":"standard","meta":{"om_disable_all_campaigns":false,"_monsterinsights_skip_tracking":false,"_monsterinsights_sitenote_active":false,"_monsterinsights_sitenote_note":"","_monsterinsights_sitenote_category":0,"_uf_show_specific_survey":0,"_uf_disable_surveys":false,"footnotes":""},"categories":[2],"tags":[3,117],"class_list":["post-593","post","type-post","status-publish","format-standard","has-post-thumbnail","hentry","category-animes","tag-animes","tag-reencarnado-numa-maquina-de-vendas","latest_post"],"yoast_head":"<!-- This site is optimized with the Yoast SEO plugin v27.4 - https:\/\/yoast.com\/product\/yoast-seo-wordpress\/ -->\n<title>Isekai da m\u00e1quina de vendas tem segunda temporada confirmada - Tsuki Animes<\/title>\n<meta name=\"description\" content=\"O anime\u00a0Reencarnado numa m\u00e1quina de vendas, agora exploro a masmorra teve sua segunda temporada confirmada nas redes sociais.\" \/>\n<meta name=\"robots\" content=\"index, follow, max-snippet:-1, max-image-preview:large, max-video-preview:-1\" \/>\n<link rel=\"canonical\" href=\"https:\/\/tsukianimes.com.br\/index.php\/2023\/09\/21\/isekai-da-maquina-de-vendas-tem-segunda-temporada-confirmada\/\" \/>\n<meta property=\"og:locale\" content=\"pt_BR\" \/>\n<meta property=\"og:type\" content=\"article\" \/>\n<meta property=\"og:title\" content=\"Isekai da m\u00e1quina de vendas tem segunda temporada confirmada\" \/>\n<meta property=\"og:description\" content=\"Leia mais...\" \/>\n<meta property=\"og:url\" content=\"https:\/\/tsukianimes.com.br\/index.php\/2023\/09\/21\/isekai-da-maquina-de-vendas-tem-segunda-temporada-confirmada\/\" \/>\n<meta property=\"og:site_name\" content=\"Tsuki Animes\" \/>\n<meta property=\"article:published_time\" content=\"2023-09-22T00:43:40+00:00\" \/>\n<meta property=\"article:modified_time\" content=\"2023-09-22T00:44:24+00:00\" \/>\n<meta property=\"og:image\" content=\"https:\/\/tsukianimes.com.br\/wp-content\/uploads\/2023\/09\/F6eOLkfXwAEetXO.jpeg\" \/>\n\t<meta property=\"og:image:width\" content=\"1200\" \/>\n\t<meta property=\"og:image:height\" content=\"729\" \/>\n\t<meta property=\"og:image:type\" content=\"image\/jpeg\" \/>\n<meta name=\"author\" content=\"tsukianimes.com.br\" \/>\n<meta name=\"twitter:card\" content=\"summary_large_image\" \/>\n<meta name=\"twitter:label1\" content=\"Escrito por\" \/>\n\t<meta name=\"twitter:data1\" content=\"tsukianimes.com.br\" \/>\n\t<meta name=\"twitter:label2\" content=\"Est. tempo de leitura\" \/>\n\t<meta name=\"twitter:data2\" content=\"1 minuto\" \/>\n<script type=\"application\/ld+json\" class=\"yoast-schema-graph\">{\"@context\":\"https:\\\/\\\/schema.org\",\"@graph\":[{\"@type\":\"Article\",\"@id\":\"https:\\\/\\\/tsukianimes.com.br\\\/index.php\\\/2023\\\/09\\\/21\\\/isekai-da-maquina-de-vendas-tem-segunda-temporada-confirmada\\\/#article\",\"isPartOf\":{\"@id\":\"https:\\\/\\\/tsukianimes.com.br\\\/index.php\\\/2023\\\/09\\\/21\\\/isekai-da-maquina-de-vendas-tem-segunda-temporada-confirmada\\\/\"},\"author\":{\"name\":\"tsukianimes.com.br\",\"@id\":\"https:\\\/\\\/tsukianimes.com.br\\\/#\\\/schema\\\/person\\\/9e17947002e7239c44dbc8cf7674f0b1\"},\"headline\":\"Isekai da m\u00e1quina de vendas tem segunda temporada confirmada\",\"datePublished\":\"2023-09-22T00:43:40+00:00\",\"dateModified\":\"2023-09-22T00:44:24+00:00\",\"mainEntityOfPage\":{\"@id\":\"https:\\\/\\\/tsukianimes.com.br\\\/index.php\\\/2023\\\/09\\\/21\\\/isekai-da-maquina-de-vendas-tem-segunda-temporada-confirmada\\\/\"},\"wordCount\":139,\"commentCount\":0,\"publisher\":{\"@id\":\"https:\\\/\\\/tsukianimes.com.br\\\/#organization\"},\"image\":{\"@id\":\"https:\\\/\\\/tsukianimes.com.br\\\/index.php\\\/2023\\\/09\\\/21\\\/isekai-da-maquina-de-vendas-tem-segunda-temporada-confirmada\\\/#primaryimage\"},\"thumbnailUrl\":\"https:\\\/\\\/tsukianimes.com.br\\\/wp-content\\\/uploads\\\/2023\\\/09\\\/F6eOLkfXwAEetXO.jpeg\",\"keywords\":[\"animes\",\"reencarnado numa m\u00e1quina de vendas\"],\"articleSection\":[\"Animes\"],\"inLanguage\":\"pt-BR\",\"potentialAction\":[{\"@type\":\"CommentAction\",\"name\":\"Comment\",\"target\":[\"https:\\\/\\\/tsukianimes.com.br\\\/index.php\\\/2023\\\/09\\\/21\\\/isekai-da-maquina-de-vendas-tem-segunda-temporada-confirmada\\\/#respond\"]}]},{\"@type\":\"WebPage\",\"@id\":\"https:\\\/\\\/tsukianimes.com.br\\\/index.php\\\/2023\\\/09\\\/21\\\/isekai-da-maquina-de-vendas-tem-segunda-temporada-confirmada\\\/\",\"url\":\"https:\\\/\\\/tsukianimes.com.br\\\/index.php\\\/2023\\\/09\\\/21\\\/isekai-da-maquina-de-vendas-tem-segunda-temporada-confirmada\\\/\",\"name\":\"Isekai da m\u00e1quina de vendas tem segunda temporada confirmada - Tsuki Animes\",\"isPartOf\":{\"@id\":\"https:\\\/\\\/tsukianimes.com.br\\\/#website\"},\"primaryImageOfPage\":{\"@id\":\"https:\\\/\\\/tsukianimes.com.br\\\/index.php\\\/2023\\\/09\\\/21\\\/isekai-da-maquina-de-vendas-tem-segunda-temporada-confirmada\\\/#primaryimage\"},\"image\":{\"@id\":\"https:\\\/\\\/tsukianimes.com.br\\\/index.php\\\/2023\\\/09\\\/21\\\/isekai-da-maquina-de-vendas-tem-segunda-temporada-confirmada\\\/#primaryimage\"},\"thumbnailUrl\":\"https:\\\/\\\/tsukianimes.com.br\\\/wp-content\\\/uploads\\\/2023\\\/09\\\/F6eOLkfXwAEetXO.jpeg\",\"datePublished\":\"2023-09-22T00:43:40+00:00\",\"dateModified\":\"2023-09-22T00:44:24+00:00\",\"description\":\"O anime\u00a0Reencarnado numa m\u00e1quina de vendas, agora exploro a masmorra teve sua segunda temporada confirmada nas redes sociais.\",\"breadcrumb\":{\"@id\":\"https:\\\/\\\/tsukianimes.com.br\\\/index.php\\\/2023\\\/09\\\/21\\\/isekai-da-maquina-de-vendas-tem-segunda-temporada-confirmada\\\/#breadcrumb\"},\"inLanguage\":\"pt-BR\",\"potentialAction\":[{\"@type\":\"ReadAction\",\"target\":[\"https:\\\/\\\/tsukianimes.com.br\\\/index.php\\\/2023\\\/09\\\/21\\\/isekai-da-maquina-de-vendas-tem-segunda-temporada-confirmada\\\/\"]}]},{\"@type\":\"ImageObject\",\"inLanguage\":\"pt-BR\",\"@id\":\"https:\\\/\\\/tsukianimes.com.br\\\/index.php\\\/2023\\\/09\\\/21\\\/isekai-da-maquina-de-vendas-tem-segunda-temporada-confirmada\\\/#primaryimage\",\"url\":\"https:\\\/\\\/tsukianimes.com.br\\\/wp-content\\\/uploads\\\/2023\\\/09\\\/F6eOLkfXwAEetXO.jpeg\",\"contentUrl\":\"https:\\\/\\\/tsukianimes.com.br\\\/wp-content\\\/uploads\\\/2023\\\/09\\\/F6eOLkfXwAEetXO.jpeg\",\"width\":1200,\"height\":729,\"caption\":\"Reencarnado numa m\u00e1quina de vendas S2\"},{\"@type\":\"BreadcrumbList\",\"@id\":\"https:\\\/\\\/tsukianimes.com.br\\\/index.php\\\/2023\\\/09\\\/21\\\/isekai-da-maquina-de-vendas-tem-segunda-temporada-confirmada\\\/#breadcrumb\",\"itemListElement\":[{\"@type\":\"ListItem\",\"position\":1,\"name\":\"In\u00edcio\",\"item\":\"https:\\\/\\\/tsukianimes.com.br\\\/\"},{\"@type\":\"ListItem\",\"position\":2,\"name\":\"Isekai da m\u00e1quina de vendas tem segunda temporada confirmada\"}]},{\"@type\":\"WebSite\",\"@id\":\"https:\\\/\\\/tsukianimes.com.br\\\/#website\",\"url\":\"https:\\\/\\\/tsukianimes.com.br\\\/\",\"name\":\"Tsuki Animes\",\"description\":\"\",\"publisher\":{\"@id\":\"https:\\\/\\\/tsukianimes.com.br\\\/#organization\"},\"potentialAction\":[{\"@type\":\"SearchAction\",\"target\":{\"@type\":\"EntryPoint\",\"urlTemplate\":\"https:\\\/\\\/tsukianimes.com.br\\\/?s={search_term_string}\"},\"query-input\":{\"@type\":\"PropertyValueSpecification\",\"valueRequired\":true,\"valueName\":\"search_term_string\"}}],\"inLanguage\":\"pt-BR\"},{\"@type\":\"Organization\",\"@id\":\"https:\\\/\\\/tsukianimes.com.br\\\/#organization\",\"name\":\"Tsuki Animes\",\"url\":\"https:\\\/\\\/tsukianimes.com.br\\\/\",\"logo\":{\"@type\":\"ImageObject\",\"inLanguage\":\"pt-BR\",\"@id\":\"https:\\\/\\\/tsukianimes.com.br\\\/#\\\/schema\\\/logo\\\/image\\\/\",\"url\":\"https:\\\/\\\/tsukianimes.com.br\\\/wp-content\\\/uploads\\\/2023\\\/06\\\/cropped-Ativo-4-1.png\",\"contentUrl\":\"https:\\\/\\\/tsukianimes.com.br\\\/wp-content\\\/uploads\\\/2023\\\/06\\\/cropped-Ativo-4-1.png\",\"width\":1314,\"height\":246,\"caption\":\"Tsuki Animes\"},\"image\":{\"@id\":\"https:\\\/\\\/tsukianimes.com.br\\\/#\\\/schema\\\/logo\\\/image\\\/\"}},{\"@type\":\"Person\",\"@id\":\"https:\\\/\\\/tsukianimes.com.br\\\/#\\\/schema\\\/person\\\/9e17947002e7239c44dbc8cf7674f0b1\",\"name\":\"tsukianimes.com.br\",\"image\":{\"@type\":\"ImageObject\",\"inLanguage\":\"pt-BR\",\"@id\":\"https:\\\/\\\/secure.gravatar.com\\\/avatar\\\/591a507b759fa000b57ae174373cfe3340385427fe67262e8cdd8072bc573b93?s=96&d=mm&r=g\",\"url\":\"https:\\\/\\\/secure.gravatar.com\\\/avatar\\\/591a507b759fa000b57ae174373cfe3340385427fe67262e8cdd8072bc573b93?s=96&d=mm&r=g\",\"contentUrl\":\"https:\\\/\\\/secure.gravatar.com\\\/avatar\\\/591a507b759fa000b57ae174373cfe3340385427fe67262e8cdd8072bc573b93?s=96&d=mm&r=g\",\"caption\":\"tsukianimes.com.br\"},\"sameAs\":[\"http:\\\/\\\/tsukianimes.com.br\"],\"url\":\"https:\\\/\\\/tsukianimes.com.br\\\/index.php\\\/author\\\/tsukianimes-com-br\\\/\"}]}<\/script>\n<!-- \/ Yoast SEO plugin. -->","yoast_head_json":{"title":"Isekai da m\u00e1quina de vendas tem segunda temporada confirmada - Tsuki Animes","description":"O anime\u00a0Reencarnado numa m\u00e1quina de vendas, agora exploro a masmorra teve sua segunda temporada confirmada nas redes sociais.","robots":{"index":"index","follow":"follow","max-snippet":"max-snippet:-1","max-image-preview":"max-image-preview:large","max-video-preview":"max-video-preview:-1"},"canonical":"https:\/\/tsukianimes.com.br\/index.php\/2023\/09\/21\/isekai-da-maquina-de-vendas-tem-segunda-temporada-confirmada\/","og_locale":"pt_BR","og_type":"article","og_title":"Isekai da m\u00e1quina de vendas tem segunda temporada confirmada","og_description":"Leia mais...","og_url":"https:\/\/tsukianimes.com.br\/index.php\/2023\/09\/21\/isekai-da-maquina-de-vendas-tem-segunda-temporada-confirmada\/","og_site_name":"Tsuki Animes","article_published_time":"2023-09-22T00:43:40+00:00","article_modified_time":"2023-09-22T00:44:24+00:00","og_image":[{"width":1200,"height":729,"url":"https:\/\/tsukianimes.com.br\/wp-content\/uploads\/2023\/09\/F6eOLkfXwAEetXO.jpeg","type":"image\/jpeg"}],"author":"tsukianimes.com.br","twitter_card":"summary_large_image","twitter_misc":{"Escrito por":"tsukianimes.com.br","Est. tempo de leitura":"1 minuto"},"schema":{"@context":"https:\/\/schema.org","@graph":[{"@type":"Article","@id":"https:\/\/tsukianimes.com.br\/index.php\/2023\/09\/21\/isekai-da-maquina-de-vendas-tem-segunda-temporada-confirmada\/#article","isPartOf":{"@id":"https:\/\/tsukianimes.com.br\/index.php\/2023\/09\/21\/isekai-da-maquina-de-vendas-tem-segunda-temporada-confirmada\/"},"author":{"name":"tsukianimes.com.br","@id":"https:\/\/tsukianimes.com.br\/#\/schema\/person\/9e17947002e7239c44dbc8cf7674f0b1"},"headline":"Isekai da m\u00e1quina de vendas tem segunda temporada confirmada","datePublished":"2023-09-22T00:43:40+00:00","dateModified":"2023-09-22T00:44:24+00:00","mainEntityOfPage":{"@id":"https:\/\/tsukianimes.com.br\/index.php\/2023\/09\/21\/isekai-da-maquina-de-vendas-tem-segunda-temporada-confirmada\/"},"wordCount":139,"commentCount":0,"publisher":{"@id":"https:\/\/tsukianimes.com.br\/#organization"},"image":{"@id":"https:\/\/tsukianimes.com.br\/index.php\/2023\/09\/21\/isekai-da-maquina-de-vendas-tem-segunda-temporada-confirmada\/#primaryimage"},"thumbnailUrl":"https:\/\/tsukianimes.com.br\/wp-content\/uploads\/2023\/09\/F6eOLkfXwAEetXO.jpeg","keywords":["animes","reencarnado numa m\u00e1quina de vendas"],"articleSection":["Animes"],"inLanguage":"pt-BR","potentialAction":[{"@type":"CommentAction","name":"Comment","target":["https:\/\/tsukianimes.com.br\/index.php\/2023\/09\/21\/isekai-da-maquina-de-vendas-tem-segunda-temporada-confirmada\/#respond"]}]},{"@type":"WebPage","@id":"https:\/\/tsukianimes.com.br\/index.php\/2023\/09\/21\/isekai-da-maquina-de-vendas-tem-segunda-temporada-confirmada\/","url":"https:\/\/tsukianimes.com.br\/index.php\/2023\/09\/21\/isekai-da-maquina-de-vendas-tem-segunda-temporada-confirmada\/","name":"Isekai da m\u00e1quina de vendas tem segunda temporada confirmada - Tsuki Animes","isPartOf":{"@id":"https:\/\/tsukianimes.com.br\/#website"},"primaryImageOfPage":{"@id":"https:\/\/tsukianimes.com.br\/index.php\/2023\/09\/21\/isekai-da-maquina-de-vendas-tem-segunda-temporada-confirmada\/#primaryimage"},"image":{"@id":"https:\/\/tsukianimes.com.br\/index.php\/2023\/09\/21\/isekai-da-maquina-de-vendas-tem-segunda-temporada-confirmada\/#primaryimage"},"thumbnailUrl":"https:\/\/tsukianimes.com.br\/wp-content\/uploads\/2023\/09\/F6eOLkfXwAEetXO.jpeg","datePublished":"2023-09-22T00:43:40+00:00","dateModified":"2023-09-22T00:44:24+00:00","description":"O anime\u00a0Reencarnado numa m\u00e1quina de vendas, agora exploro a masmorra teve sua segunda temporada confirmada nas redes sociais.","breadcrumb":{"@id":"https:\/\/tsukianimes.com.br\/index.php\/2023\/09\/21\/isekai-da-maquina-de-vendas-tem-segunda-temporada-confirmada\/#breadcrumb"},"inLanguage":"pt-BR","potentialAction":[{"@type":"ReadAction","target":["https:\/\/tsukianimes.com.br\/index.php\/2023\/09\/21\/isekai-da-maquina-de-vendas-tem-segunda-temporada-confirmada\/"]}]},{"@type":"ImageObject","inLanguage":"pt-BR","@id":"https:\/\/tsukianimes.com.br\/index.php\/2023\/09\/21\/isekai-da-maquina-de-vendas-tem-segunda-temporada-confirmada\/#primaryimage","url":"https:\/\/tsukianimes.com.br\/wp-content\/uploads\/2023\/09\/F6eOLkfXwAEetXO.jpeg","contentUrl":"https:\/\/tsukianimes.com.br\/wp-content\/uploads\/2023\/09\/F6eOLkfXwAEetXO.jpeg","width":1200,"height":729,"caption":"Reencarnado numa m\u00e1quina de vendas S2"},{"@type":"BreadcrumbList","@id":"https:\/\/tsukianimes.com.br\/index.php\/2023\/09\/21\/isekai-da-maquina-de-vendas-tem-segunda-temporada-confirmada\/#breadcrumb","itemListElement":[{"@type":"ListItem","position":1,"name":"In\u00edcio","item":"https:\/\/tsukianimes.com.br\/"},{"@type":"ListItem","position":2,"name":"Isekai da m\u00e1quina de vendas tem segunda temporada confirmada"}]},{"@type":"WebSite","@id":"https:\/\/tsukianimes.com.br\/#website","url":"https:\/\/tsukianimes.com.br\/","name":"Tsuki Animes","description":"","publisher":{"@id":"https:\/\/tsukianimes.com.br\/#organization"},"potentialAction":[{"@type":"SearchAction","target":{"@type":"EntryPoint","urlTemplate":"https:\/\/tsukianimes.com.br\/?s={search_term_string}"},"query-input":{"@type":"PropertyValueSpecification","valueRequired":true,"valueName":"search_term_string"}}],"inLanguage":"pt-BR"},{"@type":"Organization","@id":"https:\/\/tsukianimes.com.br\/#organization","name":"Tsuki Animes","url":"https:\/\/tsukianimes.com.br\/","logo":{"@type":"ImageObject","inLanguage":"pt-BR","@id":"https:\/\/tsukianimes.com.br\/#\/schema\/logo\/image\/","url":"https:\/\/tsukianimes.com.br\/wp-content\/uploads\/2023\/06\/cropped-Ativo-4-1.png","contentUrl":"https:\/\/tsukianimes.com.br\/wp-content\/uploads\/2023\/06\/cropped-Ativo-4-1.png","width":1314,"height":246,"caption":"Tsuki Animes"},"image":{"@id":"https:\/\/tsukianimes.com.br\/#\/schema\/logo\/image\/"}},{"@type":"Person","@id":"https:\/\/tsukianimes.com.br\/#\/schema\/person\/9e17947002e7239c44dbc8cf7674f0b1","name":"tsukianimes.com.br","image":{"@type":"ImageObject","inLanguage":"pt-BR","@id":"https:\/\/secure.gravatar.com\/avatar\/591a507b759fa000b57ae174373cfe3340385427fe67262e8cdd8072bc573b93?s=96&d=mm&r=g","url":"https:\/\/secure.gravatar.com\/avatar\/591a507b759fa000b57ae174373cfe3340385427fe67262e8cdd8072bc573b93?s=96&d=mm&r=g","contentUrl":"https:\/\/secure.gravatar.com\/avatar\/591a507b759fa000b57ae174373cfe3340385427fe67262e8cdd8072bc573b93?s=96&d=mm&r=g","caption":"tsukianimes.com.br"},"sameAs":["http:\/\/tsukianimes.com.br"],"url":"https:\/\/tsukianimes.com.br\/index.php\/author\/tsukianimes-com-br\/"}]}},"amp_enabled":true,"_links":{"self":[{"href":"https:\/\/tsukianimes.com.br\/index.php\/wp-json\/wp\/v2\/posts\/593","targetHints":{"allow":["GET"]}}],"collection":[{"href":"https:\/\/tsukianimes.com.br\/index.php\/wp-json\/wp\/v2\/posts"}],"about":[{"href":"https:\/\/tsukianimes.com.br\/index.php\/wp-json\/wp\/v2\/types\/post"}],"author":[{"embeddable":true,"href":"https:\/\/tsukianimes.com.br\/index.php\/wp-json\/wp\/v2\/users\/1"}],"replies":[{"embeddable":true,"href":"https:\/\/tsukianimes.com.br\/index.php\/wp-json\/wp\/v2\/comments?post=593"}],"version-history":[{"count":2,"href":"https:\/\/tsukianimes.com.br\/index.php\/wp-json\/wp\/v2\/posts\/593\/revisions"}],"predecessor-version":[{"id":600,"href":"https:\/\/tsukianimes.com.br\/index.php\/wp-json\/wp\/v2\/posts\/593\/revisions\/600"}],"wp:featuredmedia":[{"embeddable":true,"href":"https:\/\/tsukianimes.com.br\/index.php\/wp-json\/wp\/v2\/media\/599"}],"wp:attachment":[{"href":"https:\/\/tsukianimes.com.br\/index.php\/wp-json\/wp\/v2\/media?parent=593"}],"wp:term":[{"taxonomy":"category","embeddable":true,"href":"https:\/\/tsukianimes.com.br\/index.php\/wp-json\/wp\/v2\/categories?post=593"},{"taxonomy":"post_tag","embeddable":true,"href":"https:\/\/tsukianimes.com.br\/index.php\/wp-json\/wp\/v2\/tags?post=593"}],"curies":[{"name":"wp","href":"https:\/\/api.w.org\/{rel}","templated":true}]}}