{"id":569,"date":"2023-09-11T22:19:54","date_gmt":"2023-09-12T01:19:54","guid":{"rendered":"https:\/\/tsukianimes.com.br\/?p=569"},"modified":"2023-09-11T22:19:54","modified_gmt":"2023-09-12T01:19:54","slug":"segunda-temporada-de-the-eminence-in-shadow-estreia-em-outubro","status":"publish","type":"post","link":"https:\/\/tsukianimes.com.br\/index.php\/2023\/09\/11\/segunda-temporada-de-the-eminence-in-shadow-estreia-em-outubro\/","title":{"rendered":"Segunda temporada de The Eminence in Shadow estreia em outubro"},"content":{"rendered":"<p>A segunda temporada do anime\u00a0<em>The Eminence in Shadow<\/em> teve sua data de estreia confirmada para o dia 4 de outubro, conforme anunciado pela produ\u00e7\u00e3o da s\u00e9rie nas redes sociais. Foram revelados tamb\u00e9m uma nova imagem promocional e um novo trailer.<\/p>\n<p>O isekai \u00e9 baseada na light novel hom\u00f4nima, que conta a hist\u00f3ria de Cid, um menino que morreu e reencarnou em um mundo de fantasia. Um dia, ele teve a oportunidade de salvar uma elfa e inventa uma conspira\u00e7\u00e3o. O problema \u00e9 que as hist\u00f3rias que ele inventou s\u00e3o realidade.<\/p>\n<p><em>Foto: Reprodu\u00e7\u00e3o\/ Twitter oficial.<\/em><\/p>\n<blockquote class=\"twitter-tweet\" data-width=\"550\" data-dnt=\"true\">\n<p lang=\"ja\" dir=\"ltr\">\u25e4<br \/>\u30002nd season<br \/>\u300010.4 ON AIR<br \/>\u3000\u3000 \u3000\u3000\u3000\u3000 \u25e2<a href=\"https:\/\/twitter.com\/hashtag\/%E9%99%B0%E3%81%AE%E5%AE%9F%E5%8A%9B%E8%80%85?src=hash&amp;ref_src=twsrc%5Etfw\">#\u9670\u306e\u5b9f\u529b\u8005<\/a> \u306b\u306a\u308a\u305f\u304f\u3066\uff01 2nd season<br \/>AT-X\u3001TOKYO MX\u3001\uff22\uff33\u65e5\u30c6\u30ec\u4ed6\u306b\u3066<br \/>1\ufe0f\u20e30\ufe0f\u20e3\u67084\ufe0f\u20e3\u65e5(\u6c34) \u653e\u9001\u958b\u59cb\u203c\ufe0f<\/p>\n<p>ABEMA\u3001d\u30a2\u30cb\u30e1\u30b9\u30c8\u30a2\u306b\u3066<br \/>\u5730\u4e0a\u6ce2\u5148\u884c\u30fb\u6700\u901f\u914d\u4fe1\uff01<\/p>\n<p>\u2666\ufe0e\u653e\u9001\uff06\u914d\u4fe1\u60c5\u5831<a href=\"https:\/\/t.co\/L1WYUvwBTG\">https:\/\/t.co\/L1WYUvwBTG<\/a><\/p>\n<p>\u2666\ufe0ePV\u7b2c3\u5f3e\u89e3\u7981<a href=\"https:\/\/t.co\/5tb7aUAAaY\">https:\/\/t.co\/5tb7aUAAaY<\/a> <a href=\"https:\/\/t.co\/zQtsx6KdrA\">pic.twitter.com\/zQtsx6KdrA<\/a><\/p>\n<p>&mdash; \u300e\u9670\u306e\u5b9f\u529b\u8005\u306b\u306a\u308a\u305f\u304f\u3066\uff01\u300f\u516c\u5f0f (@Shadowgarden_PR) <a href=\"https:\/\/twitter.com\/Shadowgarden_PR\/status\/1699392196938727662?ref_src=twsrc%5Etfw\">September 6, 2023<\/a><\/p><\/blockquote>\n<p><script async src=\"https:\/\/platform.twitter.com\/widgets.js\" charset=\"utf-8\"><\/script><\/p>\n<p>&nbsp;<\/p>\n","protected":false},"excerpt":{"rendered":"<p>A segunda temporada do anime\u00a0The Eminence in Shadow teve sua data de estreia confirmada para o dia 4 de outubro, conforme anunciado pela produ\u00e7\u00e3o da s\u00e9rie nas redes sociais. Foram revelados tamb\u00e9m uma nova imagem promocional e um novo trailer. O isekai \u00e9 baseada na light novel hom\u00f4nima, que conta a hist\u00f3ria de Cid, um &hellip; <\/p>\n","protected":false},"author":1,"featured_media":577,"comment_status":"open","ping_status":"open","sticky":false,"template":"","format":"standard","meta":{"om_disable_all_campaigns":false,"_monsterinsights_skip_tracking":false,"_monsterinsights_sitenote_active":false,"_monsterinsights_sitenote_note":"","_monsterinsights_sitenote_category":0,"_uf_show_specific_survey":0,"_uf_disable_surveys":false,"footnotes":""},"categories":[2],"tags":[3,113],"class_list":["post-569","post","type-post","status-publish","format-standard","has-post-thumbnail","hentry","category-animes","tag-animes","tag-the-eminence-in-shadow","latest_post"],"yoast_head":"<!-- This site is optimized with the Yoast SEO plugin v27.4 - https:\/\/yoast.com\/product\/yoast-seo-wordpress\/ -->\n<title>Segunda temporada de The Eminence in Shadow estreia em outubro - Tsuki Animes<\/title>\n<meta name=\"robots\" content=\"index, follow, max-snippet:-1, max-image-preview:large, max-video-preview:-1\" \/>\n<link rel=\"canonical\" href=\"https:\/\/tsukianimes.com.br\/index.php\/2023\/09\/11\/segunda-temporada-de-the-eminence-in-shadow-estreia-em-outubro\/\" \/>\n<meta property=\"og:locale\" content=\"pt_BR\" \/>\n<meta property=\"og:type\" content=\"article\" \/>\n<meta property=\"og:title\" content=\"Segunda temporada de The Eminence in Shadow estreia em outubro\" \/>\n<meta property=\"og:description\" content=\"Leia mais...\" \/>\n<meta property=\"og:url\" content=\"https:\/\/tsukianimes.com.br\/index.php\/2023\/09\/11\/segunda-temporada-de-the-eminence-in-shadow-estreia-em-outubro\/\" \/>\n<meta property=\"og:site_name\" content=\"Tsuki Animes\" \/>\n<meta property=\"article:published_time\" content=\"2023-09-12T01:19:54+00:00\" \/>\n<meta property=\"og:image\" content=\"https:\/\/tsukianimes.com.br\/wp-content\/uploads\/2023\/09\/F5V0MTZaoAAzmWH.webp\" \/>\n\t<meta property=\"og:image:width\" content=\"642\" \/>\n\t<meta property=\"og:image:height\" content=\"900\" \/>\n\t<meta property=\"og:image:type\" content=\"image\/webp\" \/>\n<meta name=\"author\" content=\"tsukianimes.com.br\" \/>\n<meta name=\"twitter:card\" content=\"summary_large_image\" \/>\n<meta name=\"twitter:label1\" content=\"Escrito por\" \/>\n\t<meta name=\"twitter:data1\" content=\"tsukianimes.com.br\" \/>\n\t<meta name=\"twitter:label2\" content=\"Est. tempo de leitura\" \/>\n\t<meta name=\"twitter:data2\" content=\"1 minuto\" \/>\n<script type=\"application\/ld+json\" class=\"yoast-schema-graph\">{\"@context\":\"https:\\\/\\\/schema.org\",\"@graph\":[{\"@type\":\"Article\",\"@id\":\"https:\\\/\\\/tsukianimes.com.br\\\/index.php\\\/2023\\\/09\\\/11\\\/segunda-temporada-de-the-eminence-in-shadow-estreia-em-outubro\\\/#article\",\"isPartOf\":{\"@id\":\"https:\\\/\\\/tsukianimes.com.br\\\/index.php\\\/2023\\\/09\\\/11\\\/segunda-temporada-de-the-eminence-in-shadow-estreia-em-outubro\\\/\"},\"author\":{\"name\":\"tsukianimes.com.br\",\"@id\":\"https:\\\/\\\/tsukianimes.com.br\\\/#\\\/schema\\\/person\\\/9e17947002e7239c44dbc8cf7674f0b1\"},\"headline\":\"Segunda temporada de The Eminence in Shadow estreia em outubro\",\"datePublished\":\"2023-09-12T01:19:54+00:00\",\"mainEntityOfPage\":{\"@id\":\"https:\\\/\\\/tsukianimes.com.br\\\/index.php\\\/2023\\\/09\\\/11\\\/segunda-temporada-de-the-eminence-in-shadow-estreia-em-outubro\\\/\"},\"wordCount\":118,\"commentCount\":0,\"publisher\":{\"@id\":\"https:\\\/\\\/tsukianimes.com.br\\\/#organization\"},\"image\":{\"@id\":\"https:\\\/\\\/tsukianimes.com.br\\\/index.php\\\/2023\\\/09\\\/11\\\/segunda-temporada-de-the-eminence-in-shadow-estreia-em-outubro\\\/#primaryimage\"},\"thumbnailUrl\":\"https:\\\/\\\/tsukianimes.com.br\\\/wp-content\\\/uploads\\\/2023\\\/09\\\/F5V0MTZaoAAzmWH.webp\",\"keywords\":[\"animes\",\"the eminence in shadow\"],\"articleSection\":[\"Animes\"],\"inLanguage\":\"pt-BR\",\"potentialAction\":[{\"@type\":\"CommentAction\",\"name\":\"Comment\",\"target\":[\"https:\\\/\\\/tsukianimes.com.br\\\/index.php\\\/2023\\\/09\\\/11\\\/segunda-temporada-de-the-eminence-in-shadow-estreia-em-outubro\\\/#respond\"]}]},{\"@type\":\"WebPage\",\"@id\":\"https:\\\/\\\/tsukianimes.com.br\\\/index.php\\\/2023\\\/09\\\/11\\\/segunda-temporada-de-the-eminence-in-shadow-estreia-em-outubro\\\/\",\"url\":\"https:\\\/\\\/tsukianimes.com.br\\\/index.php\\\/2023\\\/09\\\/11\\\/segunda-temporada-de-the-eminence-in-shadow-estreia-em-outubro\\\/\",\"name\":\"Segunda temporada de The Eminence in Shadow estreia em outubro - Tsuki Animes\",\"isPartOf\":{\"@id\":\"https:\\\/\\\/tsukianimes.com.br\\\/#website\"},\"primaryImageOfPage\":{\"@id\":\"https:\\\/\\\/tsukianimes.com.br\\\/index.php\\\/2023\\\/09\\\/11\\\/segunda-temporada-de-the-eminence-in-shadow-estreia-em-outubro\\\/#primaryimage\"},\"image\":{\"@id\":\"https:\\\/\\\/tsukianimes.com.br\\\/index.php\\\/2023\\\/09\\\/11\\\/segunda-temporada-de-the-eminence-in-shadow-estreia-em-outubro\\\/#primaryimage\"},\"thumbnailUrl\":\"https:\\\/\\\/tsukianimes.com.br\\\/wp-content\\\/uploads\\\/2023\\\/09\\\/F5V0MTZaoAAzmWH.webp\",\"datePublished\":\"2023-09-12T01:19:54+00:00\",\"breadcrumb\":{\"@id\":\"https:\\\/\\\/tsukianimes.com.br\\\/index.php\\\/2023\\\/09\\\/11\\\/segunda-temporada-de-the-eminence-in-shadow-estreia-em-outubro\\\/#breadcrumb\"},\"inLanguage\":\"pt-BR\",\"potentialAction\":[{\"@type\":\"ReadAction\",\"target\":[\"https:\\\/\\\/tsukianimes.com.br\\\/index.php\\\/2023\\\/09\\\/11\\\/segunda-temporada-de-the-eminence-in-shadow-estreia-em-outubro\\\/\"]}]},{\"@type\":\"ImageObject\",\"inLanguage\":\"pt-BR\",\"@id\":\"https:\\\/\\\/tsukianimes.com.br\\\/index.php\\\/2023\\\/09\\\/11\\\/segunda-temporada-de-the-eminence-in-shadow-estreia-em-outubro\\\/#primaryimage\",\"url\":\"https:\\\/\\\/tsukianimes.com.br\\\/wp-content\\\/uploads\\\/2023\\\/09\\\/F5V0MTZaoAAzmWH.webp\",\"contentUrl\":\"https:\\\/\\\/tsukianimes.com.br\\\/wp-content\\\/uploads\\\/2023\\\/09\\\/F5V0MTZaoAAzmWH.webp\",\"width\":642,\"height\":900,\"caption\":\"The Eminence in Shadow S2\"},{\"@type\":\"BreadcrumbList\",\"@id\":\"https:\\\/\\\/tsukianimes.com.br\\\/index.php\\\/2023\\\/09\\\/11\\\/segunda-temporada-de-the-eminence-in-shadow-estreia-em-outubro\\\/#breadcrumb\",\"itemListElement\":[{\"@type\":\"ListItem\",\"position\":1,\"name\":\"In\u00edcio\",\"item\":\"https:\\\/\\\/tsukianimes.com.br\\\/\"},{\"@type\":\"ListItem\",\"position\":2,\"name\":\"Segunda temporada de The Eminence in Shadow estreia em outubro\"}]},{\"@type\":\"WebSite\",\"@id\":\"https:\\\/\\\/tsukianimes.com.br\\\/#website\",\"url\":\"https:\\\/\\\/tsukianimes.com.br\\\/\",\"name\":\"Tsuki Animes\",\"description\":\"\",\"publisher\":{\"@id\":\"https:\\\/\\\/tsukianimes.com.br\\\/#organization\"},\"potentialAction\":[{\"@type\":\"SearchAction\",\"target\":{\"@type\":\"EntryPoint\",\"urlTemplate\":\"https:\\\/\\\/tsukianimes.com.br\\\/?s={search_term_string}\"},\"query-input\":{\"@type\":\"PropertyValueSpecification\",\"valueRequired\":true,\"valueName\":\"search_term_string\"}}],\"inLanguage\":\"pt-BR\"},{\"@type\":\"Organization\",\"@id\":\"https:\\\/\\\/tsukianimes.com.br\\\/#organization\",\"name\":\"Tsuki Animes\",\"url\":\"https:\\\/\\\/tsukianimes.com.br\\\/\",\"logo\":{\"@type\":\"ImageObject\",\"inLanguage\":\"pt-BR\",\"@id\":\"https:\\\/\\\/tsukianimes.com.br\\\/#\\\/schema\\\/logo\\\/image\\\/\",\"url\":\"https:\\\/\\\/tsukianimes.com.br\\\/wp-content\\\/uploads\\\/2023\\\/06\\\/cropped-Ativo-4-1.png\",\"contentUrl\":\"https:\\\/\\\/tsukianimes.com.br\\\/wp-content\\\/uploads\\\/2023\\\/06\\\/cropped-Ativo-4-1.png\",\"width\":1314,\"height\":246,\"caption\":\"Tsuki Animes\"},\"image\":{\"@id\":\"https:\\\/\\\/tsukianimes.com.br\\\/#\\\/schema\\\/logo\\\/image\\\/\"}},{\"@type\":\"Person\",\"@id\":\"https:\\\/\\\/tsukianimes.com.br\\\/#\\\/schema\\\/person\\\/9e17947002e7239c44dbc8cf7674f0b1\",\"name\":\"tsukianimes.com.br\",\"image\":{\"@type\":\"ImageObject\",\"inLanguage\":\"pt-BR\",\"@id\":\"https:\\\/\\\/secure.gravatar.com\\\/avatar\\\/591a507b759fa000b57ae174373cfe3340385427fe67262e8cdd8072bc573b93?s=96&d=mm&r=g\",\"url\":\"https:\\\/\\\/secure.gravatar.com\\\/avatar\\\/591a507b759fa000b57ae174373cfe3340385427fe67262e8cdd8072bc573b93?s=96&d=mm&r=g\",\"contentUrl\":\"https:\\\/\\\/secure.gravatar.com\\\/avatar\\\/591a507b759fa000b57ae174373cfe3340385427fe67262e8cdd8072bc573b93?s=96&d=mm&r=g\",\"caption\":\"tsukianimes.com.br\"},\"sameAs\":[\"http:\\\/\\\/tsukianimes.com.br\"],\"url\":\"https:\\\/\\\/tsukianimes.com.br\\\/index.php\\\/author\\\/tsukianimes-com-br\\\/\"}]}<\/script>\n<!-- \/ Yoast SEO plugin. -->","yoast_head_json":{"title":"Segunda temporada de The Eminence in Shadow estreia em outubro - Tsuki Animes","robots":{"index":"index","follow":"follow","max-snippet":"max-snippet:-1","max-image-preview":"max-image-preview:large","max-video-preview":"max-video-preview:-1"},"canonical":"https:\/\/tsukianimes.com.br\/index.php\/2023\/09\/11\/segunda-temporada-de-the-eminence-in-shadow-estreia-em-outubro\/","og_locale":"pt_BR","og_type":"article","og_title":"Segunda temporada de The Eminence in Shadow estreia em outubro","og_description":"Leia mais...","og_url":"https:\/\/tsukianimes.com.br\/index.php\/2023\/09\/11\/segunda-temporada-de-the-eminence-in-shadow-estreia-em-outubro\/","og_site_name":"Tsuki Animes","article_published_time":"2023-09-12T01:19:54+00:00","og_image":[{"width":642,"height":900,"url":"https:\/\/tsukianimes.com.br\/wp-content\/uploads\/2023\/09\/F5V0MTZaoAAzmWH.webp","type":"image\/webp"}],"author":"tsukianimes.com.br","twitter_card":"summary_large_image","twitter_misc":{"Escrito por":"tsukianimes.com.br","Est. tempo de leitura":"1 minuto"},"schema":{"@context":"https:\/\/schema.org","@graph":[{"@type":"Article","@id":"https:\/\/tsukianimes.com.br\/index.php\/2023\/09\/11\/segunda-temporada-de-the-eminence-in-shadow-estreia-em-outubro\/#article","isPartOf":{"@id":"https:\/\/tsukianimes.com.br\/index.php\/2023\/09\/11\/segunda-temporada-de-the-eminence-in-shadow-estreia-em-outubro\/"},"author":{"name":"tsukianimes.com.br","@id":"https:\/\/tsukianimes.com.br\/#\/schema\/person\/9e17947002e7239c44dbc8cf7674f0b1"},"headline":"Segunda temporada de The Eminence in Shadow estreia em outubro","datePublished":"2023-09-12T01:19:54+00:00","mainEntityOfPage":{"@id":"https:\/\/tsukianimes.com.br\/index.php\/2023\/09\/11\/segunda-temporada-de-the-eminence-in-shadow-estreia-em-outubro\/"},"wordCount":118,"commentCount":0,"publisher":{"@id":"https:\/\/tsukianimes.com.br\/#organization"},"image":{"@id":"https:\/\/tsukianimes.com.br\/index.php\/2023\/09\/11\/segunda-temporada-de-the-eminence-in-shadow-estreia-em-outubro\/#primaryimage"},"thumbnailUrl":"https:\/\/tsukianimes.com.br\/wp-content\/uploads\/2023\/09\/F5V0MTZaoAAzmWH.webp","keywords":["animes","the eminence in shadow"],"articleSection":["Animes"],"inLanguage":"pt-BR","potentialAction":[{"@type":"CommentAction","name":"Comment","target":["https:\/\/tsukianimes.com.br\/index.php\/2023\/09\/11\/segunda-temporada-de-the-eminence-in-shadow-estreia-em-outubro\/#respond"]}]},{"@type":"WebPage","@id":"https:\/\/tsukianimes.com.br\/index.php\/2023\/09\/11\/segunda-temporada-de-the-eminence-in-shadow-estreia-em-outubro\/","url":"https:\/\/tsukianimes.com.br\/index.php\/2023\/09\/11\/segunda-temporada-de-the-eminence-in-shadow-estreia-em-outubro\/","name":"Segunda temporada de The Eminence in Shadow estreia em outubro - Tsuki Animes","isPartOf":{"@id":"https:\/\/tsukianimes.com.br\/#website"},"primaryImageOfPage":{"@id":"https:\/\/tsukianimes.com.br\/index.php\/2023\/09\/11\/segunda-temporada-de-the-eminence-in-shadow-estreia-em-outubro\/#primaryimage"},"image":{"@id":"https:\/\/tsukianimes.com.br\/index.php\/2023\/09\/11\/segunda-temporada-de-the-eminence-in-shadow-estreia-em-outubro\/#primaryimage"},"thumbnailUrl":"https:\/\/tsukianimes.com.br\/wp-content\/uploads\/2023\/09\/F5V0MTZaoAAzmWH.webp","datePublished":"2023-09-12T01:19:54+00:00","breadcrumb":{"@id":"https:\/\/tsukianimes.com.br\/index.php\/2023\/09\/11\/segunda-temporada-de-the-eminence-in-shadow-estreia-em-outubro\/#breadcrumb"},"inLanguage":"pt-BR","potentialAction":[{"@type":"ReadAction","target":["https:\/\/tsukianimes.com.br\/index.php\/2023\/09\/11\/segunda-temporada-de-the-eminence-in-shadow-estreia-em-outubro\/"]}]},{"@type":"ImageObject","inLanguage":"pt-BR","@id":"https:\/\/tsukianimes.com.br\/index.php\/2023\/09\/11\/segunda-temporada-de-the-eminence-in-shadow-estreia-em-outubro\/#primaryimage","url":"https:\/\/tsukianimes.com.br\/wp-content\/uploads\/2023\/09\/F5V0MTZaoAAzmWH.webp","contentUrl":"https:\/\/tsukianimes.com.br\/wp-content\/uploads\/2023\/09\/F5V0MTZaoAAzmWH.webp","width":642,"height":900,"caption":"The Eminence in Shadow S2"},{"@type":"BreadcrumbList","@id":"https:\/\/tsukianimes.com.br\/index.php\/2023\/09\/11\/segunda-temporada-de-the-eminence-in-shadow-estreia-em-outubro\/#breadcrumb","itemListElement":[{"@type":"ListItem","position":1,"name":"In\u00edcio","item":"https:\/\/tsukianimes.com.br\/"},{"@type":"ListItem","position":2,"name":"Segunda temporada de The Eminence in Shadow estreia em outubro"}]},{"@type":"WebSite","@id":"https:\/\/tsukianimes.com.br\/#website","url":"https:\/\/tsukianimes.com.br\/","name":"Tsuki Animes","description":"","publisher":{"@id":"https:\/\/tsukianimes.com.br\/#organization"},"potentialAction":[{"@type":"SearchAction","target":{"@type":"EntryPoint","urlTemplate":"https:\/\/tsukianimes.com.br\/?s={search_term_string}"},"query-input":{"@type":"PropertyValueSpecification","valueRequired":true,"valueName":"search_term_string"}}],"inLanguage":"pt-BR"},{"@type":"Organization","@id":"https:\/\/tsukianimes.com.br\/#organization","name":"Tsuki Animes","url":"https:\/\/tsukianimes.com.br\/","logo":{"@type":"ImageObject","inLanguage":"pt-BR","@id":"https:\/\/tsukianimes.com.br\/#\/schema\/logo\/image\/","url":"https:\/\/tsukianimes.com.br\/wp-content\/uploads\/2023\/06\/cropped-Ativo-4-1.png","contentUrl":"https:\/\/tsukianimes.com.br\/wp-content\/uploads\/2023\/06\/cropped-Ativo-4-1.png","width":1314,"height":246,"caption":"Tsuki Animes"},"image":{"@id":"https:\/\/tsukianimes.com.br\/#\/schema\/logo\/image\/"}},{"@type":"Person","@id":"https:\/\/tsukianimes.com.br\/#\/schema\/person\/9e17947002e7239c44dbc8cf7674f0b1","name":"tsukianimes.com.br","image":{"@type":"ImageObject","inLanguage":"pt-BR","@id":"https:\/\/secure.gravatar.com\/avatar\/591a507b759fa000b57ae174373cfe3340385427fe67262e8cdd8072bc573b93?s=96&d=mm&r=g","url":"https:\/\/secure.gravatar.com\/avatar\/591a507b759fa000b57ae174373cfe3340385427fe67262e8cdd8072bc573b93?s=96&d=mm&r=g","contentUrl":"https:\/\/secure.gravatar.com\/avatar\/591a507b759fa000b57ae174373cfe3340385427fe67262e8cdd8072bc573b93?s=96&d=mm&r=g","caption":"tsukianimes.com.br"},"sameAs":["http:\/\/tsukianimes.com.br"],"url":"https:\/\/tsukianimes.com.br\/index.php\/author\/tsukianimes-com-br\/"}]}},"amp_enabled":true,"_links":{"self":[{"href":"https:\/\/tsukianimes.com.br\/index.php\/wp-json\/wp\/v2\/posts\/569","targetHints":{"allow":["GET"]}}],"collection":[{"href":"https:\/\/tsukianimes.com.br\/index.php\/wp-json\/wp\/v2\/posts"}],"about":[{"href":"https:\/\/tsukianimes.com.br\/index.php\/wp-json\/wp\/v2\/types\/post"}],"author":[{"embeddable":true,"href":"https:\/\/tsukianimes.com.br\/index.php\/wp-json\/wp\/v2\/users\/1"}],"replies":[{"embeddable":true,"href":"https:\/\/tsukianimes.com.br\/index.php\/wp-json\/wp\/v2\/comments?post=569"}],"version-history":[{"count":4,"href":"https:\/\/tsukianimes.com.br\/index.php\/wp-json\/wp\/v2\/posts\/569\/revisions"}],"predecessor-version":[{"id":578,"href":"https:\/\/tsukianimes.com.br\/index.php\/wp-json\/wp\/v2\/posts\/569\/revisions\/578"}],"wp:featuredmedia":[{"embeddable":true,"href":"https:\/\/tsukianimes.com.br\/index.php\/wp-json\/wp\/v2\/media\/577"}],"wp:attachment":[{"href":"https:\/\/tsukianimes.com.br\/index.php\/wp-json\/wp\/v2\/media?parent=569"}],"wp:term":[{"taxonomy":"category","embeddable":true,"href":"https:\/\/tsukianimes.com.br\/index.php\/wp-json\/wp\/v2\/categories?post=569"},{"taxonomy":"post_tag","embeddable":true,"href":"https:\/\/tsukianimes.com.br\/index.php\/wp-json\/wp\/v2\/tags?post=569"}],"curies":[{"name":"wp","href":"https:\/\/api.w.org\/{rel}","templated":true}]}}