{"id":508,"date":"2023-08-16T23:11:50","date_gmt":"2023-08-17T02:11:50","guid":{"rendered":"https:\/\/tsukianimes.com.br\/?p=508"},"modified":"2023-08-16T23:11:50","modified_gmt":"2023-08-17T02:11:50","slug":"eyeshield-21-ganha-animacao-especial-em-aniversario-de-21-anos","status":"publish","type":"post","link":"https:\/\/tsukianimes.com.br\/index.php\/2023\/08\/16\/eyeshield-21-ganha-animacao-especial-em-aniversario-de-21-anos\/","title":{"rendered":"Eyeshield 21 ganha anima\u00e7\u00e3o especial em anivers\u00e1rio de 21 anos"},"content":{"rendered":"<p>A franquia\u00a0<em>Eyeshield 21<\/em> ganhou uma anima\u00e7\u00e3o especial de 1 minuto em comemora\u00e7\u00e3o ao anivers\u00e1rio de 21 anos da s\u00e9rie nesta quarta-feira (16). O v\u00eddeo foi compartilhado nas redes sociais do mangak\u00e1 Yusuke Murata, um dos criadores da s\u00e9rie.<\/p>\n<blockquote class=\"twitter-tweet\" data-width=\"550\" data-dnt=\"true\">\n<p lang=\"ja\" dir=\"ltr\">\u300c\u30a2\u30a4\u30b7\u30fc\u30eb\u30c9\uff12\uff11\u300d\u8aad\u307f\u5207\u308a\u544a\u77e5\u30a2\u30cb\u30e1\u306b\u97f3\u3092\u3064\u3051\u3066\u307f\u307e\u3057\u305f <a href=\"https:\/\/t.co\/jwqztfdQp0\">pic.twitter.com\/jwqztfdQp0<\/a><\/p>\n<p>&mdash; \u6751\u7530\u96c4\u4ecb (@NEBU_KURO) <a href=\"https:\/\/twitter.com\/NEBU_KURO\/status\/1691506845532459008?ref_src=twsrc%5Etfw\">August 15, 2023<\/a><\/p><\/blockquote>\n<p><script async src=\"https:\/\/platform.twitter.com\/widgets.js\" charset=\"utf-8\"><\/script><\/p>\n<p><em>Eyeshield 21<\/em> \u00e9 uma obra de futebol americano que foi serializada entre 2002 e 2009. Foram lan\u00e7ados 37 volumes, que venderam aproximadamente 20 milh\u00f5es de unidades em todo o mundo.<\/p>\n<p><em>Foto: Reprodu\u00e7\u00e3o\/ Twitter oficial Yusuke Murata.<\/em><\/p>\n","protected":false},"excerpt":{"rendered":"<p>A franquia\u00a0Eyeshield 21 ganhou uma anima\u00e7\u00e3o especial de 1 minuto em comemora\u00e7\u00e3o ao anivers\u00e1rio de 21 anos da s\u00e9rie nesta quarta-feira (16). O v\u00eddeo foi compartilhado nas redes sociais do mangak\u00e1 Yusuke Murata, um dos criadores da s\u00e9rie. \u300c\u30a2\u30a4\u30b7\u30fc\u30eb\u30c9\uff12\uff11\u300d\u8aad\u307f\u5207\u308a\u544a\u77e5\u30a2\u30cb\u30e1\u306b\u97f3\u3092\u3064\u3051\u3066\u307f\u307e\u3057\u305f pic.twitter.com\/jwqztfdQp0 &mdash; \u6751\u7530\u96c4\u4ecb (@NEBU_KURO) August 15, 2023 Eyeshield 21 \u00e9 uma obra de futebol americano que &hellip; <\/p>\n","protected":false},"author":1,"featured_media":516,"comment_status":"open","ping_status":"open","sticky":false,"template":"","format":"standard","meta":{"om_disable_all_campaigns":false,"_monsterinsights_skip_tracking":false,"_monsterinsights_sitenote_active":false,"_monsterinsights_sitenote_note":"","_monsterinsights_sitenote_category":0,"_uf_show_specific_survey":0,"_uf_disable_surveys":false,"footnotes":""},"categories":[5],"tags":[106,6],"class_list":["post-508","post","type-post","status-publish","format-standard","has-post-thumbnail","hentry","category-mangas","tag-eyeshield-21","tag-mangas","latest_post"],"yoast_head":"<!-- This site is optimized with the Yoast SEO plugin v27.4 - https:\/\/yoast.com\/product\/yoast-seo-wordpress\/ -->\n<title>Eyeshield 21 ganha anima\u00e7\u00e3o especial em anivers\u00e1rio de 21 anos - Tsuki Animes<\/title>\n<meta name=\"description\" content=\"A franquia\u00a0Eyeshield 21 ganhou uma anima\u00e7\u00e3o especial de 1 minuto em comemora\u00e7\u00e3o ao anivers\u00e1rio de 21 anos da s\u00e9rie nesta quarta-feira.\" \/>\n<meta name=\"robots\" content=\"index, follow, max-snippet:-1, max-image-preview:large, max-video-preview:-1\" \/>\n<link rel=\"canonical\" href=\"https:\/\/tsukianimes.com.br\/index.php\/2023\/08\/16\/eyeshield-21-ganha-animacao-especial-em-aniversario-de-21-anos\/\" \/>\n<meta property=\"og:locale\" content=\"pt_BR\" \/>\n<meta property=\"og:type\" content=\"article\" \/>\n<meta property=\"og:title\" content=\"Eyeshield 21 ganha anima\u00e7\u00e3o especial em anivers\u00e1rio de 21 anos\" \/>\n<meta property=\"og:description\" content=\"Leia mais...\" \/>\n<meta property=\"og:url\" content=\"https:\/\/tsukianimes.com.br\/index.php\/2023\/08\/16\/eyeshield-21-ganha-animacao-especial-em-aniversario-de-21-anos\/\" \/>\n<meta property=\"og:site_name\" content=\"Tsuki Animes\" \/>\n<meta property=\"article:published_time\" content=\"2023-08-17T02:11:50+00:00\" \/>\n<meta property=\"og:image\" content=\"https:\/\/tsukianimes.com.br\/wp-content\/uploads\/2023\/08\/F1sgeRQaMAA6Yhd.jpeg\" \/>\n\t<meta property=\"og:image:width\" content=\"1536\" \/>\n\t<meta property=\"og:image:height\" content=\"2048\" \/>\n\t<meta property=\"og:image:type\" content=\"image\/jpeg\" \/>\n<meta name=\"author\" content=\"tsukianimes.com.br\" \/>\n<meta name=\"twitter:card\" content=\"summary_large_image\" \/>\n<meta name=\"twitter:label1\" content=\"Escrito por\" \/>\n\t<meta name=\"twitter:data1\" content=\"tsukianimes.com.br\" \/>\n\t<meta name=\"twitter:label2\" content=\"Est. tempo de leitura\" \/>\n\t<meta name=\"twitter:data2\" content=\"1 minuto\" \/>\n<script type=\"application\/ld+json\" class=\"yoast-schema-graph\">{\"@context\":\"https:\\\/\\\/schema.org\",\"@graph\":[{\"@type\":\"Article\",\"@id\":\"https:\\\/\\\/tsukianimes.com.br\\\/index.php\\\/2023\\\/08\\\/16\\\/eyeshield-21-ganha-animacao-especial-em-aniversario-de-21-anos\\\/#article\",\"isPartOf\":{\"@id\":\"https:\\\/\\\/tsukianimes.com.br\\\/index.php\\\/2023\\\/08\\\/16\\\/eyeshield-21-ganha-animacao-especial-em-aniversario-de-21-anos\\\/\"},\"author\":{\"name\":\"tsukianimes.com.br\",\"@id\":\"https:\\\/\\\/tsukianimes.com.br\\\/#\\\/schema\\\/person\\\/9e17947002e7239c44dbc8cf7674f0b1\"},\"headline\":\"Eyeshield 21 ganha anima\u00e7\u00e3o especial em anivers\u00e1rio de 21 anos\",\"datePublished\":\"2023-08-17T02:11:50+00:00\",\"mainEntityOfPage\":{\"@id\":\"https:\\\/\\\/tsukianimes.com.br\\\/index.php\\\/2023\\\/08\\\/16\\\/eyeshield-21-ganha-animacao-especial-em-aniversario-de-21-anos\\\/\"},\"wordCount\":128,\"commentCount\":0,\"publisher\":{\"@id\":\"https:\\\/\\\/tsukianimes.com.br\\\/#organization\"},\"image\":{\"@id\":\"https:\\\/\\\/tsukianimes.com.br\\\/index.php\\\/2023\\\/08\\\/16\\\/eyeshield-21-ganha-animacao-especial-em-aniversario-de-21-anos\\\/#primaryimage\"},\"thumbnailUrl\":\"https:\\\/\\\/tsukianimes.com.br\\\/wp-content\\\/uploads\\\/2023\\\/08\\\/F1sgeRQaMAA6Yhd.jpeg\",\"keywords\":[\"eyeshield 21\",\"mang\u00e1s\"],\"articleSection\":[\"Mang\u00e1s\"],\"inLanguage\":\"pt-BR\",\"potentialAction\":[{\"@type\":\"CommentAction\",\"name\":\"Comment\",\"target\":[\"https:\\\/\\\/tsukianimes.com.br\\\/index.php\\\/2023\\\/08\\\/16\\\/eyeshield-21-ganha-animacao-especial-em-aniversario-de-21-anos\\\/#respond\"]}]},{\"@type\":\"WebPage\",\"@id\":\"https:\\\/\\\/tsukianimes.com.br\\\/index.php\\\/2023\\\/08\\\/16\\\/eyeshield-21-ganha-animacao-especial-em-aniversario-de-21-anos\\\/\",\"url\":\"https:\\\/\\\/tsukianimes.com.br\\\/index.php\\\/2023\\\/08\\\/16\\\/eyeshield-21-ganha-animacao-especial-em-aniversario-de-21-anos\\\/\",\"name\":\"Eyeshield 21 ganha anima\u00e7\u00e3o especial em anivers\u00e1rio de 21 anos - Tsuki Animes\",\"isPartOf\":{\"@id\":\"https:\\\/\\\/tsukianimes.com.br\\\/#website\"},\"primaryImageOfPage\":{\"@id\":\"https:\\\/\\\/tsukianimes.com.br\\\/index.php\\\/2023\\\/08\\\/16\\\/eyeshield-21-ganha-animacao-especial-em-aniversario-de-21-anos\\\/#primaryimage\"},\"image\":{\"@id\":\"https:\\\/\\\/tsukianimes.com.br\\\/index.php\\\/2023\\\/08\\\/16\\\/eyeshield-21-ganha-animacao-especial-em-aniversario-de-21-anos\\\/#primaryimage\"},\"thumbnailUrl\":\"https:\\\/\\\/tsukianimes.com.br\\\/wp-content\\\/uploads\\\/2023\\\/08\\\/F1sgeRQaMAA6Yhd.jpeg\",\"datePublished\":\"2023-08-17T02:11:50+00:00\",\"description\":\"A franquia\u00a0Eyeshield 21 ganhou uma anima\u00e7\u00e3o especial de 1 minuto em comemora\u00e7\u00e3o ao anivers\u00e1rio de 21 anos da s\u00e9rie nesta quarta-feira.\",\"breadcrumb\":{\"@id\":\"https:\\\/\\\/tsukianimes.com.br\\\/index.php\\\/2023\\\/08\\\/16\\\/eyeshield-21-ganha-animacao-especial-em-aniversario-de-21-anos\\\/#breadcrumb\"},\"inLanguage\":\"pt-BR\",\"potentialAction\":[{\"@type\":\"ReadAction\",\"target\":[\"https:\\\/\\\/tsukianimes.com.br\\\/index.php\\\/2023\\\/08\\\/16\\\/eyeshield-21-ganha-animacao-especial-em-aniversario-de-21-anos\\\/\"]}]},{\"@type\":\"ImageObject\",\"inLanguage\":\"pt-BR\",\"@id\":\"https:\\\/\\\/tsukianimes.com.br\\\/index.php\\\/2023\\\/08\\\/16\\\/eyeshield-21-ganha-animacao-especial-em-aniversario-de-21-anos\\\/#primaryimage\",\"url\":\"https:\\\/\\\/tsukianimes.com.br\\\/wp-content\\\/uploads\\\/2023\\\/08\\\/F1sgeRQaMAA6Yhd.jpeg\",\"contentUrl\":\"https:\\\/\\\/tsukianimes.com.br\\\/wp-content\\\/uploads\\\/2023\\\/08\\\/F1sgeRQaMAA6Yhd.jpeg\",\"width\":1536,\"height\":2048,\"caption\":\"Mang\u00e1 de Eyeshield 21\"},{\"@type\":\"BreadcrumbList\",\"@id\":\"https:\\\/\\\/tsukianimes.com.br\\\/index.php\\\/2023\\\/08\\\/16\\\/eyeshield-21-ganha-animacao-especial-em-aniversario-de-21-anos\\\/#breadcrumb\",\"itemListElement\":[{\"@type\":\"ListItem\",\"position\":1,\"name\":\"In\u00edcio\",\"item\":\"https:\\\/\\\/tsukianimes.com.br\\\/\"},{\"@type\":\"ListItem\",\"position\":2,\"name\":\"Eyeshield 21 ganha anima\u00e7\u00e3o especial em anivers\u00e1rio de 21 anos\"}]},{\"@type\":\"WebSite\",\"@id\":\"https:\\\/\\\/tsukianimes.com.br\\\/#website\",\"url\":\"https:\\\/\\\/tsukianimes.com.br\\\/\",\"name\":\"Tsuki Animes\",\"description\":\"\",\"publisher\":{\"@id\":\"https:\\\/\\\/tsukianimes.com.br\\\/#organization\"},\"potentialAction\":[{\"@type\":\"SearchAction\",\"target\":{\"@type\":\"EntryPoint\",\"urlTemplate\":\"https:\\\/\\\/tsukianimes.com.br\\\/?s={search_term_string}\"},\"query-input\":{\"@type\":\"PropertyValueSpecification\",\"valueRequired\":true,\"valueName\":\"search_term_string\"}}],\"inLanguage\":\"pt-BR\"},{\"@type\":\"Organization\",\"@id\":\"https:\\\/\\\/tsukianimes.com.br\\\/#organization\",\"name\":\"Tsuki Animes\",\"url\":\"https:\\\/\\\/tsukianimes.com.br\\\/\",\"logo\":{\"@type\":\"ImageObject\",\"inLanguage\":\"pt-BR\",\"@id\":\"https:\\\/\\\/tsukianimes.com.br\\\/#\\\/schema\\\/logo\\\/image\\\/\",\"url\":\"https:\\\/\\\/tsukianimes.com.br\\\/wp-content\\\/uploads\\\/2023\\\/06\\\/cropped-Ativo-4-1.png\",\"contentUrl\":\"https:\\\/\\\/tsukianimes.com.br\\\/wp-content\\\/uploads\\\/2023\\\/06\\\/cropped-Ativo-4-1.png\",\"width\":1314,\"height\":246,\"caption\":\"Tsuki Animes\"},\"image\":{\"@id\":\"https:\\\/\\\/tsukianimes.com.br\\\/#\\\/schema\\\/logo\\\/image\\\/\"}},{\"@type\":\"Person\",\"@id\":\"https:\\\/\\\/tsukianimes.com.br\\\/#\\\/schema\\\/person\\\/9e17947002e7239c44dbc8cf7674f0b1\",\"name\":\"tsukianimes.com.br\",\"image\":{\"@type\":\"ImageObject\",\"inLanguage\":\"pt-BR\",\"@id\":\"https:\\\/\\\/secure.gravatar.com\\\/avatar\\\/591a507b759fa000b57ae174373cfe3340385427fe67262e8cdd8072bc573b93?s=96&d=mm&r=g\",\"url\":\"https:\\\/\\\/secure.gravatar.com\\\/avatar\\\/591a507b759fa000b57ae174373cfe3340385427fe67262e8cdd8072bc573b93?s=96&d=mm&r=g\",\"contentUrl\":\"https:\\\/\\\/secure.gravatar.com\\\/avatar\\\/591a507b759fa000b57ae174373cfe3340385427fe67262e8cdd8072bc573b93?s=96&d=mm&r=g\",\"caption\":\"tsukianimes.com.br\"},\"sameAs\":[\"http:\\\/\\\/tsukianimes.com.br\"],\"url\":\"https:\\\/\\\/tsukianimes.com.br\\\/index.php\\\/author\\\/tsukianimes-com-br\\\/\"}]}<\/script>\n<!-- \/ Yoast SEO plugin. -->","yoast_head_json":{"title":"Eyeshield 21 ganha anima\u00e7\u00e3o especial em anivers\u00e1rio de 21 anos - Tsuki Animes","description":"A franquia\u00a0Eyeshield 21 ganhou uma anima\u00e7\u00e3o especial de 1 minuto em comemora\u00e7\u00e3o ao anivers\u00e1rio de 21 anos da s\u00e9rie nesta quarta-feira.","robots":{"index":"index","follow":"follow","max-snippet":"max-snippet:-1","max-image-preview":"max-image-preview:large","max-video-preview":"max-video-preview:-1"},"canonical":"https:\/\/tsukianimes.com.br\/index.php\/2023\/08\/16\/eyeshield-21-ganha-animacao-especial-em-aniversario-de-21-anos\/","og_locale":"pt_BR","og_type":"article","og_title":"Eyeshield 21 ganha anima\u00e7\u00e3o especial em anivers\u00e1rio de 21 anos","og_description":"Leia mais...","og_url":"https:\/\/tsukianimes.com.br\/index.php\/2023\/08\/16\/eyeshield-21-ganha-animacao-especial-em-aniversario-de-21-anos\/","og_site_name":"Tsuki Animes","article_published_time":"2023-08-17T02:11:50+00:00","og_image":[{"width":1536,"height":2048,"url":"https:\/\/tsukianimes.com.br\/wp-content\/uploads\/2023\/08\/F1sgeRQaMAA6Yhd.jpeg","type":"image\/jpeg"}],"author":"tsukianimes.com.br","twitter_card":"summary_large_image","twitter_misc":{"Escrito por":"tsukianimes.com.br","Est. tempo de leitura":"1 minuto"},"schema":{"@context":"https:\/\/schema.org","@graph":[{"@type":"Article","@id":"https:\/\/tsukianimes.com.br\/index.php\/2023\/08\/16\/eyeshield-21-ganha-animacao-especial-em-aniversario-de-21-anos\/#article","isPartOf":{"@id":"https:\/\/tsukianimes.com.br\/index.php\/2023\/08\/16\/eyeshield-21-ganha-animacao-especial-em-aniversario-de-21-anos\/"},"author":{"name":"tsukianimes.com.br","@id":"https:\/\/tsukianimes.com.br\/#\/schema\/person\/9e17947002e7239c44dbc8cf7674f0b1"},"headline":"Eyeshield 21 ganha anima\u00e7\u00e3o especial em anivers\u00e1rio de 21 anos","datePublished":"2023-08-17T02:11:50+00:00","mainEntityOfPage":{"@id":"https:\/\/tsukianimes.com.br\/index.php\/2023\/08\/16\/eyeshield-21-ganha-animacao-especial-em-aniversario-de-21-anos\/"},"wordCount":128,"commentCount":0,"publisher":{"@id":"https:\/\/tsukianimes.com.br\/#organization"},"image":{"@id":"https:\/\/tsukianimes.com.br\/index.php\/2023\/08\/16\/eyeshield-21-ganha-animacao-especial-em-aniversario-de-21-anos\/#primaryimage"},"thumbnailUrl":"https:\/\/tsukianimes.com.br\/wp-content\/uploads\/2023\/08\/F1sgeRQaMAA6Yhd.jpeg","keywords":["eyeshield 21","mang\u00e1s"],"articleSection":["Mang\u00e1s"],"inLanguage":"pt-BR","potentialAction":[{"@type":"CommentAction","name":"Comment","target":["https:\/\/tsukianimes.com.br\/index.php\/2023\/08\/16\/eyeshield-21-ganha-animacao-especial-em-aniversario-de-21-anos\/#respond"]}]},{"@type":"WebPage","@id":"https:\/\/tsukianimes.com.br\/index.php\/2023\/08\/16\/eyeshield-21-ganha-animacao-especial-em-aniversario-de-21-anos\/","url":"https:\/\/tsukianimes.com.br\/index.php\/2023\/08\/16\/eyeshield-21-ganha-animacao-especial-em-aniversario-de-21-anos\/","name":"Eyeshield 21 ganha anima\u00e7\u00e3o especial em anivers\u00e1rio de 21 anos - Tsuki Animes","isPartOf":{"@id":"https:\/\/tsukianimes.com.br\/#website"},"primaryImageOfPage":{"@id":"https:\/\/tsukianimes.com.br\/index.php\/2023\/08\/16\/eyeshield-21-ganha-animacao-especial-em-aniversario-de-21-anos\/#primaryimage"},"image":{"@id":"https:\/\/tsukianimes.com.br\/index.php\/2023\/08\/16\/eyeshield-21-ganha-animacao-especial-em-aniversario-de-21-anos\/#primaryimage"},"thumbnailUrl":"https:\/\/tsukianimes.com.br\/wp-content\/uploads\/2023\/08\/F1sgeRQaMAA6Yhd.jpeg","datePublished":"2023-08-17T02:11:50+00:00","description":"A franquia\u00a0Eyeshield 21 ganhou uma anima\u00e7\u00e3o especial de 1 minuto em comemora\u00e7\u00e3o ao anivers\u00e1rio de 21 anos da s\u00e9rie nesta quarta-feira.","breadcrumb":{"@id":"https:\/\/tsukianimes.com.br\/index.php\/2023\/08\/16\/eyeshield-21-ganha-animacao-especial-em-aniversario-de-21-anos\/#breadcrumb"},"inLanguage":"pt-BR","potentialAction":[{"@type":"ReadAction","target":["https:\/\/tsukianimes.com.br\/index.php\/2023\/08\/16\/eyeshield-21-ganha-animacao-especial-em-aniversario-de-21-anos\/"]}]},{"@type":"ImageObject","inLanguage":"pt-BR","@id":"https:\/\/tsukianimes.com.br\/index.php\/2023\/08\/16\/eyeshield-21-ganha-animacao-especial-em-aniversario-de-21-anos\/#primaryimage","url":"https:\/\/tsukianimes.com.br\/wp-content\/uploads\/2023\/08\/F1sgeRQaMAA6Yhd.jpeg","contentUrl":"https:\/\/tsukianimes.com.br\/wp-content\/uploads\/2023\/08\/F1sgeRQaMAA6Yhd.jpeg","width":1536,"height":2048,"caption":"Mang\u00e1 de Eyeshield 21"},{"@type":"BreadcrumbList","@id":"https:\/\/tsukianimes.com.br\/index.php\/2023\/08\/16\/eyeshield-21-ganha-animacao-especial-em-aniversario-de-21-anos\/#breadcrumb","itemListElement":[{"@type":"ListItem","position":1,"name":"In\u00edcio","item":"https:\/\/tsukianimes.com.br\/"},{"@type":"ListItem","position":2,"name":"Eyeshield 21 ganha anima\u00e7\u00e3o especial em anivers\u00e1rio de 21 anos"}]},{"@type":"WebSite","@id":"https:\/\/tsukianimes.com.br\/#website","url":"https:\/\/tsukianimes.com.br\/","name":"Tsuki Animes","description":"","publisher":{"@id":"https:\/\/tsukianimes.com.br\/#organization"},"potentialAction":[{"@type":"SearchAction","target":{"@type":"EntryPoint","urlTemplate":"https:\/\/tsukianimes.com.br\/?s={search_term_string}"},"query-input":{"@type":"PropertyValueSpecification","valueRequired":true,"valueName":"search_term_string"}}],"inLanguage":"pt-BR"},{"@type":"Organization","@id":"https:\/\/tsukianimes.com.br\/#organization","name":"Tsuki Animes","url":"https:\/\/tsukianimes.com.br\/","logo":{"@type":"ImageObject","inLanguage":"pt-BR","@id":"https:\/\/tsukianimes.com.br\/#\/schema\/logo\/image\/","url":"https:\/\/tsukianimes.com.br\/wp-content\/uploads\/2023\/06\/cropped-Ativo-4-1.png","contentUrl":"https:\/\/tsukianimes.com.br\/wp-content\/uploads\/2023\/06\/cropped-Ativo-4-1.png","width":1314,"height":246,"caption":"Tsuki Animes"},"image":{"@id":"https:\/\/tsukianimes.com.br\/#\/schema\/logo\/image\/"}},{"@type":"Person","@id":"https:\/\/tsukianimes.com.br\/#\/schema\/person\/9e17947002e7239c44dbc8cf7674f0b1","name":"tsukianimes.com.br","image":{"@type":"ImageObject","inLanguage":"pt-BR","@id":"https:\/\/secure.gravatar.com\/avatar\/591a507b759fa000b57ae174373cfe3340385427fe67262e8cdd8072bc573b93?s=96&d=mm&r=g","url":"https:\/\/secure.gravatar.com\/avatar\/591a507b759fa000b57ae174373cfe3340385427fe67262e8cdd8072bc573b93?s=96&d=mm&r=g","contentUrl":"https:\/\/secure.gravatar.com\/avatar\/591a507b759fa000b57ae174373cfe3340385427fe67262e8cdd8072bc573b93?s=96&d=mm&r=g","caption":"tsukianimes.com.br"},"sameAs":["http:\/\/tsukianimes.com.br"],"url":"https:\/\/tsukianimes.com.br\/index.php\/author\/tsukianimes-com-br\/"}]}},"amp_enabled":true,"_links":{"self":[{"href":"https:\/\/tsukianimes.com.br\/index.php\/wp-json\/wp\/v2\/posts\/508","targetHints":{"allow":["GET"]}}],"collection":[{"href":"https:\/\/tsukianimes.com.br\/index.php\/wp-json\/wp\/v2\/posts"}],"about":[{"href":"https:\/\/tsukianimes.com.br\/index.php\/wp-json\/wp\/v2\/types\/post"}],"author":[{"embeddable":true,"href":"https:\/\/tsukianimes.com.br\/index.php\/wp-json\/wp\/v2\/users\/1"}],"replies":[{"embeddable":true,"href":"https:\/\/tsukianimes.com.br\/index.php\/wp-json\/wp\/v2\/comments?post=508"}],"version-history":[{"count":2,"href":"https:\/\/tsukianimes.com.br\/index.php\/wp-json\/wp\/v2\/posts\/508\/revisions"}],"predecessor-version":[{"id":517,"href":"https:\/\/tsukianimes.com.br\/index.php\/wp-json\/wp\/v2\/posts\/508\/revisions\/517"}],"wp:featuredmedia":[{"embeddable":true,"href":"https:\/\/tsukianimes.com.br\/index.php\/wp-json\/wp\/v2\/media\/516"}],"wp:attachment":[{"href":"https:\/\/tsukianimes.com.br\/index.php\/wp-json\/wp\/v2\/media?parent=508"}],"wp:term":[{"taxonomy":"category","embeddable":true,"href":"https:\/\/tsukianimes.com.br\/index.php\/wp-json\/wp\/v2\/categories?post=508"},{"taxonomy":"post_tag","embeddable":true,"href":"https:\/\/tsukianimes.com.br\/index.php\/wp-json\/wp\/v2\/tags?post=508"}],"curies":[{"name":"wp","href":"https:\/\/api.w.org\/{rel}","templated":true}]}}