{"id":393,"date":"2023-07-21T23:18:36","date_gmt":"2023-07-22T02:18:36","guid":{"rendered":"https:\/\/tsukianimes.com.br\/?p=393"},"modified":"2023-07-21T23:18:36","modified_gmt":"2023-07-22T02:18:36","slug":"arco-final-de-ash-ketchum-em-pokemon-deve-estrear-em-setembro-no-ocidente","status":"publish","type":"post","link":"https:\/\/tsukianimes.com.br\/index.php\/2023\/07\/21\/arco-final-de-ash-ketchum-em-pokemon-deve-estrear-em-setembro-no-ocidente\/","title":{"rendered":"Arco final de Ash Ketchum em Pok\u00e9mon deve estrear em setembro no Ocidente"},"content":{"rendered":"<p>O arco final das aventuras de Ash Ketchum em <em>Pok\u00e9mon<\/em> dever\u00e1 estrear no Ocidente no dia 8 de setembro. A informa\u00e7\u00e3o foi divulgada no painel da franquia na Comic-Con International e comunicada para a imprensa. A parte final da jornada de Ash, intitulada\u00a0<em>Mestre Pok\u00e9mon<\/em>, ser\u00e1 exibida pela Netflix.<\/p>\n<p>Em oito epis\u00f3dios, a s\u00e9rie\u00a0<em>Mestre Pok\u00e9mon<\/em> vai finalizar as aventuras de Ash no universo de Pok\u00e9mon. Personagens como Misty e Brock retornar\u00e3o, assim como pok\u00e9mons com quem Ash interagiu ao longo de sua caminhada. A s\u00e9rie tamb\u00e9m far\u00e1 uma pr\u00e9via do futuro dele e de Pikachu.<\/p>\n<p><em>Foto: Divulga\u00e7\u00e3o oficial.<\/em><\/p>\n","protected":false},"excerpt":{"rendered":"<p>O arco final das aventuras de Ash Ketchum em Pok\u00e9mon dever\u00e1 estrear no Ocidente no dia 8 de setembro. A informa\u00e7\u00e3o foi divulgada no painel da franquia na Comic-Con International e comunicada para a imprensa. A parte final da jornada de Ash, intitulada\u00a0Mestre Pok\u00e9mon, ser\u00e1 exibida pela Netflix. Em oito epis\u00f3dios, a s\u00e9rie\u00a0Mestre Pok\u00e9mon vai &hellip; <\/p>\n","protected":false},"author":1,"featured_media":394,"comment_status":"open","ping_status":"open","sticky":false,"template":"","format":"standard","meta":{"om_disable_all_campaigns":false,"_monsterinsights_skip_tracking":false,"_monsterinsights_sitenote_active":false,"_monsterinsights_sitenote_note":"","_monsterinsights_sitenote_category":0,"_uf_show_specific_survey":0,"_uf_disable_surveys":false,"footnotes":""},"categories":[2],"tags":[3,70],"class_list":["post-393","post","type-post","status-publish","format-standard","has-post-thumbnail","hentry","category-animes","tag-animes","tag-pokemon","latest_post"],"yoast_head":"<!-- This site is optimized with the Yoast SEO plugin v27.4 - https:\/\/yoast.com\/product\/yoast-seo-wordpress\/ -->\n<title>Arco final de Ash Ketchum em Pok\u00e9mon deve estrear em setembro no Ocidente - Tsuki Animes<\/title>\n<meta name=\"description\" content=\"O arco final das aventuras de Ash Ketchum em Pok\u00e9mon dever\u00e1 estrear no Ocidente no dia 8 de setembro, segundo painel na Comic-Con.\" \/>\n<meta name=\"robots\" content=\"index, follow, max-snippet:-1, max-image-preview:large, max-video-preview:-1\" \/>\n<link rel=\"canonical\" href=\"https:\/\/tsukianimes.com.br\/index.php\/2023\/07\/21\/arco-final-de-ash-ketchum-em-pokemon-deve-estrear-em-setembro-no-ocidente\/\" \/>\n<meta property=\"og:locale\" content=\"pt_BR\" \/>\n<meta property=\"og:type\" content=\"article\" \/>\n<meta property=\"og:title\" content=\"Arco final de Ash Ketchum em Pok\u00e9mon deve estrear em setembro no Ocidente\" \/>\n<meta property=\"og:description\" content=\"Leia mais...\" \/>\n<meta property=\"og:url\" content=\"https:\/\/tsukianimes.com.br\/index.php\/2023\/07\/21\/arco-final-de-ash-ketchum-em-pokemon-deve-estrear-em-setembro-no-ocidente\/\" \/>\n<meta property=\"og:site_name\" content=\"Tsuki Animes\" \/>\n<meta property=\"article:published_time\" content=\"2023-07-22T02:18:36+00:00\" \/>\n<meta property=\"og:image\" content=\"https:\/\/tsukianimes.com.br\/wp-content\/uploads\/2023\/07\/Pokemon_To_Be_a_Pokemon_Master_Key_Art_Vertical_BRPT.jpg\" \/>\n\t<meta property=\"og:image:width\" content=\"1200\" \/>\n\t<meta property=\"og:image:height\" content=\"1698\" \/>\n\t<meta property=\"og:image:type\" content=\"image\/jpeg\" \/>\n<meta name=\"author\" content=\"tsukianimes.com.br\" \/>\n<meta name=\"twitter:card\" content=\"summary_large_image\" \/>\n<meta name=\"twitter:label1\" content=\"Escrito por\" \/>\n\t<meta name=\"twitter:data1\" content=\"tsukianimes.com.br\" \/>\n\t<meta name=\"twitter:label2\" content=\"Est. tempo de leitura\" \/>\n\t<meta name=\"twitter:data2\" content=\"1 minuto\" \/>\n<script type=\"application\/ld+json\" class=\"yoast-schema-graph\">{\"@context\":\"https:\\\/\\\/schema.org\",\"@graph\":[{\"@type\":\"Article\",\"@id\":\"https:\\\/\\\/tsukianimes.com.br\\\/index.php\\\/2023\\\/07\\\/21\\\/arco-final-de-ash-ketchum-em-pokemon-deve-estrear-em-setembro-no-ocidente\\\/#article\",\"isPartOf\":{\"@id\":\"https:\\\/\\\/tsukianimes.com.br\\\/index.php\\\/2023\\\/07\\\/21\\\/arco-final-de-ash-ketchum-em-pokemon-deve-estrear-em-setembro-no-ocidente\\\/\"},\"author\":{\"name\":\"tsukianimes.com.br\",\"@id\":\"https:\\\/\\\/tsukianimes.com.br\\\/#\\\/schema\\\/person\\\/9e17947002e7239c44dbc8cf7674f0b1\"},\"headline\":\"Arco final de Ash Ketchum em Pok\u00e9mon deve estrear em setembro no Ocidente\",\"datePublished\":\"2023-07-22T02:18:36+00:00\",\"mainEntityOfPage\":{\"@id\":\"https:\\\/\\\/tsukianimes.com.br\\\/index.php\\\/2023\\\/07\\\/21\\\/arco-final-de-ash-ketchum-em-pokemon-deve-estrear-em-setembro-no-ocidente\\\/\"},\"wordCount\":125,\"commentCount\":0,\"publisher\":{\"@id\":\"https:\\\/\\\/tsukianimes.com.br\\\/#organization\"},\"image\":{\"@id\":\"https:\\\/\\\/tsukianimes.com.br\\\/index.php\\\/2023\\\/07\\\/21\\\/arco-final-de-ash-ketchum-em-pokemon-deve-estrear-em-setembro-no-ocidente\\\/#primaryimage\"},\"thumbnailUrl\":\"https:\\\/\\\/tsukianimes.com.br\\\/wp-content\\\/uploads\\\/2023\\\/07\\\/Pokemon_To_Be_a_Pokemon_Master_Key_Art_Vertical_BRPT.jpg\",\"keywords\":[\"animes\",\"pok\u00e9mon\"],\"articleSection\":[\"Animes\"],\"inLanguage\":\"pt-BR\",\"potentialAction\":[{\"@type\":\"CommentAction\",\"name\":\"Comment\",\"target\":[\"https:\\\/\\\/tsukianimes.com.br\\\/index.php\\\/2023\\\/07\\\/21\\\/arco-final-de-ash-ketchum-em-pokemon-deve-estrear-em-setembro-no-ocidente\\\/#respond\"]}]},{\"@type\":\"WebPage\",\"@id\":\"https:\\\/\\\/tsukianimes.com.br\\\/index.php\\\/2023\\\/07\\\/21\\\/arco-final-de-ash-ketchum-em-pokemon-deve-estrear-em-setembro-no-ocidente\\\/\",\"url\":\"https:\\\/\\\/tsukianimes.com.br\\\/index.php\\\/2023\\\/07\\\/21\\\/arco-final-de-ash-ketchum-em-pokemon-deve-estrear-em-setembro-no-ocidente\\\/\",\"name\":\"Arco final de Ash Ketchum em Pok\u00e9mon deve estrear em setembro no Ocidente - Tsuki Animes\",\"isPartOf\":{\"@id\":\"https:\\\/\\\/tsukianimes.com.br\\\/#website\"},\"primaryImageOfPage\":{\"@id\":\"https:\\\/\\\/tsukianimes.com.br\\\/index.php\\\/2023\\\/07\\\/21\\\/arco-final-de-ash-ketchum-em-pokemon-deve-estrear-em-setembro-no-ocidente\\\/#primaryimage\"},\"image\":{\"@id\":\"https:\\\/\\\/tsukianimes.com.br\\\/index.php\\\/2023\\\/07\\\/21\\\/arco-final-de-ash-ketchum-em-pokemon-deve-estrear-em-setembro-no-ocidente\\\/#primaryimage\"},\"thumbnailUrl\":\"https:\\\/\\\/tsukianimes.com.br\\\/wp-content\\\/uploads\\\/2023\\\/07\\\/Pokemon_To_Be_a_Pokemon_Master_Key_Art_Vertical_BRPT.jpg\",\"datePublished\":\"2023-07-22T02:18:36+00:00\",\"description\":\"O arco final das aventuras de Ash Ketchum em Pok\u00e9mon dever\u00e1 estrear no Ocidente no dia 8 de setembro, segundo painel na Comic-Con.\",\"breadcrumb\":{\"@id\":\"https:\\\/\\\/tsukianimes.com.br\\\/index.php\\\/2023\\\/07\\\/21\\\/arco-final-de-ash-ketchum-em-pokemon-deve-estrear-em-setembro-no-ocidente\\\/#breadcrumb\"},\"inLanguage\":\"pt-BR\",\"potentialAction\":[{\"@type\":\"ReadAction\",\"target\":[\"https:\\\/\\\/tsukianimes.com.br\\\/index.php\\\/2023\\\/07\\\/21\\\/arco-final-de-ash-ketchum-em-pokemon-deve-estrear-em-setembro-no-ocidente\\\/\"]}]},{\"@type\":\"ImageObject\",\"inLanguage\":\"pt-BR\",\"@id\":\"https:\\\/\\\/tsukianimes.com.br\\\/index.php\\\/2023\\\/07\\\/21\\\/arco-final-de-ash-ketchum-em-pokemon-deve-estrear-em-setembro-no-ocidente\\\/#primaryimage\",\"url\":\"https:\\\/\\\/tsukianimes.com.br\\\/wp-content\\\/uploads\\\/2023\\\/07\\\/Pokemon_To_Be_a_Pokemon_Master_Key_Art_Vertical_BRPT.jpg\",\"contentUrl\":\"https:\\\/\\\/tsukianimes.com.br\\\/wp-content\\\/uploads\\\/2023\\\/07\\\/Pokemon_To_Be_a_Pokemon_Master_Key_Art_Vertical_BRPT.jpg\",\"width\":1200,\"height\":1698,\"caption\":\"Mestre Pok\u00e9mon\"},{\"@type\":\"BreadcrumbList\",\"@id\":\"https:\\\/\\\/tsukianimes.com.br\\\/index.php\\\/2023\\\/07\\\/21\\\/arco-final-de-ash-ketchum-em-pokemon-deve-estrear-em-setembro-no-ocidente\\\/#breadcrumb\",\"itemListElement\":[{\"@type\":\"ListItem\",\"position\":1,\"name\":\"In\u00edcio\",\"item\":\"https:\\\/\\\/tsukianimes.com.br\\\/\"},{\"@type\":\"ListItem\",\"position\":2,\"name\":\"Arco final de Ash Ketchum em Pok\u00e9mon deve estrear em setembro no Ocidente\"}]},{\"@type\":\"WebSite\",\"@id\":\"https:\\\/\\\/tsukianimes.com.br\\\/#website\",\"url\":\"https:\\\/\\\/tsukianimes.com.br\\\/\",\"name\":\"Tsuki Animes\",\"description\":\"\",\"publisher\":{\"@id\":\"https:\\\/\\\/tsukianimes.com.br\\\/#organization\"},\"potentialAction\":[{\"@type\":\"SearchAction\",\"target\":{\"@type\":\"EntryPoint\",\"urlTemplate\":\"https:\\\/\\\/tsukianimes.com.br\\\/?s={search_term_string}\"},\"query-input\":{\"@type\":\"PropertyValueSpecification\",\"valueRequired\":true,\"valueName\":\"search_term_string\"}}],\"inLanguage\":\"pt-BR\"},{\"@type\":\"Organization\",\"@id\":\"https:\\\/\\\/tsukianimes.com.br\\\/#organization\",\"name\":\"Tsuki Animes\",\"url\":\"https:\\\/\\\/tsukianimes.com.br\\\/\",\"logo\":{\"@type\":\"ImageObject\",\"inLanguage\":\"pt-BR\",\"@id\":\"https:\\\/\\\/tsukianimes.com.br\\\/#\\\/schema\\\/logo\\\/image\\\/\",\"url\":\"https:\\\/\\\/tsukianimes.com.br\\\/wp-content\\\/uploads\\\/2023\\\/06\\\/cropped-Ativo-4-1.png\",\"contentUrl\":\"https:\\\/\\\/tsukianimes.com.br\\\/wp-content\\\/uploads\\\/2023\\\/06\\\/cropped-Ativo-4-1.png\",\"width\":1314,\"height\":246,\"caption\":\"Tsuki Animes\"},\"image\":{\"@id\":\"https:\\\/\\\/tsukianimes.com.br\\\/#\\\/schema\\\/logo\\\/image\\\/\"}},{\"@type\":\"Person\",\"@id\":\"https:\\\/\\\/tsukianimes.com.br\\\/#\\\/schema\\\/person\\\/9e17947002e7239c44dbc8cf7674f0b1\",\"name\":\"tsukianimes.com.br\",\"image\":{\"@type\":\"ImageObject\",\"inLanguage\":\"pt-BR\",\"@id\":\"https:\\\/\\\/secure.gravatar.com\\\/avatar\\\/591a507b759fa000b57ae174373cfe3340385427fe67262e8cdd8072bc573b93?s=96&d=mm&r=g\",\"url\":\"https:\\\/\\\/secure.gravatar.com\\\/avatar\\\/591a507b759fa000b57ae174373cfe3340385427fe67262e8cdd8072bc573b93?s=96&d=mm&r=g\",\"contentUrl\":\"https:\\\/\\\/secure.gravatar.com\\\/avatar\\\/591a507b759fa000b57ae174373cfe3340385427fe67262e8cdd8072bc573b93?s=96&d=mm&r=g\",\"caption\":\"tsukianimes.com.br\"},\"sameAs\":[\"http:\\\/\\\/tsukianimes.com.br\"],\"url\":\"https:\\\/\\\/tsukianimes.com.br\\\/index.php\\\/author\\\/tsukianimes-com-br\\\/\"}]}<\/script>\n<!-- \/ Yoast SEO plugin. -->","yoast_head_json":{"title":"Arco final de Ash Ketchum em Pok\u00e9mon deve estrear em setembro no Ocidente - Tsuki Animes","description":"O arco final das aventuras de Ash Ketchum em Pok\u00e9mon dever\u00e1 estrear no Ocidente no dia 8 de setembro, segundo painel na Comic-Con.","robots":{"index":"index","follow":"follow","max-snippet":"max-snippet:-1","max-image-preview":"max-image-preview:large","max-video-preview":"max-video-preview:-1"},"canonical":"https:\/\/tsukianimes.com.br\/index.php\/2023\/07\/21\/arco-final-de-ash-ketchum-em-pokemon-deve-estrear-em-setembro-no-ocidente\/","og_locale":"pt_BR","og_type":"article","og_title":"Arco final de Ash Ketchum em Pok\u00e9mon deve estrear em setembro no Ocidente","og_description":"Leia mais...","og_url":"https:\/\/tsukianimes.com.br\/index.php\/2023\/07\/21\/arco-final-de-ash-ketchum-em-pokemon-deve-estrear-em-setembro-no-ocidente\/","og_site_name":"Tsuki Animes","article_published_time":"2023-07-22T02:18:36+00:00","og_image":[{"width":1200,"height":1698,"url":"https:\/\/tsukianimes.com.br\/wp-content\/uploads\/2023\/07\/Pokemon_To_Be_a_Pokemon_Master_Key_Art_Vertical_BRPT.jpg","type":"image\/jpeg"}],"author":"tsukianimes.com.br","twitter_card":"summary_large_image","twitter_misc":{"Escrito por":"tsukianimes.com.br","Est. tempo de leitura":"1 minuto"},"schema":{"@context":"https:\/\/schema.org","@graph":[{"@type":"Article","@id":"https:\/\/tsukianimes.com.br\/index.php\/2023\/07\/21\/arco-final-de-ash-ketchum-em-pokemon-deve-estrear-em-setembro-no-ocidente\/#article","isPartOf":{"@id":"https:\/\/tsukianimes.com.br\/index.php\/2023\/07\/21\/arco-final-de-ash-ketchum-em-pokemon-deve-estrear-em-setembro-no-ocidente\/"},"author":{"name":"tsukianimes.com.br","@id":"https:\/\/tsukianimes.com.br\/#\/schema\/person\/9e17947002e7239c44dbc8cf7674f0b1"},"headline":"Arco final de Ash Ketchum em Pok\u00e9mon deve estrear em setembro no Ocidente","datePublished":"2023-07-22T02:18:36+00:00","mainEntityOfPage":{"@id":"https:\/\/tsukianimes.com.br\/index.php\/2023\/07\/21\/arco-final-de-ash-ketchum-em-pokemon-deve-estrear-em-setembro-no-ocidente\/"},"wordCount":125,"commentCount":0,"publisher":{"@id":"https:\/\/tsukianimes.com.br\/#organization"},"image":{"@id":"https:\/\/tsukianimes.com.br\/index.php\/2023\/07\/21\/arco-final-de-ash-ketchum-em-pokemon-deve-estrear-em-setembro-no-ocidente\/#primaryimage"},"thumbnailUrl":"https:\/\/tsukianimes.com.br\/wp-content\/uploads\/2023\/07\/Pokemon_To_Be_a_Pokemon_Master_Key_Art_Vertical_BRPT.jpg","keywords":["animes","pok\u00e9mon"],"articleSection":["Animes"],"inLanguage":"pt-BR","potentialAction":[{"@type":"CommentAction","name":"Comment","target":["https:\/\/tsukianimes.com.br\/index.php\/2023\/07\/21\/arco-final-de-ash-ketchum-em-pokemon-deve-estrear-em-setembro-no-ocidente\/#respond"]}]},{"@type":"WebPage","@id":"https:\/\/tsukianimes.com.br\/index.php\/2023\/07\/21\/arco-final-de-ash-ketchum-em-pokemon-deve-estrear-em-setembro-no-ocidente\/","url":"https:\/\/tsukianimes.com.br\/index.php\/2023\/07\/21\/arco-final-de-ash-ketchum-em-pokemon-deve-estrear-em-setembro-no-ocidente\/","name":"Arco final de Ash Ketchum em Pok\u00e9mon deve estrear em setembro no Ocidente - Tsuki Animes","isPartOf":{"@id":"https:\/\/tsukianimes.com.br\/#website"},"primaryImageOfPage":{"@id":"https:\/\/tsukianimes.com.br\/index.php\/2023\/07\/21\/arco-final-de-ash-ketchum-em-pokemon-deve-estrear-em-setembro-no-ocidente\/#primaryimage"},"image":{"@id":"https:\/\/tsukianimes.com.br\/index.php\/2023\/07\/21\/arco-final-de-ash-ketchum-em-pokemon-deve-estrear-em-setembro-no-ocidente\/#primaryimage"},"thumbnailUrl":"https:\/\/tsukianimes.com.br\/wp-content\/uploads\/2023\/07\/Pokemon_To_Be_a_Pokemon_Master_Key_Art_Vertical_BRPT.jpg","datePublished":"2023-07-22T02:18:36+00:00","description":"O arco final das aventuras de Ash Ketchum em Pok\u00e9mon dever\u00e1 estrear no Ocidente no dia 8 de setembro, segundo painel na Comic-Con.","breadcrumb":{"@id":"https:\/\/tsukianimes.com.br\/index.php\/2023\/07\/21\/arco-final-de-ash-ketchum-em-pokemon-deve-estrear-em-setembro-no-ocidente\/#breadcrumb"},"inLanguage":"pt-BR","potentialAction":[{"@type":"ReadAction","target":["https:\/\/tsukianimes.com.br\/index.php\/2023\/07\/21\/arco-final-de-ash-ketchum-em-pokemon-deve-estrear-em-setembro-no-ocidente\/"]}]},{"@type":"ImageObject","inLanguage":"pt-BR","@id":"https:\/\/tsukianimes.com.br\/index.php\/2023\/07\/21\/arco-final-de-ash-ketchum-em-pokemon-deve-estrear-em-setembro-no-ocidente\/#primaryimage","url":"https:\/\/tsukianimes.com.br\/wp-content\/uploads\/2023\/07\/Pokemon_To_Be_a_Pokemon_Master_Key_Art_Vertical_BRPT.jpg","contentUrl":"https:\/\/tsukianimes.com.br\/wp-content\/uploads\/2023\/07\/Pokemon_To_Be_a_Pokemon_Master_Key_Art_Vertical_BRPT.jpg","width":1200,"height":1698,"caption":"Mestre Pok\u00e9mon"},{"@type":"BreadcrumbList","@id":"https:\/\/tsukianimes.com.br\/index.php\/2023\/07\/21\/arco-final-de-ash-ketchum-em-pokemon-deve-estrear-em-setembro-no-ocidente\/#breadcrumb","itemListElement":[{"@type":"ListItem","position":1,"name":"In\u00edcio","item":"https:\/\/tsukianimes.com.br\/"},{"@type":"ListItem","position":2,"name":"Arco final de Ash Ketchum em Pok\u00e9mon deve estrear em setembro no Ocidente"}]},{"@type":"WebSite","@id":"https:\/\/tsukianimes.com.br\/#website","url":"https:\/\/tsukianimes.com.br\/","name":"Tsuki Animes","description":"","publisher":{"@id":"https:\/\/tsukianimes.com.br\/#organization"},"potentialAction":[{"@type":"SearchAction","target":{"@type":"EntryPoint","urlTemplate":"https:\/\/tsukianimes.com.br\/?s={search_term_string}"},"query-input":{"@type":"PropertyValueSpecification","valueRequired":true,"valueName":"search_term_string"}}],"inLanguage":"pt-BR"},{"@type":"Organization","@id":"https:\/\/tsukianimes.com.br\/#organization","name":"Tsuki Animes","url":"https:\/\/tsukianimes.com.br\/","logo":{"@type":"ImageObject","inLanguage":"pt-BR","@id":"https:\/\/tsukianimes.com.br\/#\/schema\/logo\/image\/","url":"https:\/\/tsukianimes.com.br\/wp-content\/uploads\/2023\/06\/cropped-Ativo-4-1.png","contentUrl":"https:\/\/tsukianimes.com.br\/wp-content\/uploads\/2023\/06\/cropped-Ativo-4-1.png","width":1314,"height":246,"caption":"Tsuki Animes"},"image":{"@id":"https:\/\/tsukianimes.com.br\/#\/schema\/logo\/image\/"}},{"@type":"Person","@id":"https:\/\/tsukianimes.com.br\/#\/schema\/person\/9e17947002e7239c44dbc8cf7674f0b1","name":"tsukianimes.com.br","image":{"@type":"ImageObject","inLanguage":"pt-BR","@id":"https:\/\/secure.gravatar.com\/avatar\/591a507b759fa000b57ae174373cfe3340385427fe67262e8cdd8072bc573b93?s=96&d=mm&r=g","url":"https:\/\/secure.gravatar.com\/avatar\/591a507b759fa000b57ae174373cfe3340385427fe67262e8cdd8072bc573b93?s=96&d=mm&r=g","contentUrl":"https:\/\/secure.gravatar.com\/avatar\/591a507b759fa000b57ae174373cfe3340385427fe67262e8cdd8072bc573b93?s=96&d=mm&r=g","caption":"tsukianimes.com.br"},"sameAs":["http:\/\/tsukianimes.com.br"],"url":"https:\/\/tsukianimes.com.br\/index.php\/author\/tsukianimes-com-br\/"}]}},"amp_enabled":true,"_links":{"self":[{"href":"https:\/\/tsukianimes.com.br\/index.php\/wp-json\/wp\/v2\/posts\/393","targetHints":{"allow":["GET"]}}],"collection":[{"href":"https:\/\/tsukianimes.com.br\/index.php\/wp-json\/wp\/v2\/posts"}],"about":[{"href":"https:\/\/tsukianimes.com.br\/index.php\/wp-json\/wp\/v2\/types\/post"}],"author":[{"embeddable":true,"href":"https:\/\/tsukianimes.com.br\/index.php\/wp-json\/wp\/v2\/users\/1"}],"replies":[{"embeddable":true,"href":"https:\/\/tsukianimes.com.br\/index.php\/wp-json\/wp\/v2\/comments?post=393"}],"version-history":[{"count":1,"href":"https:\/\/tsukianimes.com.br\/index.php\/wp-json\/wp\/v2\/posts\/393\/revisions"}],"predecessor-version":[{"id":395,"href":"https:\/\/tsukianimes.com.br\/index.php\/wp-json\/wp\/v2\/posts\/393\/revisions\/395"}],"wp:featuredmedia":[{"embeddable":true,"href":"https:\/\/tsukianimes.com.br\/index.php\/wp-json\/wp\/v2\/media\/394"}],"wp:attachment":[{"href":"https:\/\/tsukianimes.com.br\/index.php\/wp-json\/wp\/v2\/media?parent=393"}],"wp:term":[{"taxonomy":"category","embeddable":true,"href":"https:\/\/tsukianimes.com.br\/index.php\/wp-json\/wp\/v2\/categories?post=393"},{"taxonomy":"post_tag","embeddable":true,"href":"https:\/\/tsukianimes.com.br\/index.php\/wp-json\/wp\/v2\/tags?post=393"}],"curies":[{"name":"wp","href":"https:\/\/api.w.org\/{rel}","templated":true}]}}