{"id":390,"date":"2023-07-20T22:21:03","date_gmt":"2023-07-21T01:21:03","guid":{"rendered":"https:\/\/tsukianimes.com.br\/?p=390"},"modified":"2023-07-20T22:21:03","modified_gmt":"2023-07-21T01:21:03","slug":"boruto-two-blue-vortex-sera-publicado-a-partir-de-agosto","status":"publish","type":"post","link":"https:\/\/tsukianimes.com.br\/index.php\/2023\/07\/20\/boruto-two-blue-vortex-sera-publicado-a-partir-de-agosto\/","title":{"rendered":"Boruto &#8211; TWO BLUE VORTEX ser\u00e1 publicado a partir de agosto"},"content":{"rendered":"<p>A nova fase do mang\u00e1\u00a0<em>Boruto<\/em> ser\u00e1 publicada a partir do dia 21 agosto deste ano. Intitulada <em>Boruto &#8211; TWO BLUE VORTEX\u00a0<\/em>(dois vortices azuis, em tradu\u00e7\u00e3o livre), a obra se passar\u00e1 alguns anos ap\u00f3s o t\u00e9rmino da s\u00e9rie original. A conta oficial da s\u00e9rie no Twitter postou uma imagem de Sarada mais velha e com um novo corte de cabelo.<\/p>\n<p><em>Foto: Reprodu\u00e7\u00e3o\/ Twitter oficial.<\/em><\/p>\n<blockquote class=\"twitter-tweet\" data-width=\"550\" data-dnt=\"true\">\n<p lang=\"ja\" dir=\"ltr\">\u300e<a href=\"https:\/\/twitter.com\/hashtag\/BORUTO?src=hash&amp;ref_src=twsrc%5Etfw\">#BORUTO<\/a> -\u30dc\u30eb\u30c8-\u300f\u7b2c\u4e8c\u90e8<\/p>\n<p>\u300eBORUTO-\u30dc\u30eb\u30c8- -TWO BLUE VORTEX-\u300f<\/p>\n<p>\u6b21\u53f7V\u30b8\u30e3\u30f3\u30d710\u6708\u7279\u5927\u53f7\uff08\uff18\u670821\u65e5\u767a\u58f2\uff09\u304b\u3089\u9023\u8f09\u958b\u59cb\u203c\ufe0f <a href=\"https:\/\/t.co\/lk6qsArLU1\">pic.twitter.com\/lk6qsArLU1<\/a><\/p>\n<p>&mdash; NARUTO\u30fbBORUTO\u3010\u539f\u4f5c\u516c\u5f0f\u3011 (@NARUTO_kousiki) <a href=\"https:\/\/twitter.com\/NARUTO_kousiki\/status\/1682042687237787648?ref_src=twsrc%5Etfw\">July 20, 2023<\/a><\/p><\/blockquote>\n<p><script async src=\"https:\/\/platform.twitter.com\/widgets.js\" charset=\"utf-8\"><\/script><\/p>\n","protected":false},"excerpt":{"rendered":"<p>A nova fase do mang\u00e1\u00a0Boruto ser\u00e1 publicada a partir do dia 21 agosto deste ano. Intitulada Boruto &#8211; TWO BLUE VORTEX\u00a0(dois vortices azuis, em tradu\u00e7\u00e3o livre), a obra se passar\u00e1 alguns anos ap\u00f3s o t\u00e9rmino da s\u00e9rie original. A conta oficial da s\u00e9rie no Twitter postou uma imagem de Sarada mais velha e com um &hellip; <\/p>\n","protected":false},"author":1,"featured_media":391,"comment_status":"open","ping_status":"open","sticky":false,"template":"","format":"standard","meta":{"om_disable_all_campaigns":false,"_monsterinsights_skip_tracking":false,"_monsterinsights_sitenote_active":false,"_monsterinsights_sitenote_note":"","_monsterinsights_sitenote_category":0,"_uf_show_specific_survey":0,"_uf_disable_surveys":false,"footnotes":""},"categories":[5],"tags":[85,6],"class_list":["post-390","post","type-post","status-publish","format-standard","has-post-thumbnail","hentry","category-mangas","tag-boruto","tag-mangas","latest_post"],"yoast_head":"<!-- This site is optimized with the Yoast SEO plugin v27.4 - https:\/\/yoast.com\/product\/yoast-seo-wordpress\/ -->\n<title>Boruto - TWO BLUE VORTEX ser\u00e1 publicado a partir de agosto - Tsuki Animes<\/title>\n<meta name=\"description\" content=\"A nova fase do mang\u00e1\u00a0Boruto ser\u00e1 publicada a partir do dia 21 agosto deste ano.\" \/>\n<meta name=\"robots\" content=\"index, follow, max-snippet:-1, max-image-preview:large, max-video-preview:-1\" \/>\n<link rel=\"canonical\" href=\"https:\/\/tsukianimes.com.br\/index.php\/2023\/07\/20\/boruto-two-blue-vortex-sera-publicado-a-partir-de-agosto\/\" \/>\n<meta property=\"og:locale\" content=\"pt_BR\" \/>\n<meta property=\"og:type\" content=\"article\" \/>\n<meta property=\"og:title\" content=\"Boruto - TWO BLUE VORTEX ser\u00e1 publicado a partir de agosto\" \/>\n<meta property=\"og:description\" content=\"Leia mais...\" \/>\n<meta property=\"og:url\" content=\"https:\/\/tsukianimes.com.br\/index.php\/2023\/07\/20\/boruto-two-blue-vortex-sera-publicado-a-partir-de-agosto\/\" \/>\n<meta property=\"og:site_name\" content=\"Tsuki Animes\" \/>\n<meta property=\"article:published_time\" content=\"2023-07-21T01:21:03+00:00\" \/>\n<meta property=\"og:image\" content=\"https:\/\/tsukianimes.com.br\/wp-content\/uploads\/2023\/07\/F1cUCIKaEAAGwlO.jpeg\" \/>\n\t<meta property=\"og:image:width\" content=\"960\" \/>\n\t<meta property=\"og:image:height\" content=\"1280\" \/>\n\t<meta property=\"og:image:type\" content=\"image\/jpeg\" \/>\n<meta name=\"author\" content=\"tsukianimes.com.br\" \/>\n<meta name=\"twitter:card\" content=\"summary_large_image\" \/>\n<meta name=\"twitter:label1\" content=\"Escrito por\" \/>\n\t<meta name=\"twitter:data1\" content=\"tsukianimes.com.br\" \/>\n\t<meta name=\"twitter:label2\" content=\"Est. tempo de leitura\" \/>\n\t<meta name=\"twitter:data2\" content=\"1 minuto\" \/>\n<script type=\"application\/ld+json\" class=\"yoast-schema-graph\">{\"@context\":\"https:\\\/\\\/schema.org\",\"@graph\":[{\"@type\":\"Article\",\"@id\":\"https:\\\/\\\/tsukianimes.com.br\\\/index.php\\\/2023\\\/07\\\/20\\\/boruto-two-blue-vortex-sera-publicado-a-partir-de-agosto\\\/#article\",\"isPartOf\":{\"@id\":\"https:\\\/\\\/tsukianimes.com.br\\\/index.php\\\/2023\\\/07\\\/20\\\/boruto-two-blue-vortex-sera-publicado-a-partir-de-agosto\\\/\"},\"author\":{\"name\":\"tsukianimes.com.br\",\"@id\":\"https:\\\/\\\/tsukianimes.com.br\\\/#\\\/schema\\\/person\\\/9e17947002e7239c44dbc8cf7674f0b1\"},\"headline\":\"Boruto &#8211; TWO BLUE VORTEX ser\u00e1 publicado a partir de agosto\",\"datePublished\":\"2023-07-21T01:21:03+00:00\",\"mainEntityOfPage\":{\"@id\":\"https:\\\/\\\/tsukianimes.com.br\\\/index.php\\\/2023\\\/07\\\/20\\\/boruto-two-blue-vortex-sera-publicado-a-partir-de-agosto\\\/\"},\"wordCount\":87,\"commentCount\":0,\"publisher\":{\"@id\":\"https:\\\/\\\/tsukianimes.com.br\\\/#organization\"},\"image\":{\"@id\":\"https:\\\/\\\/tsukianimes.com.br\\\/index.php\\\/2023\\\/07\\\/20\\\/boruto-two-blue-vortex-sera-publicado-a-partir-de-agosto\\\/#primaryimage\"},\"thumbnailUrl\":\"https:\\\/\\\/tsukianimes.com.br\\\/wp-content\\\/uploads\\\/2023\\\/07\\\/F1cUCIKaEAAGwlO.jpeg\",\"keywords\":[\"boruto\",\"mang\u00e1s\"],\"articleSection\":[\"Mang\u00e1s\"],\"inLanguage\":\"pt-BR\",\"potentialAction\":[{\"@type\":\"CommentAction\",\"name\":\"Comment\",\"target\":[\"https:\\\/\\\/tsukianimes.com.br\\\/index.php\\\/2023\\\/07\\\/20\\\/boruto-two-blue-vortex-sera-publicado-a-partir-de-agosto\\\/#respond\"]}]},{\"@type\":\"WebPage\",\"@id\":\"https:\\\/\\\/tsukianimes.com.br\\\/index.php\\\/2023\\\/07\\\/20\\\/boruto-two-blue-vortex-sera-publicado-a-partir-de-agosto\\\/\",\"url\":\"https:\\\/\\\/tsukianimes.com.br\\\/index.php\\\/2023\\\/07\\\/20\\\/boruto-two-blue-vortex-sera-publicado-a-partir-de-agosto\\\/\",\"name\":\"Boruto - TWO BLUE VORTEX ser\u00e1 publicado a partir de agosto - Tsuki Animes\",\"isPartOf\":{\"@id\":\"https:\\\/\\\/tsukianimes.com.br\\\/#website\"},\"primaryImageOfPage\":{\"@id\":\"https:\\\/\\\/tsukianimes.com.br\\\/index.php\\\/2023\\\/07\\\/20\\\/boruto-two-blue-vortex-sera-publicado-a-partir-de-agosto\\\/#primaryimage\"},\"image\":{\"@id\":\"https:\\\/\\\/tsukianimes.com.br\\\/index.php\\\/2023\\\/07\\\/20\\\/boruto-two-blue-vortex-sera-publicado-a-partir-de-agosto\\\/#primaryimage\"},\"thumbnailUrl\":\"https:\\\/\\\/tsukianimes.com.br\\\/wp-content\\\/uploads\\\/2023\\\/07\\\/F1cUCIKaEAAGwlO.jpeg\",\"datePublished\":\"2023-07-21T01:21:03+00:00\",\"description\":\"A nova fase do mang\u00e1\u00a0Boruto ser\u00e1 publicada a partir do dia 21 agosto deste ano.\",\"breadcrumb\":{\"@id\":\"https:\\\/\\\/tsukianimes.com.br\\\/index.php\\\/2023\\\/07\\\/20\\\/boruto-two-blue-vortex-sera-publicado-a-partir-de-agosto\\\/#breadcrumb\"},\"inLanguage\":\"pt-BR\",\"potentialAction\":[{\"@type\":\"ReadAction\",\"target\":[\"https:\\\/\\\/tsukianimes.com.br\\\/index.php\\\/2023\\\/07\\\/20\\\/boruto-two-blue-vortex-sera-publicado-a-partir-de-agosto\\\/\"]}]},{\"@type\":\"ImageObject\",\"inLanguage\":\"pt-BR\",\"@id\":\"https:\\\/\\\/tsukianimes.com.br\\\/index.php\\\/2023\\\/07\\\/20\\\/boruto-two-blue-vortex-sera-publicado-a-partir-de-agosto\\\/#primaryimage\",\"url\":\"https:\\\/\\\/tsukianimes.com.br\\\/wp-content\\\/uploads\\\/2023\\\/07\\\/F1cUCIKaEAAGwlO.jpeg\",\"contentUrl\":\"https:\\\/\\\/tsukianimes.com.br\\\/wp-content\\\/uploads\\\/2023\\\/07\\\/F1cUCIKaEAAGwlO.jpeg\",\"width\":960,\"height\":1280,\"caption\":\"Boruto - Two Blue Vortex\"},{\"@type\":\"BreadcrumbList\",\"@id\":\"https:\\\/\\\/tsukianimes.com.br\\\/index.php\\\/2023\\\/07\\\/20\\\/boruto-two-blue-vortex-sera-publicado-a-partir-de-agosto\\\/#breadcrumb\",\"itemListElement\":[{\"@type\":\"ListItem\",\"position\":1,\"name\":\"In\u00edcio\",\"item\":\"https:\\\/\\\/tsukianimes.com.br\\\/\"},{\"@type\":\"ListItem\",\"position\":2,\"name\":\"Boruto &#8211; TWO BLUE VORTEX ser\u00e1 publicado a partir de agosto\"}]},{\"@type\":\"WebSite\",\"@id\":\"https:\\\/\\\/tsukianimes.com.br\\\/#website\",\"url\":\"https:\\\/\\\/tsukianimes.com.br\\\/\",\"name\":\"Tsuki Animes\",\"description\":\"\",\"publisher\":{\"@id\":\"https:\\\/\\\/tsukianimes.com.br\\\/#organization\"},\"potentialAction\":[{\"@type\":\"SearchAction\",\"target\":{\"@type\":\"EntryPoint\",\"urlTemplate\":\"https:\\\/\\\/tsukianimes.com.br\\\/?s={search_term_string}\"},\"query-input\":{\"@type\":\"PropertyValueSpecification\",\"valueRequired\":true,\"valueName\":\"search_term_string\"}}],\"inLanguage\":\"pt-BR\"},{\"@type\":\"Organization\",\"@id\":\"https:\\\/\\\/tsukianimes.com.br\\\/#organization\",\"name\":\"Tsuki Animes\",\"url\":\"https:\\\/\\\/tsukianimes.com.br\\\/\",\"logo\":{\"@type\":\"ImageObject\",\"inLanguage\":\"pt-BR\",\"@id\":\"https:\\\/\\\/tsukianimes.com.br\\\/#\\\/schema\\\/logo\\\/image\\\/\",\"url\":\"https:\\\/\\\/tsukianimes.com.br\\\/wp-content\\\/uploads\\\/2023\\\/06\\\/cropped-Ativo-4-1.png\",\"contentUrl\":\"https:\\\/\\\/tsukianimes.com.br\\\/wp-content\\\/uploads\\\/2023\\\/06\\\/cropped-Ativo-4-1.png\",\"width\":1314,\"height\":246,\"caption\":\"Tsuki Animes\"},\"image\":{\"@id\":\"https:\\\/\\\/tsukianimes.com.br\\\/#\\\/schema\\\/logo\\\/image\\\/\"}},{\"@type\":\"Person\",\"@id\":\"https:\\\/\\\/tsukianimes.com.br\\\/#\\\/schema\\\/person\\\/9e17947002e7239c44dbc8cf7674f0b1\",\"name\":\"tsukianimes.com.br\",\"image\":{\"@type\":\"ImageObject\",\"inLanguage\":\"pt-BR\",\"@id\":\"https:\\\/\\\/secure.gravatar.com\\\/avatar\\\/591a507b759fa000b57ae174373cfe3340385427fe67262e8cdd8072bc573b93?s=96&d=mm&r=g\",\"url\":\"https:\\\/\\\/secure.gravatar.com\\\/avatar\\\/591a507b759fa000b57ae174373cfe3340385427fe67262e8cdd8072bc573b93?s=96&d=mm&r=g\",\"contentUrl\":\"https:\\\/\\\/secure.gravatar.com\\\/avatar\\\/591a507b759fa000b57ae174373cfe3340385427fe67262e8cdd8072bc573b93?s=96&d=mm&r=g\",\"caption\":\"tsukianimes.com.br\"},\"sameAs\":[\"http:\\\/\\\/tsukianimes.com.br\"],\"url\":\"https:\\\/\\\/tsukianimes.com.br\\\/index.php\\\/author\\\/tsukianimes-com-br\\\/\"}]}<\/script>\n<!-- \/ Yoast SEO plugin. -->","yoast_head_json":{"title":"Boruto - TWO BLUE VORTEX ser\u00e1 publicado a partir de agosto - Tsuki Animes","description":"A nova fase do mang\u00e1\u00a0Boruto ser\u00e1 publicada a partir do dia 21 agosto deste ano.","robots":{"index":"index","follow":"follow","max-snippet":"max-snippet:-1","max-image-preview":"max-image-preview:large","max-video-preview":"max-video-preview:-1"},"canonical":"https:\/\/tsukianimes.com.br\/index.php\/2023\/07\/20\/boruto-two-blue-vortex-sera-publicado-a-partir-de-agosto\/","og_locale":"pt_BR","og_type":"article","og_title":"Boruto - TWO BLUE VORTEX ser\u00e1 publicado a partir de agosto","og_description":"Leia mais...","og_url":"https:\/\/tsukianimes.com.br\/index.php\/2023\/07\/20\/boruto-two-blue-vortex-sera-publicado-a-partir-de-agosto\/","og_site_name":"Tsuki Animes","article_published_time":"2023-07-21T01:21:03+00:00","og_image":[{"width":960,"height":1280,"url":"https:\/\/tsukianimes.com.br\/wp-content\/uploads\/2023\/07\/F1cUCIKaEAAGwlO.jpeg","type":"image\/jpeg"}],"author":"tsukianimes.com.br","twitter_card":"summary_large_image","twitter_misc":{"Escrito por":"tsukianimes.com.br","Est. tempo de leitura":"1 minuto"},"schema":{"@context":"https:\/\/schema.org","@graph":[{"@type":"Article","@id":"https:\/\/tsukianimes.com.br\/index.php\/2023\/07\/20\/boruto-two-blue-vortex-sera-publicado-a-partir-de-agosto\/#article","isPartOf":{"@id":"https:\/\/tsukianimes.com.br\/index.php\/2023\/07\/20\/boruto-two-blue-vortex-sera-publicado-a-partir-de-agosto\/"},"author":{"name":"tsukianimes.com.br","@id":"https:\/\/tsukianimes.com.br\/#\/schema\/person\/9e17947002e7239c44dbc8cf7674f0b1"},"headline":"Boruto &#8211; TWO BLUE VORTEX ser\u00e1 publicado a partir de agosto","datePublished":"2023-07-21T01:21:03+00:00","mainEntityOfPage":{"@id":"https:\/\/tsukianimes.com.br\/index.php\/2023\/07\/20\/boruto-two-blue-vortex-sera-publicado-a-partir-de-agosto\/"},"wordCount":87,"commentCount":0,"publisher":{"@id":"https:\/\/tsukianimes.com.br\/#organization"},"image":{"@id":"https:\/\/tsukianimes.com.br\/index.php\/2023\/07\/20\/boruto-two-blue-vortex-sera-publicado-a-partir-de-agosto\/#primaryimage"},"thumbnailUrl":"https:\/\/tsukianimes.com.br\/wp-content\/uploads\/2023\/07\/F1cUCIKaEAAGwlO.jpeg","keywords":["boruto","mang\u00e1s"],"articleSection":["Mang\u00e1s"],"inLanguage":"pt-BR","potentialAction":[{"@type":"CommentAction","name":"Comment","target":["https:\/\/tsukianimes.com.br\/index.php\/2023\/07\/20\/boruto-two-blue-vortex-sera-publicado-a-partir-de-agosto\/#respond"]}]},{"@type":"WebPage","@id":"https:\/\/tsukianimes.com.br\/index.php\/2023\/07\/20\/boruto-two-blue-vortex-sera-publicado-a-partir-de-agosto\/","url":"https:\/\/tsukianimes.com.br\/index.php\/2023\/07\/20\/boruto-two-blue-vortex-sera-publicado-a-partir-de-agosto\/","name":"Boruto - TWO BLUE VORTEX ser\u00e1 publicado a partir de agosto - Tsuki Animes","isPartOf":{"@id":"https:\/\/tsukianimes.com.br\/#website"},"primaryImageOfPage":{"@id":"https:\/\/tsukianimes.com.br\/index.php\/2023\/07\/20\/boruto-two-blue-vortex-sera-publicado-a-partir-de-agosto\/#primaryimage"},"image":{"@id":"https:\/\/tsukianimes.com.br\/index.php\/2023\/07\/20\/boruto-two-blue-vortex-sera-publicado-a-partir-de-agosto\/#primaryimage"},"thumbnailUrl":"https:\/\/tsukianimes.com.br\/wp-content\/uploads\/2023\/07\/F1cUCIKaEAAGwlO.jpeg","datePublished":"2023-07-21T01:21:03+00:00","description":"A nova fase do mang\u00e1\u00a0Boruto ser\u00e1 publicada a partir do dia 21 agosto deste ano.","breadcrumb":{"@id":"https:\/\/tsukianimes.com.br\/index.php\/2023\/07\/20\/boruto-two-blue-vortex-sera-publicado-a-partir-de-agosto\/#breadcrumb"},"inLanguage":"pt-BR","potentialAction":[{"@type":"ReadAction","target":["https:\/\/tsukianimes.com.br\/index.php\/2023\/07\/20\/boruto-two-blue-vortex-sera-publicado-a-partir-de-agosto\/"]}]},{"@type":"ImageObject","inLanguage":"pt-BR","@id":"https:\/\/tsukianimes.com.br\/index.php\/2023\/07\/20\/boruto-two-blue-vortex-sera-publicado-a-partir-de-agosto\/#primaryimage","url":"https:\/\/tsukianimes.com.br\/wp-content\/uploads\/2023\/07\/F1cUCIKaEAAGwlO.jpeg","contentUrl":"https:\/\/tsukianimes.com.br\/wp-content\/uploads\/2023\/07\/F1cUCIKaEAAGwlO.jpeg","width":960,"height":1280,"caption":"Boruto - Two Blue Vortex"},{"@type":"BreadcrumbList","@id":"https:\/\/tsukianimes.com.br\/index.php\/2023\/07\/20\/boruto-two-blue-vortex-sera-publicado-a-partir-de-agosto\/#breadcrumb","itemListElement":[{"@type":"ListItem","position":1,"name":"In\u00edcio","item":"https:\/\/tsukianimes.com.br\/"},{"@type":"ListItem","position":2,"name":"Boruto &#8211; TWO BLUE VORTEX ser\u00e1 publicado a partir de agosto"}]},{"@type":"WebSite","@id":"https:\/\/tsukianimes.com.br\/#website","url":"https:\/\/tsukianimes.com.br\/","name":"Tsuki Animes","description":"","publisher":{"@id":"https:\/\/tsukianimes.com.br\/#organization"},"potentialAction":[{"@type":"SearchAction","target":{"@type":"EntryPoint","urlTemplate":"https:\/\/tsukianimes.com.br\/?s={search_term_string}"},"query-input":{"@type":"PropertyValueSpecification","valueRequired":true,"valueName":"search_term_string"}}],"inLanguage":"pt-BR"},{"@type":"Organization","@id":"https:\/\/tsukianimes.com.br\/#organization","name":"Tsuki Animes","url":"https:\/\/tsukianimes.com.br\/","logo":{"@type":"ImageObject","inLanguage":"pt-BR","@id":"https:\/\/tsukianimes.com.br\/#\/schema\/logo\/image\/","url":"https:\/\/tsukianimes.com.br\/wp-content\/uploads\/2023\/06\/cropped-Ativo-4-1.png","contentUrl":"https:\/\/tsukianimes.com.br\/wp-content\/uploads\/2023\/06\/cropped-Ativo-4-1.png","width":1314,"height":246,"caption":"Tsuki Animes"},"image":{"@id":"https:\/\/tsukianimes.com.br\/#\/schema\/logo\/image\/"}},{"@type":"Person","@id":"https:\/\/tsukianimes.com.br\/#\/schema\/person\/9e17947002e7239c44dbc8cf7674f0b1","name":"tsukianimes.com.br","image":{"@type":"ImageObject","inLanguage":"pt-BR","@id":"https:\/\/secure.gravatar.com\/avatar\/591a507b759fa000b57ae174373cfe3340385427fe67262e8cdd8072bc573b93?s=96&d=mm&r=g","url":"https:\/\/secure.gravatar.com\/avatar\/591a507b759fa000b57ae174373cfe3340385427fe67262e8cdd8072bc573b93?s=96&d=mm&r=g","contentUrl":"https:\/\/secure.gravatar.com\/avatar\/591a507b759fa000b57ae174373cfe3340385427fe67262e8cdd8072bc573b93?s=96&d=mm&r=g","caption":"tsukianimes.com.br"},"sameAs":["http:\/\/tsukianimes.com.br"],"url":"https:\/\/tsukianimes.com.br\/index.php\/author\/tsukianimes-com-br\/"}]}},"amp_enabled":true,"_links":{"self":[{"href":"https:\/\/tsukianimes.com.br\/index.php\/wp-json\/wp\/v2\/posts\/390","targetHints":{"allow":["GET"]}}],"collection":[{"href":"https:\/\/tsukianimes.com.br\/index.php\/wp-json\/wp\/v2\/posts"}],"about":[{"href":"https:\/\/tsukianimes.com.br\/index.php\/wp-json\/wp\/v2\/types\/post"}],"author":[{"embeddable":true,"href":"https:\/\/tsukianimes.com.br\/index.php\/wp-json\/wp\/v2\/users\/1"}],"replies":[{"embeddable":true,"href":"https:\/\/tsukianimes.com.br\/index.php\/wp-json\/wp\/v2\/comments?post=390"}],"version-history":[{"count":1,"href":"https:\/\/tsukianimes.com.br\/index.php\/wp-json\/wp\/v2\/posts\/390\/revisions"}],"predecessor-version":[{"id":392,"href":"https:\/\/tsukianimes.com.br\/index.php\/wp-json\/wp\/v2\/posts\/390\/revisions\/392"}],"wp:featuredmedia":[{"embeddable":true,"href":"https:\/\/tsukianimes.com.br\/index.php\/wp-json\/wp\/v2\/media\/391"}],"wp:attachment":[{"href":"https:\/\/tsukianimes.com.br\/index.php\/wp-json\/wp\/v2\/media?parent=390"}],"wp:term":[{"taxonomy":"category","embeddable":true,"href":"https:\/\/tsukianimes.com.br\/index.php\/wp-json\/wp\/v2\/categories?post=390"},{"taxonomy":"post_tag","embeddable":true,"href":"https:\/\/tsukianimes.com.br\/index.php\/wp-json\/wp\/v2\/tags?post=390"}],"curies":[{"name":"wp","href":"https:\/\/api.w.org\/{rel}","templated":true}]}}