{"id":307,"date":"2023-07-04T22:39:04","date_gmt":"2023-07-05T01:39:04","guid":{"rendered":"https:\/\/tsukianimes.com.br\/?p=307"},"modified":"2023-07-04T22:39:04","modified_gmt":"2023-07-05T01:39:04","slug":"segunda-temporada-de-the-saints-magic-power-is-omnipotent-tem-estreia-programada-para-outubro","status":"publish","type":"post","link":"https:\/\/tsukianimes.com.br\/index.php\/2023\/07\/04\/segunda-temporada-de-the-saints-magic-power-is-omnipotent-tem-estreia-programada-para-outubro\/","title":{"rendered":"Segunda temporada de The Saint&#8217;s Magic Power is Omnipotent tem estreia programada para outubro"},"content":{"rendered":"<p>A segunda temporada de <em>The Saint&#8217;s Magic Power is Omnipotent<\/em> deve estrear em outubro deste ano. A informa\u00e7\u00e3o foi revelada no Twitter do anime nesta segunda-feira (3) junto com uma ilustra\u00e7\u00e3o promocional.<\/p>\n<p>A produ\u00e7\u00e3o \u00e9 baseada em uma light novel hom\u00f4nima escrita por Yuka Tachibana. A primeira temporada do anime teve 12 epis\u00f3dios e foi veiculada na Crunchyroll entre abril e junho de 2021.<\/p>\n<p>A s\u00e9rie acompanha as aventuras de Sei, que s\u00f3 quer passar seus dias em paz e tranquilidade. Mas tudo muda quando seus lend\u00e1rios poderes de Santa come\u00e7am a surgir.<\/p>\n<p><em>Foto: Reprodu\u00e7\u00e3o\/ Twitter oficial The Saint&#8217;s Magic Power is Omnipotent.<\/em><\/p>\n<blockquote class=\"twitter-tweet\" data-width=\"550\" data-dnt=\"true\">\n<p lang=\"ja\" dir=\"ltr\">\ud83c\udf40\u22f1\u22f0 \u22f1\u22f0 \u22f1\u22f0 \u22f1\u22f0 \u22f1\u22f0\u2728<a href=\"https:\/\/twitter.com\/hashtag\/%E8%81%96%E5%A5%B3%E3%81%AE%E9%AD%94%E5%8A%9B%E3%81%AF%E4%B8%87%E8%83%BD%E3%81%A7%E3%81%99?src=hash&amp;ref_src=twsrc%5Etfw\">#\u8056\u5973\u306e\u9b54\u529b\u306f\u4e07\u80fd\u3067\u3059<\/a> Season2<br \/>\u3000\u30002023\u5e7410\u6708\u653e\u9001\u958b\u59cb\uff01\uff01<br \/>\u2728\u22f1\u22f0 \u22f1\u22f0 \u22f1\u22f0 \u22f1\u22f0 \u22f1\u22f0\ud83c\udf40<\/p>\n<p>\u30ad\u30fc\u30d3\u30b8\u30e5\u30a2\u30eb\u3082\u89e3\u7981\uff01\uff01<\/p>\n<p>\u30bb\u30a4\u306e\u604b\u306e\u884c\u65b9\u306f\u30fb\u30fb\u30fb\uff01\uff1f<br \/>\u653e\u9001\u3092\u304a\u697d\u3057\u307f\u306b\u3002<a href=\"https:\/\/t.co\/nsY3yEclgB\">https:\/\/t.co\/nsY3yEclgB<\/a><a href=\"https:\/\/twitter.com\/hashtag\/seijyonoanime?src=hash&amp;ref_src=twsrc%5Etfw\">#seijyonoanime<\/a> <a href=\"https:\/\/t.co\/B8glJXMt5v\">pic.twitter.com\/B8glJXMt5v<\/a><\/p>\n<p>&mdash; TV\u30a2\u30cb\u30e1\u300c\u8056\u5973\u306e\u9b54\u529b\u306f\u4e07\u80fd\u3067\u3059\u300d\u516c\u5f0f\u30a2\u30ab\u30a6\u30f3\u30c8 (@seijyonoanime) <a href=\"https:\/\/twitter.com\/seijyonoanime\/status\/1675700892207820802?ref_src=twsrc%5Etfw\">July 3, 2023<\/a><\/p><\/blockquote>\n<p><script async src=\"https:\/\/platform.twitter.com\/widgets.js\" charset=\"utf-8\"><\/script><\/p>\n","protected":false},"excerpt":{"rendered":"<p>A segunda temporada de The Saint&#8217;s Magic Power is Omnipotent deve estrear em outubro deste ano. A informa\u00e7\u00e3o foi revelada no Twitter do anime nesta segunda-feira (3) junto com uma ilustra\u00e7\u00e3o promocional. A produ\u00e7\u00e3o \u00e9 baseada em uma light novel hom\u00f4nima escrita por Yuka Tachibana. A primeira temporada do anime teve 12 epis\u00f3dios e foi &hellip; <\/p>\n","protected":false},"author":1,"featured_media":308,"comment_status":"open","ping_status":"open","sticky":false,"template":"","format":"standard","meta":{"om_disable_all_campaigns":false,"_monsterinsights_skip_tracking":false,"_monsterinsights_sitenote_active":false,"_monsterinsights_sitenote_note":"","_monsterinsights_sitenote_category":0,"_uf_show_specific_survey":0,"_uf_disable_surveys":false,"footnotes":""},"categories":[2],"tags":[3,66],"class_list":["post-307","post","type-post","status-publish","format-standard","has-post-thumbnail","hentry","category-animes","tag-animes","tag-the-saints-magic-power-is-omnipotent","latest_post"],"yoast_head":"<!-- This site is optimized with the Yoast SEO plugin v27.4 - https:\/\/yoast.com\/product\/yoast-seo-wordpress\/ -->\n<title>Segunda temporada de The Saint&#039;s Magic Power is Omnipotent tem estreia programada para outubro<\/title>\n<meta name=\"description\" content=\"A segunda temporada de The Saint&#039;s Magic Power is Omnipotent estreia em outubro. A informa\u00e7\u00e3o foi revelada no Twitter.\" \/>\n<meta name=\"robots\" content=\"index, follow, max-snippet:-1, max-image-preview:large, max-video-preview:-1\" \/>\n<link rel=\"canonical\" href=\"https:\/\/tsukianimes.com.br\/index.php\/2023\/07\/04\/segunda-temporada-de-the-saints-magic-power-is-omnipotent-tem-estreia-programada-para-outubro\/\" \/>\n<meta property=\"og:locale\" content=\"pt_BR\" \/>\n<meta property=\"og:type\" content=\"article\" \/>\n<meta property=\"og:title\" content=\"Segunda temporada de The Saint&#039;s Magic Power is Omnipotent tem estreia programada para outubro\" \/>\n<meta property=\"og:description\" content=\"Leia mais...\" \/>\n<meta property=\"og:url\" content=\"https:\/\/tsukianimes.com.br\/index.php\/2023\/07\/04\/segunda-temporada-de-the-saints-magic-power-is-omnipotent-tem-estreia-programada-para-outubro\/\" \/>\n<meta property=\"og:site_name\" content=\"Tsuki Animes\" \/>\n<meta property=\"article:published_time\" content=\"2023-07-05T01:39:04+00:00\" \/>\n<meta property=\"og:image\" content=\"https:\/\/tsukianimes.com.br\/wp-content\/uploads\/2023\/07\/F0FCBBsaIAABEMf.jpeg\" \/>\n\t<meta property=\"og:image:width\" content=\"680\" \/>\n\t<meta property=\"og:image:height\" content=\"499\" \/>\n\t<meta property=\"og:image:type\" content=\"image\/jpeg\" \/>\n<meta name=\"author\" content=\"tsukianimes.com.br\" \/>\n<meta name=\"twitter:card\" content=\"summary_large_image\" \/>\n<meta name=\"twitter:label1\" content=\"Escrito por\" \/>\n\t<meta name=\"twitter:data1\" content=\"tsukianimes.com.br\" \/>\n\t<meta name=\"twitter:label2\" content=\"Est. tempo de leitura\" \/>\n\t<meta name=\"twitter:data2\" content=\"1 minuto\" \/>\n<script type=\"application\/ld+json\" class=\"yoast-schema-graph\">{\"@context\":\"https:\\\/\\\/schema.org\",\"@graph\":[{\"@type\":\"Article\",\"@id\":\"https:\\\/\\\/tsukianimes.com.br\\\/index.php\\\/2023\\\/07\\\/04\\\/segunda-temporada-de-the-saints-magic-power-is-omnipotent-tem-estreia-programada-para-outubro\\\/#article\",\"isPartOf\":{\"@id\":\"https:\\\/\\\/tsukianimes.com.br\\\/index.php\\\/2023\\\/07\\\/04\\\/segunda-temporada-de-the-saints-magic-power-is-omnipotent-tem-estreia-programada-para-outubro\\\/\"},\"author\":{\"name\":\"tsukianimes.com.br\",\"@id\":\"https:\\\/\\\/tsukianimes.com.br\\\/#\\\/schema\\\/person\\\/9e17947002e7239c44dbc8cf7674f0b1\"},\"headline\":\"Segunda temporada de The Saint&#8217;s Magic Power is Omnipotent tem estreia programada para outubro\",\"datePublished\":\"2023-07-05T01:39:04+00:00\",\"mainEntityOfPage\":{\"@id\":\"https:\\\/\\\/tsukianimes.com.br\\\/index.php\\\/2023\\\/07\\\/04\\\/segunda-temporada-de-the-saints-magic-power-is-omnipotent-tem-estreia-programada-para-outubro\\\/\"},\"wordCount\":134,\"commentCount\":0,\"publisher\":{\"@id\":\"https:\\\/\\\/tsukianimes.com.br\\\/#organization\"},\"image\":{\"@id\":\"https:\\\/\\\/tsukianimes.com.br\\\/index.php\\\/2023\\\/07\\\/04\\\/segunda-temporada-de-the-saints-magic-power-is-omnipotent-tem-estreia-programada-para-outubro\\\/#primaryimage\"},\"thumbnailUrl\":\"https:\\\/\\\/tsukianimes.com.br\\\/wp-content\\\/uploads\\\/2023\\\/07\\\/F0FCBBsaIAABEMf.jpeg\",\"keywords\":[\"animes\",\"the saint's magic power is omnipotent\"],\"articleSection\":[\"Animes\"],\"inLanguage\":\"pt-BR\",\"potentialAction\":[{\"@type\":\"CommentAction\",\"name\":\"Comment\",\"target\":[\"https:\\\/\\\/tsukianimes.com.br\\\/index.php\\\/2023\\\/07\\\/04\\\/segunda-temporada-de-the-saints-magic-power-is-omnipotent-tem-estreia-programada-para-outubro\\\/#respond\"]}]},{\"@type\":\"WebPage\",\"@id\":\"https:\\\/\\\/tsukianimes.com.br\\\/index.php\\\/2023\\\/07\\\/04\\\/segunda-temporada-de-the-saints-magic-power-is-omnipotent-tem-estreia-programada-para-outubro\\\/\",\"url\":\"https:\\\/\\\/tsukianimes.com.br\\\/index.php\\\/2023\\\/07\\\/04\\\/segunda-temporada-de-the-saints-magic-power-is-omnipotent-tem-estreia-programada-para-outubro\\\/\",\"name\":\"Segunda temporada de The Saint's Magic Power is Omnipotent tem estreia programada para outubro\",\"isPartOf\":{\"@id\":\"https:\\\/\\\/tsukianimes.com.br\\\/#website\"},\"primaryImageOfPage\":{\"@id\":\"https:\\\/\\\/tsukianimes.com.br\\\/index.php\\\/2023\\\/07\\\/04\\\/segunda-temporada-de-the-saints-magic-power-is-omnipotent-tem-estreia-programada-para-outubro\\\/#primaryimage\"},\"image\":{\"@id\":\"https:\\\/\\\/tsukianimes.com.br\\\/index.php\\\/2023\\\/07\\\/04\\\/segunda-temporada-de-the-saints-magic-power-is-omnipotent-tem-estreia-programada-para-outubro\\\/#primaryimage\"},\"thumbnailUrl\":\"https:\\\/\\\/tsukianimes.com.br\\\/wp-content\\\/uploads\\\/2023\\\/07\\\/F0FCBBsaIAABEMf.jpeg\",\"datePublished\":\"2023-07-05T01:39:04+00:00\",\"description\":\"A segunda temporada de The Saint's Magic Power is Omnipotent estreia em outubro. A informa\u00e7\u00e3o foi revelada no Twitter.\",\"breadcrumb\":{\"@id\":\"https:\\\/\\\/tsukianimes.com.br\\\/index.php\\\/2023\\\/07\\\/04\\\/segunda-temporada-de-the-saints-magic-power-is-omnipotent-tem-estreia-programada-para-outubro\\\/#breadcrumb\"},\"inLanguage\":\"pt-BR\",\"potentialAction\":[{\"@type\":\"ReadAction\",\"target\":[\"https:\\\/\\\/tsukianimes.com.br\\\/index.php\\\/2023\\\/07\\\/04\\\/segunda-temporada-de-the-saints-magic-power-is-omnipotent-tem-estreia-programada-para-outubro\\\/\"]}]},{\"@type\":\"ImageObject\",\"inLanguage\":\"pt-BR\",\"@id\":\"https:\\\/\\\/tsukianimes.com.br\\\/index.php\\\/2023\\\/07\\\/04\\\/segunda-temporada-de-the-saints-magic-power-is-omnipotent-tem-estreia-programada-para-outubro\\\/#primaryimage\",\"url\":\"https:\\\/\\\/tsukianimes.com.br\\\/wp-content\\\/uploads\\\/2023\\\/07\\\/F0FCBBsaIAABEMf.jpeg\",\"contentUrl\":\"https:\\\/\\\/tsukianimes.com.br\\\/wp-content\\\/uploads\\\/2023\\\/07\\\/F0FCBBsaIAABEMf.jpeg\",\"width\":680,\"height\":499,\"caption\":\"Foto: Reprodu\u00e7\u00e3o\\\/ Twitter oficial The Saint's Magic Power is Omnipotent.\"},{\"@type\":\"BreadcrumbList\",\"@id\":\"https:\\\/\\\/tsukianimes.com.br\\\/index.php\\\/2023\\\/07\\\/04\\\/segunda-temporada-de-the-saints-magic-power-is-omnipotent-tem-estreia-programada-para-outubro\\\/#breadcrumb\",\"itemListElement\":[{\"@type\":\"ListItem\",\"position\":1,\"name\":\"In\u00edcio\",\"item\":\"https:\\\/\\\/tsukianimes.com.br\\\/\"},{\"@type\":\"ListItem\",\"position\":2,\"name\":\"Segunda temporada de The Saint&#8217;s Magic Power is Omnipotent tem estreia programada para outubro\"}]},{\"@type\":\"WebSite\",\"@id\":\"https:\\\/\\\/tsukianimes.com.br\\\/#website\",\"url\":\"https:\\\/\\\/tsukianimes.com.br\\\/\",\"name\":\"Tsuki Animes\",\"description\":\"\",\"publisher\":{\"@id\":\"https:\\\/\\\/tsukianimes.com.br\\\/#organization\"},\"potentialAction\":[{\"@type\":\"SearchAction\",\"target\":{\"@type\":\"EntryPoint\",\"urlTemplate\":\"https:\\\/\\\/tsukianimes.com.br\\\/?s={search_term_string}\"},\"query-input\":{\"@type\":\"PropertyValueSpecification\",\"valueRequired\":true,\"valueName\":\"search_term_string\"}}],\"inLanguage\":\"pt-BR\"},{\"@type\":\"Organization\",\"@id\":\"https:\\\/\\\/tsukianimes.com.br\\\/#organization\",\"name\":\"Tsuki Animes\",\"url\":\"https:\\\/\\\/tsukianimes.com.br\\\/\",\"logo\":{\"@type\":\"ImageObject\",\"inLanguage\":\"pt-BR\",\"@id\":\"https:\\\/\\\/tsukianimes.com.br\\\/#\\\/schema\\\/logo\\\/image\\\/\",\"url\":\"https:\\\/\\\/tsukianimes.com.br\\\/wp-content\\\/uploads\\\/2023\\\/06\\\/cropped-Ativo-4-1.png\",\"contentUrl\":\"https:\\\/\\\/tsukianimes.com.br\\\/wp-content\\\/uploads\\\/2023\\\/06\\\/cropped-Ativo-4-1.png\",\"width\":1314,\"height\":246,\"caption\":\"Tsuki Animes\"},\"image\":{\"@id\":\"https:\\\/\\\/tsukianimes.com.br\\\/#\\\/schema\\\/logo\\\/image\\\/\"}},{\"@type\":\"Person\",\"@id\":\"https:\\\/\\\/tsukianimes.com.br\\\/#\\\/schema\\\/person\\\/9e17947002e7239c44dbc8cf7674f0b1\",\"name\":\"tsukianimes.com.br\",\"image\":{\"@type\":\"ImageObject\",\"inLanguage\":\"pt-BR\",\"@id\":\"https:\\\/\\\/secure.gravatar.com\\\/avatar\\\/591a507b759fa000b57ae174373cfe3340385427fe67262e8cdd8072bc573b93?s=96&d=mm&r=g\",\"url\":\"https:\\\/\\\/secure.gravatar.com\\\/avatar\\\/591a507b759fa000b57ae174373cfe3340385427fe67262e8cdd8072bc573b93?s=96&d=mm&r=g\",\"contentUrl\":\"https:\\\/\\\/secure.gravatar.com\\\/avatar\\\/591a507b759fa000b57ae174373cfe3340385427fe67262e8cdd8072bc573b93?s=96&d=mm&r=g\",\"caption\":\"tsukianimes.com.br\"},\"sameAs\":[\"http:\\\/\\\/tsukianimes.com.br\"],\"url\":\"https:\\\/\\\/tsukianimes.com.br\\\/index.php\\\/author\\\/tsukianimes-com-br\\\/\"}]}<\/script>\n<!-- \/ Yoast SEO plugin. -->","yoast_head_json":{"title":"Segunda temporada de The Saint's Magic Power is Omnipotent tem estreia programada para outubro","description":"A segunda temporada de The Saint's Magic Power is Omnipotent estreia em outubro. A informa\u00e7\u00e3o foi revelada no Twitter.","robots":{"index":"index","follow":"follow","max-snippet":"max-snippet:-1","max-image-preview":"max-image-preview:large","max-video-preview":"max-video-preview:-1"},"canonical":"https:\/\/tsukianimes.com.br\/index.php\/2023\/07\/04\/segunda-temporada-de-the-saints-magic-power-is-omnipotent-tem-estreia-programada-para-outubro\/","og_locale":"pt_BR","og_type":"article","og_title":"Segunda temporada de The Saint's Magic Power is Omnipotent tem estreia programada para outubro","og_description":"Leia mais...","og_url":"https:\/\/tsukianimes.com.br\/index.php\/2023\/07\/04\/segunda-temporada-de-the-saints-magic-power-is-omnipotent-tem-estreia-programada-para-outubro\/","og_site_name":"Tsuki Animes","article_published_time":"2023-07-05T01:39:04+00:00","og_image":[{"width":680,"height":499,"url":"https:\/\/tsukianimes.com.br\/wp-content\/uploads\/2023\/07\/F0FCBBsaIAABEMf.jpeg","type":"image\/jpeg"}],"author":"tsukianimes.com.br","twitter_card":"summary_large_image","twitter_misc":{"Escrito por":"tsukianimes.com.br","Est. tempo de leitura":"1 minuto"},"schema":{"@context":"https:\/\/schema.org","@graph":[{"@type":"Article","@id":"https:\/\/tsukianimes.com.br\/index.php\/2023\/07\/04\/segunda-temporada-de-the-saints-magic-power-is-omnipotent-tem-estreia-programada-para-outubro\/#article","isPartOf":{"@id":"https:\/\/tsukianimes.com.br\/index.php\/2023\/07\/04\/segunda-temporada-de-the-saints-magic-power-is-omnipotent-tem-estreia-programada-para-outubro\/"},"author":{"name":"tsukianimes.com.br","@id":"https:\/\/tsukianimes.com.br\/#\/schema\/person\/9e17947002e7239c44dbc8cf7674f0b1"},"headline":"Segunda temporada de The Saint&#8217;s Magic Power is Omnipotent tem estreia programada para outubro","datePublished":"2023-07-05T01:39:04+00:00","mainEntityOfPage":{"@id":"https:\/\/tsukianimes.com.br\/index.php\/2023\/07\/04\/segunda-temporada-de-the-saints-magic-power-is-omnipotent-tem-estreia-programada-para-outubro\/"},"wordCount":134,"commentCount":0,"publisher":{"@id":"https:\/\/tsukianimes.com.br\/#organization"},"image":{"@id":"https:\/\/tsukianimes.com.br\/index.php\/2023\/07\/04\/segunda-temporada-de-the-saints-magic-power-is-omnipotent-tem-estreia-programada-para-outubro\/#primaryimage"},"thumbnailUrl":"https:\/\/tsukianimes.com.br\/wp-content\/uploads\/2023\/07\/F0FCBBsaIAABEMf.jpeg","keywords":["animes","the saint's magic power is omnipotent"],"articleSection":["Animes"],"inLanguage":"pt-BR","potentialAction":[{"@type":"CommentAction","name":"Comment","target":["https:\/\/tsukianimes.com.br\/index.php\/2023\/07\/04\/segunda-temporada-de-the-saints-magic-power-is-omnipotent-tem-estreia-programada-para-outubro\/#respond"]}]},{"@type":"WebPage","@id":"https:\/\/tsukianimes.com.br\/index.php\/2023\/07\/04\/segunda-temporada-de-the-saints-magic-power-is-omnipotent-tem-estreia-programada-para-outubro\/","url":"https:\/\/tsukianimes.com.br\/index.php\/2023\/07\/04\/segunda-temporada-de-the-saints-magic-power-is-omnipotent-tem-estreia-programada-para-outubro\/","name":"Segunda temporada de The Saint's Magic Power is Omnipotent tem estreia programada para outubro","isPartOf":{"@id":"https:\/\/tsukianimes.com.br\/#website"},"primaryImageOfPage":{"@id":"https:\/\/tsukianimes.com.br\/index.php\/2023\/07\/04\/segunda-temporada-de-the-saints-magic-power-is-omnipotent-tem-estreia-programada-para-outubro\/#primaryimage"},"image":{"@id":"https:\/\/tsukianimes.com.br\/index.php\/2023\/07\/04\/segunda-temporada-de-the-saints-magic-power-is-omnipotent-tem-estreia-programada-para-outubro\/#primaryimage"},"thumbnailUrl":"https:\/\/tsukianimes.com.br\/wp-content\/uploads\/2023\/07\/F0FCBBsaIAABEMf.jpeg","datePublished":"2023-07-05T01:39:04+00:00","description":"A segunda temporada de The Saint's Magic Power is Omnipotent estreia em outubro. A informa\u00e7\u00e3o foi revelada no Twitter.","breadcrumb":{"@id":"https:\/\/tsukianimes.com.br\/index.php\/2023\/07\/04\/segunda-temporada-de-the-saints-magic-power-is-omnipotent-tem-estreia-programada-para-outubro\/#breadcrumb"},"inLanguage":"pt-BR","potentialAction":[{"@type":"ReadAction","target":["https:\/\/tsukianimes.com.br\/index.php\/2023\/07\/04\/segunda-temporada-de-the-saints-magic-power-is-omnipotent-tem-estreia-programada-para-outubro\/"]}]},{"@type":"ImageObject","inLanguage":"pt-BR","@id":"https:\/\/tsukianimes.com.br\/index.php\/2023\/07\/04\/segunda-temporada-de-the-saints-magic-power-is-omnipotent-tem-estreia-programada-para-outubro\/#primaryimage","url":"https:\/\/tsukianimes.com.br\/wp-content\/uploads\/2023\/07\/F0FCBBsaIAABEMf.jpeg","contentUrl":"https:\/\/tsukianimes.com.br\/wp-content\/uploads\/2023\/07\/F0FCBBsaIAABEMf.jpeg","width":680,"height":499,"caption":"Foto: Reprodu\u00e7\u00e3o\/ Twitter oficial The Saint's Magic Power is Omnipotent."},{"@type":"BreadcrumbList","@id":"https:\/\/tsukianimes.com.br\/index.php\/2023\/07\/04\/segunda-temporada-de-the-saints-magic-power-is-omnipotent-tem-estreia-programada-para-outubro\/#breadcrumb","itemListElement":[{"@type":"ListItem","position":1,"name":"In\u00edcio","item":"https:\/\/tsukianimes.com.br\/"},{"@type":"ListItem","position":2,"name":"Segunda temporada de The Saint&#8217;s Magic Power is Omnipotent tem estreia programada para outubro"}]},{"@type":"WebSite","@id":"https:\/\/tsukianimes.com.br\/#website","url":"https:\/\/tsukianimes.com.br\/","name":"Tsuki Animes","description":"","publisher":{"@id":"https:\/\/tsukianimes.com.br\/#organization"},"potentialAction":[{"@type":"SearchAction","target":{"@type":"EntryPoint","urlTemplate":"https:\/\/tsukianimes.com.br\/?s={search_term_string}"},"query-input":{"@type":"PropertyValueSpecification","valueRequired":true,"valueName":"search_term_string"}}],"inLanguage":"pt-BR"},{"@type":"Organization","@id":"https:\/\/tsukianimes.com.br\/#organization","name":"Tsuki Animes","url":"https:\/\/tsukianimes.com.br\/","logo":{"@type":"ImageObject","inLanguage":"pt-BR","@id":"https:\/\/tsukianimes.com.br\/#\/schema\/logo\/image\/","url":"https:\/\/tsukianimes.com.br\/wp-content\/uploads\/2023\/06\/cropped-Ativo-4-1.png","contentUrl":"https:\/\/tsukianimes.com.br\/wp-content\/uploads\/2023\/06\/cropped-Ativo-4-1.png","width":1314,"height":246,"caption":"Tsuki Animes"},"image":{"@id":"https:\/\/tsukianimes.com.br\/#\/schema\/logo\/image\/"}},{"@type":"Person","@id":"https:\/\/tsukianimes.com.br\/#\/schema\/person\/9e17947002e7239c44dbc8cf7674f0b1","name":"tsukianimes.com.br","image":{"@type":"ImageObject","inLanguage":"pt-BR","@id":"https:\/\/secure.gravatar.com\/avatar\/591a507b759fa000b57ae174373cfe3340385427fe67262e8cdd8072bc573b93?s=96&d=mm&r=g","url":"https:\/\/secure.gravatar.com\/avatar\/591a507b759fa000b57ae174373cfe3340385427fe67262e8cdd8072bc573b93?s=96&d=mm&r=g","contentUrl":"https:\/\/secure.gravatar.com\/avatar\/591a507b759fa000b57ae174373cfe3340385427fe67262e8cdd8072bc573b93?s=96&d=mm&r=g","caption":"tsukianimes.com.br"},"sameAs":["http:\/\/tsukianimes.com.br"],"url":"https:\/\/tsukianimes.com.br\/index.php\/author\/tsukianimes-com-br\/"}]}},"amp_enabled":true,"_links":{"self":[{"href":"https:\/\/tsukianimes.com.br\/index.php\/wp-json\/wp\/v2\/posts\/307","targetHints":{"allow":["GET"]}}],"collection":[{"href":"https:\/\/tsukianimes.com.br\/index.php\/wp-json\/wp\/v2\/posts"}],"about":[{"href":"https:\/\/tsukianimes.com.br\/index.php\/wp-json\/wp\/v2\/types\/post"}],"author":[{"embeddable":true,"href":"https:\/\/tsukianimes.com.br\/index.php\/wp-json\/wp\/v2\/users\/1"}],"replies":[{"embeddable":true,"href":"https:\/\/tsukianimes.com.br\/index.php\/wp-json\/wp\/v2\/comments?post=307"}],"version-history":[{"count":1,"href":"https:\/\/tsukianimes.com.br\/index.php\/wp-json\/wp\/v2\/posts\/307\/revisions"}],"predecessor-version":[{"id":309,"href":"https:\/\/tsukianimes.com.br\/index.php\/wp-json\/wp\/v2\/posts\/307\/revisions\/309"}],"wp:featuredmedia":[{"embeddable":true,"href":"https:\/\/tsukianimes.com.br\/index.php\/wp-json\/wp\/v2\/media\/308"}],"wp:attachment":[{"href":"https:\/\/tsukianimes.com.br\/index.php\/wp-json\/wp\/v2\/media?parent=307"}],"wp:term":[{"taxonomy":"category","embeddable":true,"href":"https:\/\/tsukianimes.com.br\/index.php\/wp-json\/wp\/v2\/categories?post=307"},{"taxonomy":"post_tag","embeddable":true,"href":"https:\/\/tsukianimes.com.br\/index.php\/wp-json\/wp\/v2\/tags?post=307"}],"curies":[{"name":"wp","href":"https:\/\/api.w.org\/{rel}","templated":true}]}}