{"id":304,"date":"2023-07-03T21:53:58","date_gmt":"2023-07-04T00:53:58","guid":{"rendered":"https:\/\/tsukianimes.com.br\/?p=304"},"modified":"2023-07-03T21:53:58","modified_gmt":"2023-07-04T00:53:58","slug":"warner-bros-anuncia-anime-isekai-de-esquadrao-suicida","status":"publish","type":"post","link":"https:\/\/tsukianimes.com.br\/index.php\/2023\/07\/03\/warner-bros-anuncia-anime-isekai-de-esquadrao-suicida\/","title":{"rendered":"Warner Bros anuncia anime isekai de Esquadr\u00e3o Suicida"},"content":{"rendered":"<p>A Warner Bros anunciou nesta segunda-feira (3) a produ\u00e7\u00e3o de um anime isekai da franquia <em>Esquadr\u00e3o Suicida<\/em>. O an\u00fancio foi feito durante o painel das empresas na Anime Expo 2023. Logo depois, o Twitter da Warner Bros. Japan Anime postou o primeiro trailer promocional da s\u00e9rie, que ainda n\u00e3o tem data de estreia.<\/p>\n<p>A franquia\u00a0<em>Esquadr\u00e3o Suicida<\/em> acompanha as aventuras de um grupo de criminosos que aceita miss\u00f5es dif\u00edceis e perigos\u00edssimas em troca da redu\u00e7\u00e3o da pena. Esse grupo inclui personagens como a Arlequina e o Coringa, que j\u00e1 aparecem no trailer divulgado pela Warner Bros..<\/p>\n<p>Lembrando que os animes do g\u00eanero isekai s\u00e3o hist\u00f3rias que envolvem uma pessoa ou v\u00e1rias que s\u00e3o transportadas para outro mundo e precisam se adaptar \u00e0 nova realidade delas. Resta saber como esse conceito ser\u00e1 integrado ao que j\u00e1 conhecemos do\u00a0<em>Esquadr\u00e3o Suicida<\/em>.<\/p>\n<p><em>Foto: Reprodu\u00e7\u00e3o\/ Twitter oficial\/ Warner Bros. Japan Anime.<\/em><\/p>\n<blockquote class=\"twitter-tweet\" data-width=\"550\" data-dnt=\"true\">\n<p lang=\"ja\" dir=\"ltr\">\ud83d\udc97\u65b0\u4f5c\u30aa\u30ea\u30b8\u30ca\u30eb\u30a2\u30cb\u30e1\u300c\u7570\u4e16\u754c\u30b9\u30fc\u30b5\u30a4\u30c9\u30fb\u30b9\u30af\u30ef\u30c3\u30c9\u300d\u5236\u4f5c\u6c7a\u5b9a\ud83d\udc99<\/p>\n<p>WBJ <a href=\"https:\/\/twitter.com\/wb_anime?ref_src=twsrc%5Etfw\">@wb_anime<\/a> \u00d7 WIT STUDIO <a href=\"https:\/\/twitter.com\/WIT_STUDIO?ref_src=twsrc%5Etfw\">@WIT_STUDIO<\/a><br \/>\u30cf\u30fc\u30ec\u30a4\u30fb\u30af\u30a4\u30f3\u3001\u30b8\u30e7\u30fc\u30ab\u30fc\u3001DC\u30b3\u30df\u30c3\u30af\u30b9\u306e\u60aa\u515a\u5171\u304c&quot;\u7570\u4e16\u754c&quot;\u306b\u2049<br \/>\u6700\u72c2\u306e\u7570\u4e16\u754c&quot;\u66b4&quot;\u967a\u30d5\u30a1\u30f3\u30bf\u30b8\u30fc\u3001\u5802\u3005\u958b\u5e55\u203c\ufe0f<\/p>\n<p>\u25b6\ufe0f<a href=\"https:\/\/t.co\/NogMUl1vLu\">https:\/\/t.co\/NogMUl1vLu<\/a><a href=\"https:\/\/twitter.com\/hashtag\/SuicideSquadISEKAI?src=hash&amp;ref_src=twsrc%5Etfw\">#SuicideSquadISEKAI<\/a> <a href=\"https:\/\/twitter.com\/hashtag\/wbj_anime?src=hash&amp;ref_src=twsrc%5Etfw\">#wbj_anime<\/a> <a href=\"https:\/\/t.co\/EbhN19wnHI\">pic.twitter.com\/EbhN19wnHI<\/a><\/p>\n<p>&mdash; Warner Bros. Japan Anime (@wb_anime) <a href=\"https:\/\/twitter.com\/wb_anime\/status\/1675927387395989511?ref_src=twsrc%5Etfw\">July 3, 2023<\/a><\/p><\/blockquote>\n<p><script async src=\"https:\/\/platform.twitter.com\/widgets.js\" charset=\"utf-8\"><\/script><\/p>\n","protected":false},"excerpt":{"rendered":"<p>A Warner Bros anunciou nesta segunda-feira (3) a produ\u00e7\u00e3o de um anime isekai da franquia Esquadr\u00e3o Suicida. O an\u00fancio foi feito durante o painel das empresas na Anime Expo 2023. Logo depois, o Twitter da Warner Bros. Japan Anime postou o primeiro trailer promocional da s\u00e9rie, que ainda n\u00e3o tem data de estreia. A franquia\u00a0Esquadr\u00e3o &hellip; <\/p>\n","protected":false},"author":1,"featured_media":305,"comment_status":"open","ping_status":"open","sticky":false,"template":"","format":"standard","meta":{"om_disable_all_campaigns":false,"_monsterinsights_skip_tracking":false,"_monsterinsights_sitenote_active":false,"_monsterinsights_sitenote_note":"","_monsterinsights_sitenote_category":0,"_uf_show_specific_survey":0,"_uf_disable_surveys":false,"footnotes":""},"categories":[2],"tags":[3,65],"class_list":["post-304","post","type-post","status-publish","format-standard","has-post-thumbnail","hentry","category-animes","tag-animes","tag-esquadrao-suicida","latest_post"],"yoast_head":"<!-- This site is optimized with the Yoast SEO plugin v27.4 - https:\/\/yoast.com\/product\/yoast-seo-wordpress\/ -->\n<title>Warner Bros anuncia anime isekai de Esquadr\u00e3o Suicida - Tsuki Animes<\/title>\n<meta name=\"description\" content=\"A Warner Bros anunciou a produ\u00e7\u00e3o de um anime isekai da franquia Esquadr\u00e3o Suicida. O an\u00fancio foi feito durante a Anime Expo 2023.\" \/>\n<meta name=\"robots\" content=\"index, follow, max-snippet:-1, max-image-preview:large, max-video-preview:-1\" \/>\n<link rel=\"canonical\" href=\"https:\/\/tsukianimes.com.br\/index.php\/2023\/07\/03\/warner-bros-anuncia-anime-isekai-de-esquadrao-suicida\/\" \/>\n<meta property=\"og:locale\" content=\"pt_BR\" \/>\n<meta property=\"og:type\" content=\"article\" \/>\n<meta property=\"og:title\" content=\"Warner Bros anuncia anime isekai de Esquadr\u00e3o Suicida\" \/>\n<meta property=\"og:description\" content=\"Leia mais...\" \/>\n<meta property=\"og:url\" content=\"https:\/\/tsukianimes.com.br\/index.php\/2023\/07\/03\/warner-bros-anuncia-anime-isekai-de-esquadrao-suicida\/\" \/>\n<meta property=\"og:site_name\" content=\"Tsuki Animes\" \/>\n<meta property=\"article:published_time\" content=\"2023-07-04T00:53:58+00:00\" \/>\n<meta property=\"og:image\" content=\"https:\/\/tsukianimes.com.br\/wp-content\/uploads\/2023\/07\/F0I2IA9aYAE9msc-scaled.jpeg\" \/>\n\t<meta property=\"og:image:width\" content=\"1746\" \/>\n\t<meta property=\"og:image:height\" content=\"2560\" \/>\n\t<meta property=\"og:image:type\" content=\"image\/jpeg\" \/>\n<meta name=\"author\" content=\"tsukianimes.com.br\" \/>\n<meta name=\"twitter:card\" content=\"summary_large_image\" \/>\n<meta name=\"twitter:label1\" content=\"Escrito por\" \/>\n\t<meta name=\"twitter:data1\" content=\"tsukianimes.com.br\" \/>\n\t<meta name=\"twitter:label2\" content=\"Est. tempo de leitura\" \/>\n\t<meta name=\"twitter:data2\" content=\"1 minuto\" \/>\n<script type=\"application\/ld+json\" class=\"yoast-schema-graph\">{\"@context\":\"https:\\\/\\\/schema.org\",\"@graph\":[{\"@type\":\"Article\",\"@id\":\"https:\\\/\\\/tsukianimes.com.br\\\/index.php\\\/2023\\\/07\\\/03\\\/warner-bros-anuncia-anime-isekai-de-esquadrao-suicida\\\/#article\",\"isPartOf\":{\"@id\":\"https:\\\/\\\/tsukianimes.com.br\\\/index.php\\\/2023\\\/07\\\/03\\\/warner-bros-anuncia-anime-isekai-de-esquadrao-suicida\\\/\"},\"author\":{\"name\":\"tsukianimes.com.br\",\"@id\":\"https:\\\/\\\/tsukianimes.com.br\\\/#\\\/schema\\\/person\\\/9e17947002e7239c44dbc8cf7674f0b1\"},\"headline\":\"Warner Bros anuncia anime isekai de Esquadr\u00e3o Suicida\",\"datePublished\":\"2023-07-04T00:53:58+00:00\",\"mainEntityOfPage\":{\"@id\":\"https:\\\/\\\/tsukianimes.com.br\\\/index.php\\\/2023\\\/07\\\/03\\\/warner-bros-anuncia-anime-isekai-de-esquadrao-suicida\\\/\"},\"wordCount\":180,\"commentCount\":0,\"publisher\":{\"@id\":\"https:\\\/\\\/tsukianimes.com.br\\\/#organization\"},\"image\":{\"@id\":\"https:\\\/\\\/tsukianimes.com.br\\\/index.php\\\/2023\\\/07\\\/03\\\/warner-bros-anuncia-anime-isekai-de-esquadrao-suicida\\\/#primaryimage\"},\"thumbnailUrl\":\"https:\\\/\\\/tsukianimes.com.br\\\/wp-content\\\/uploads\\\/2023\\\/07\\\/F0I2IA9aYAE9msc-scaled.jpeg\",\"keywords\":[\"animes\",\"esquadr\u00e3o suicida\"],\"articleSection\":[\"Animes\"],\"inLanguage\":\"pt-BR\",\"potentialAction\":[{\"@type\":\"CommentAction\",\"name\":\"Comment\",\"target\":[\"https:\\\/\\\/tsukianimes.com.br\\\/index.php\\\/2023\\\/07\\\/03\\\/warner-bros-anuncia-anime-isekai-de-esquadrao-suicida\\\/#respond\"]}]},{\"@type\":\"WebPage\",\"@id\":\"https:\\\/\\\/tsukianimes.com.br\\\/index.php\\\/2023\\\/07\\\/03\\\/warner-bros-anuncia-anime-isekai-de-esquadrao-suicida\\\/\",\"url\":\"https:\\\/\\\/tsukianimes.com.br\\\/index.php\\\/2023\\\/07\\\/03\\\/warner-bros-anuncia-anime-isekai-de-esquadrao-suicida\\\/\",\"name\":\"Warner Bros anuncia anime isekai de Esquadr\u00e3o Suicida - Tsuki Animes\",\"isPartOf\":{\"@id\":\"https:\\\/\\\/tsukianimes.com.br\\\/#website\"},\"primaryImageOfPage\":{\"@id\":\"https:\\\/\\\/tsukianimes.com.br\\\/index.php\\\/2023\\\/07\\\/03\\\/warner-bros-anuncia-anime-isekai-de-esquadrao-suicida\\\/#primaryimage\"},\"image\":{\"@id\":\"https:\\\/\\\/tsukianimes.com.br\\\/index.php\\\/2023\\\/07\\\/03\\\/warner-bros-anuncia-anime-isekai-de-esquadrao-suicida\\\/#primaryimage\"},\"thumbnailUrl\":\"https:\\\/\\\/tsukianimes.com.br\\\/wp-content\\\/uploads\\\/2023\\\/07\\\/F0I2IA9aYAE9msc-scaled.jpeg\",\"datePublished\":\"2023-07-04T00:53:58+00:00\",\"description\":\"A Warner Bros anunciou a produ\u00e7\u00e3o de um anime isekai da franquia Esquadr\u00e3o Suicida. O an\u00fancio foi feito durante a Anime Expo 2023.\",\"breadcrumb\":{\"@id\":\"https:\\\/\\\/tsukianimes.com.br\\\/index.php\\\/2023\\\/07\\\/03\\\/warner-bros-anuncia-anime-isekai-de-esquadrao-suicida\\\/#breadcrumb\"},\"inLanguage\":\"pt-BR\",\"potentialAction\":[{\"@type\":\"ReadAction\",\"target\":[\"https:\\\/\\\/tsukianimes.com.br\\\/index.php\\\/2023\\\/07\\\/03\\\/warner-bros-anuncia-anime-isekai-de-esquadrao-suicida\\\/\"]}]},{\"@type\":\"ImageObject\",\"inLanguage\":\"pt-BR\",\"@id\":\"https:\\\/\\\/tsukianimes.com.br\\\/index.php\\\/2023\\\/07\\\/03\\\/warner-bros-anuncia-anime-isekai-de-esquadrao-suicida\\\/#primaryimage\",\"url\":\"https:\\\/\\\/tsukianimes.com.br\\\/wp-content\\\/uploads\\\/2023\\\/07\\\/F0I2IA9aYAE9msc-scaled.jpeg\",\"contentUrl\":\"https:\\\/\\\/tsukianimes.com.br\\\/wp-content\\\/uploads\\\/2023\\\/07\\\/F0I2IA9aYAE9msc-scaled.jpeg\",\"width\":1746,\"height\":2560,\"caption\":\"Arlequina da vers\u00e3o isekai do Esquadr\u00e3o Suicida\"},{\"@type\":\"BreadcrumbList\",\"@id\":\"https:\\\/\\\/tsukianimes.com.br\\\/index.php\\\/2023\\\/07\\\/03\\\/warner-bros-anuncia-anime-isekai-de-esquadrao-suicida\\\/#breadcrumb\",\"itemListElement\":[{\"@type\":\"ListItem\",\"position\":1,\"name\":\"In\u00edcio\",\"item\":\"https:\\\/\\\/tsukianimes.com.br\\\/\"},{\"@type\":\"ListItem\",\"position\":2,\"name\":\"Warner Bros anuncia anime isekai de Esquadr\u00e3o Suicida\"}]},{\"@type\":\"WebSite\",\"@id\":\"https:\\\/\\\/tsukianimes.com.br\\\/#website\",\"url\":\"https:\\\/\\\/tsukianimes.com.br\\\/\",\"name\":\"Tsuki Animes\",\"description\":\"\",\"publisher\":{\"@id\":\"https:\\\/\\\/tsukianimes.com.br\\\/#organization\"},\"potentialAction\":[{\"@type\":\"SearchAction\",\"target\":{\"@type\":\"EntryPoint\",\"urlTemplate\":\"https:\\\/\\\/tsukianimes.com.br\\\/?s={search_term_string}\"},\"query-input\":{\"@type\":\"PropertyValueSpecification\",\"valueRequired\":true,\"valueName\":\"search_term_string\"}}],\"inLanguage\":\"pt-BR\"},{\"@type\":\"Organization\",\"@id\":\"https:\\\/\\\/tsukianimes.com.br\\\/#organization\",\"name\":\"Tsuki Animes\",\"url\":\"https:\\\/\\\/tsukianimes.com.br\\\/\",\"logo\":{\"@type\":\"ImageObject\",\"inLanguage\":\"pt-BR\",\"@id\":\"https:\\\/\\\/tsukianimes.com.br\\\/#\\\/schema\\\/logo\\\/image\\\/\",\"url\":\"https:\\\/\\\/tsukianimes.com.br\\\/wp-content\\\/uploads\\\/2023\\\/06\\\/cropped-Ativo-4-1.png\",\"contentUrl\":\"https:\\\/\\\/tsukianimes.com.br\\\/wp-content\\\/uploads\\\/2023\\\/06\\\/cropped-Ativo-4-1.png\",\"width\":1314,\"height\":246,\"caption\":\"Tsuki Animes\"},\"image\":{\"@id\":\"https:\\\/\\\/tsukianimes.com.br\\\/#\\\/schema\\\/logo\\\/image\\\/\"}},{\"@type\":\"Person\",\"@id\":\"https:\\\/\\\/tsukianimes.com.br\\\/#\\\/schema\\\/person\\\/9e17947002e7239c44dbc8cf7674f0b1\",\"name\":\"tsukianimes.com.br\",\"image\":{\"@type\":\"ImageObject\",\"inLanguage\":\"pt-BR\",\"@id\":\"https:\\\/\\\/secure.gravatar.com\\\/avatar\\\/591a507b759fa000b57ae174373cfe3340385427fe67262e8cdd8072bc573b93?s=96&d=mm&r=g\",\"url\":\"https:\\\/\\\/secure.gravatar.com\\\/avatar\\\/591a507b759fa000b57ae174373cfe3340385427fe67262e8cdd8072bc573b93?s=96&d=mm&r=g\",\"contentUrl\":\"https:\\\/\\\/secure.gravatar.com\\\/avatar\\\/591a507b759fa000b57ae174373cfe3340385427fe67262e8cdd8072bc573b93?s=96&d=mm&r=g\",\"caption\":\"tsukianimes.com.br\"},\"sameAs\":[\"http:\\\/\\\/tsukianimes.com.br\"],\"url\":\"https:\\\/\\\/tsukianimes.com.br\\\/index.php\\\/author\\\/tsukianimes-com-br\\\/\"}]}<\/script>\n<!-- \/ Yoast SEO plugin. -->","yoast_head_json":{"title":"Warner Bros anuncia anime isekai de Esquadr\u00e3o Suicida - Tsuki Animes","description":"A Warner Bros anunciou a produ\u00e7\u00e3o de um anime isekai da franquia Esquadr\u00e3o Suicida. O an\u00fancio foi feito durante a Anime Expo 2023.","robots":{"index":"index","follow":"follow","max-snippet":"max-snippet:-1","max-image-preview":"max-image-preview:large","max-video-preview":"max-video-preview:-1"},"canonical":"https:\/\/tsukianimes.com.br\/index.php\/2023\/07\/03\/warner-bros-anuncia-anime-isekai-de-esquadrao-suicida\/","og_locale":"pt_BR","og_type":"article","og_title":"Warner Bros anuncia anime isekai de Esquadr\u00e3o Suicida","og_description":"Leia mais...","og_url":"https:\/\/tsukianimes.com.br\/index.php\/2023\/07\/03\/warner-bros-anuncia-anime-isekai-de-esquadrao-suicida\/","og_site_name":"Tsuki Animes","article_published_time":"2023-07-04T00:53:58+00:00","og_image":[{"width":1746,"height":2560,"url":"https:\/\/tsukianimes.com.br\/wp-content\/uploads\/2023\/07\/F0I2IA9aYAE9msc-scaled.jpeg","type":"image\/jpeg"}],"author":"tsukianimes.com.br","twitter_card":"summary_large_image","twitter_misc":{"Escrito por":"tsukianimes.com.br","Est. tempo de leitura":"1 minuto"},"schema":{"@context":"https:\/\/schema.org","@graph":[{"@type":"Article","@id":"https:\/\/tsukianimes.com.br\/index.php\/2023\/07\/03\/warner-bros-anuncia-anime-isekai-de-esquadrao-suicida\/#article","isPartOf":{"@id":"https:\/\/tsukianimes.com.br\/index.php\/2023\/07\/03\/warner-bros-anuncia-anime-isekai-de-esquadrao-suicida\/"},"author":{"name":"tsukianimes.com.br","@id":"https:\/\/tsukianimes.com.br\/#\/schema\/person\/9e17947002e7239c44dbc8cf7674f0b1"},"headline":"Warner Bros anuncia anime isekai de Esquadr\u00e3o Suicida","datePublished":"2023-07-04T00:53:58+00:00","mainEntityOfPage":{"@id":"https:\/\/tsukianimes.com.br\/index.php\/2023\/07\/03\/warner-bros-anuncia-anime-isekai-de-esquadrao-suicida\/"},"wordCount":180,"commentCount":0,"publisher":{"@id":"https:\/\/tsukianimes.com.br\/#organization"},"image":{"@id":"https:\/\/tsukianimes.com.br\/index.php\/2023\/07\/03\/warner-bros-anuncia-anime-isekai-de-esquadrao-suicida\/#primaryimage"},"thumbnailUrl":"https:\/\/tsukianimes.com.br\/wp-content\/uploads\/2023\/07\/F0I2IA9aYAE9msc-scaled.jpeg","keywords":["animes","esquadr\u00e3o suicida"],"articleSection":["Animes"],"inLanguage":"pt-BR","potentialAction":[{"@type":"CommentAction","name":"Comment","target":["https:\/\/tsukianimes.com.br\/index.php\/2023\/07\/03\/warner-bros-anuncia-anime-isekai-de-esquadrao-suicida\/#respond"]}]},{"@type":"WebPage","@id":"https:\/\/tsukianimes.com.br\/index.php\/2023\/07\/03\/warner-bros-anuncia-anime-isekai-de-esquadrao-suicida\/","url":"https:\/\/tsukianimes.com.br\/index.php\/2023\/07\/03\/warner-bros-anuncia-anime-isekai-de-esquadrao-suicida\/","name":"Warner Bros anuncia anime isekai de Esquadr\u00e3o Suicida - Tsuki Animes","isPartOf":{"@id":"https:\/\/tsukianimes.com.br\/#website"},"primaryImageOfPage":{"@id":"https:\/\/tsukianimes.com.br\/index.php\/2023\/07\/03\/warner-bros-anuncia-anime-isekai-de-esquadrao-suicida\/#primaryimage"},"image":{"@id":"https:\/\/tsukianimes.com.br\/index.php\/2023\/07\/03\/warner-bros-anuncia-anime-isekai-de-esquadrao-suicida\/#primaryimage"},"thumbnailUrl":"https:\/\/tsukianimes.com.br\/wp-content\/uploads\/2023\/07\/F0I2IA9aYAE9msc-scaled.jpeg","datePublished":"2023-07-04T00:53:58+00:00","description":"A Warner Bros anunciou a produ\u00e7\u00e3o de um anime isekai da franquia Esquadr\u00e3o Suicida. O an\u00fancio foi feito durante a Anime Expo 2023.","breadcrumb":{"@id":"https:\/\/tsukianimes.com.br\/index.php\/2023\/07\/03\/warner-bros-anuncia-anime-isekai-de-esquadrao-suicida\/#breadcrumb"},"inLanguage":"pt-BR","potentialAction":[{"@type":"ReadAction","target":["https:\/\/tsukianimes.com.br\/index.php\/2023\/07\/03\/warner-bros-anuncia-anime-isekai-de-esquadrao-suicida\/"]}]},{"@type":"ImageObject","inLanguage":"pt-BR","@id":"https:\/\/tsukianimes.com.br\/index.php\/2023\/07\/03\/warner-bros-anuncia-anime-isekai-de-esquadrao-suicida\/#primaryimage","url":"https:\/\/tsukianimes.com.br\/wp-content\/uploads\/2023\/07\/F0I2IA9aYAE9msc-scaled.jpeg","contentUrl":"https:\/\/tsukianimes.com.br\/wp-content\/uploads\/2023\/07\/F0I2IA9aYAE9msc-scaled.jpeg","width":1746,"height":2560,"caption":"Arlequina da vers\u00e3o isekai do Esquadr\u00e3o Suicida"},{"@type":"BreadcrumbList","@id":"https:\/\/tsukianimes.com.br\/index.php\/2023\/07\/03\/warner-bros-anuncia-anime-isekai-de-esquadrao-suicida\/#breadcrumb","itemListElement":[{"@type":"ListItem","position":1,"name":"In\u00edcio","item":"https:\/\/tsukianimes.com.br\/"},{"@type":"ListItem","position":2,"name":"Warner Bros anuncia anime isekai de Esquadr\u00e3o Suicida"}]},{"@type":"WebSite","@id":"https:\/\/tsukianimes.com.br\/#website","url":"https:\/\/tsukianimes.com.br\/","name":"Tsuki Animes","description":"","publisher":{"@id":"https:\/\/tsukianimes.com.br\/#organization"},"potentialAction":[{"@type":"SearchAction","target":{"@type":"EntryPoint","urlTemplate":"https:\/\/tsukianimes.com.br\/?s={search_term_string}"},"query-input":{"@type":"PropertyValueSpecification","valueRequired":true,"valueName":"search_term_string"}}],"inLanguage":"pt-BR"},{"@type":"Organization","@id":"https:\/\/tsukianimes.com.br\/#organization","name":"Tsuki Animes","url":"https:\/\/tsukianimes.com.br\/","logo":{"@type":"ImageObject","inLanguage":"pt-BR","@id":"https:\/\/tsukianimes.com.br\/#\/schema\/logo\/image\/","url":"https:\/\/tsukianimes.com.br\/wp-content\/uploads\/2023\/06\/cropped-Ativo-4-1.png","contentUrl":"https:\/\/tsukianimes.com.br\/wp-content\/uploads\/2023\/06\/cropped-Ativo-4-1.png","width":1314,"height":246,"caption":"Tsuki Animes"},"image":{"@id":"https:\/\/tsukianimes.com.br\/#\/schema\/logo\/image\/"}},{"@type":"Person","@id":"https:\/\/tsukianimes.com.br\/#\/schema\/person\/9e17947002e7239c44dbc8cf7674f0b1","name":"tsukianimes.com.br","image":{"@type":"ImageObject","inLanguage":"pt-BR","@id":"https:\/\/secure.gravatar.com\/avatar\/591a507b759fa000b57ae174373cfe3340385427fe67262e8cdd8072bc573b93?s=96&d=mm&r=g","url":"https:\/\/secure.gravatar.com\/avatar\/591a507b759fa000b57ae174373cfe3340385427fe67262e8cdd8072bc573b93?s=96&d=mm&r=g","contentUrl":"https:\/\/secure.gravatar.com\/avatar\/591a507b759fa000b57ae174373cfe3340385427fe67262e8cdd8072bc573b93?s=96&d=mm&r=g","caption":"tsukianimes.com.br"},"sameAs":["http:\/\/tsukianimes.com.br"],"url":"https:\/\/tsukianimes.com.br\/index.php\/author\/tsukianimes-com-br\/"}]}},"amp_enabled":true,"_links":{"self":[{"href":"https:\/\/tsukianimes.com.br\/index.php\/wp-json\/wp\/v2\/posts\/304","targetHints":{"allow":["GET"]}}],"collection":[{"href":"https:\/\/tsukianimes.com.br\/index.php\/wp-json\/wp\/v2\/posts"}],"about":[{"href":"https:\/\/tsukianimes.com.br\/index.php\/wp-json\/wp\/v2\/types\/post"}],"author":[{"embeddable":true,"href":"https:\/\/tsukianimes.com.br\/index.php\/wp-json\/wp\/v2\/users\/1"}],"replies":[{"embeddable":true,"href":"https:\/\/tsukianimes.com.br\/index.php\/wp-json\/wp\/v2\/comments?post=304"}],"version-history":[{"count":1,"href":"https:\/\/tsukianimes.com.br\/index.php\/wp-json\/wp\/v2\/posts\/304\/revisions"}],"predecessor-version":[{"id":306,"href":"https:\/\/tsukianimes.com.br\/index.php\/wp-json\/wp\/v2\/posts\/304\/revisions\/306"}],"wp:featuredmedia":[{"embeddable":true,"href":"https:\/\/tsukianimes.com.br\/index.php\/wp-json\/wp\/v2\/media\/305"}],"wp:attachment":[{"href":"https:\/\/tsukianimes.com.br\/index.php\/wp-json\/wp\/v2\/media?parent=304"}],"wp:term":[{"taxonomy":"category","embeddable":true,"href":"https:\/\/tsukianimes.com.br\/index.php\/wp-json\/wp\/v2\/categories?post=304"},{"taxonomy":"post_tag","embeddable":true,"href":"https:\/\/tsukianimes.com.br\/index.php\/wp-json\/wp\/v2\/tags?post=304"}],"curies":[{"name":"wp","href":"https:\/\/api.w.org\/{rel}","templated":true}]}}