{"id":283,"date":"2023-07-02T21:22:02","date_gmt":"2023-07-03T00:22:02","guid":{"rendered":"https:\/\/tsukianimes.com.br\/?p=283"},"modified":"2023-07-02T21:22:02","modified_gmt":"2023-07-03T00:22:02","slug":"episodios-extras-de-naruto-estreiam-em-setembro-no-japao","status":"publish","type":"post","link":"https:\/\/tsukianimes.com.br\/index.php\/2023\/07\/02\/episodios-extras-de-naruto-estreiam-em-setembro-no-japao\/","title":{"rendered":"Epis\u00f3dios extras de Naruto estreiam em setembro no Jap\u00e3o"},"content":{"rendered":"<p>Os epis\u00f3dios extras de\u00a0<em>Naruto<\/em> v\u00e3o estrear no dia 3 de setembro no Jap\u00e3o. A informa\u00e7\u00e3o foi revelada pela produ\u00e7\u00e3o do anime no Twitter neste domingo (2). Ser\u00e3o quatro epis\u00f3dios originais da fase original da hist\u00f3ria, antes de Naruto ir treinar com Jiraya ap\u00f3s Sasuke abandonar Konoha.<\/p>\n<p>Os novos cap\u00edtulos ser\u00e3o lan\u00e7ados em comemora\u00e7\u00e3o aos 20 anos da s\u00e9rie. Atualmente, a franquia\u00a0<em>Naruto<\/em> engloba o mang\u00e1, a primeira e a segunda fase do anime, e a s\u00e9rie\u00a0<em>Boruto: Naruto Next Generations<\/em>, que acompanha as aventuras de Boruto, filho de Naruto.<\/p>\n","protected":false},"excerpt":{"rendered":"<p>Os epis\u00f3dios extras de\u00a0Naruto v\u00e3o estrear no dia 3 de setembro no Jap\u00e3o. A informa\u00e7\u00e3o foi revelada pela produ\u00e7\u00e3o do anime no Twitter neste domingo (2). Ser\u00e3o quatro epis\u00f3dios originais da fase original da hist\u00f3ria, antes de Naruto ir treinar com Jiraya ap\u00f3s Sasuke abandonar Konoha. Os novos cap\u00edtulos ser\u00e3o lan\u00e7ados em comemora\u00e7\u00e3o aos 20 &hellip; <\/p>\n","protected":false},"author":1,"featured_media":284,"comment_status":"open","ping_status":"open","sticky":false,"template":"","format":"standard","meta":{"om_disable_all_campaigns":false,"_monsterinsights_skip_tracking":false,"_monsterinsights_sitenote_active":false,"_monsterinsights_sitenote_note":"","_monsterinsights_sitenote_category":0,"_uf_show_specific_survey":0,"_uf_disable_surveys":false,"footnotes":""},"categories":[2],"tags":[3,49],"class_list":["post-283","post","type-post","status-publish","format-standard","has-post-thumbnail","hentry","category-animes","tag-animes","tag-naruto","latest_post"],"yoast_head":"<!-- This site is optimized with the Yoast SEO plugin v27.4 - https:\/\/yoast.com\/product\/yoast-seo-wordpress\/ -->\n<title>Epis\u00f3dios extras de Naruto estreiam em setembro no Jap\u00e3o - Tsuki Animes<\/title>\n<meta name=\"description\" content=\"Os epis\u00f3dios extras de\u00a0Naruto v\u00e3o estrear no dia 3 de setembro no Jap\u00e3o. A informa\u00e7\u00e3o foi revelada pela produ\u00e7\u00e3o do anime no Twitter.\" \/>\n<meta name=\"robots\" content=\"index, follow, max-snippet:-1, max-image-preview:large, max-video-preview:-1\" \/>\n<link rel=\"canonical\" href=\"https:\/\/tsukianimes.com.br\/index.php\/2023\/07\/02\/episodios-extras-de-naruto-estreiam-em-setembro-no-japao\/\" \/>\n<meta property=\"og:locale\" content=\"pt_BR\" \/>\n<meta property=\"og:type\" content=\"article\" \/>\n<meta property=\"og:title\" content=\"Epis\u00f3dios extras de Naruto estreiam em setembro no Jap\u00e3o\" \/>\n<meta property=\"og:description\" content=\"Leia mais...\" \/>\n<meta property=\"og:url\" content=\"https:\/\/tsukianimes.com.br\/index.php\/2023\/07\/02\/episodios-extras-de-naruto-estreiam-em-setembro-no-japao\/\" \/>\n<meta property=\"og:site_name\" content=\"Tsuki Animes\" \/>\n<meta property=\"article:published_time\" content=\"2023-07-03T00:22:02+00:00\" \/>\n<meta property=\"og:image\" content=\"https:\/\/tsukianimes.com.br\/wp-content\/uploads\/2023\/07\/FelS0Q_akAAR-TH.jpeg\" \/>\n\t<meta property=\"og:image:width\" content=\"1920\" \/>\n\t<meta property=\"og:image:height\" content=\"1080\" \/>\n\t<meta property=\"og:image:type\" content=\"image\/jpeg\" \/>\n<meta name=\"author\" content=\"tsukianimes.com.br\" \/>\n<meta name=\"twitter:card\" content=\"summary_large_image\" \/>\n<meta name=\"twitter:label1\" content=\"Escrito por\" \/>\n\t<meta name=\"twitter:data1\" content=\"tsukianimes.com.br\" \/>\n\t<meta name=\"twitter:label2\" content=\"Est. tempo de leitura\" \/>\n\t<meta name=\"twitter:data2\" content=\"1 minuto\" \/>\n<script type=\"application\/ld+json\" class=\"yoast-schema-graph\">{\"@context\":\"https:\\\/\\\/schema.org\",\"@graph\":[{\"@type\":\"Article\",\"@id\":\"https:\\\/\\\/tsukianimes.com.br\\\/index.php\\\/2023\\\/07\\\/02\\\/episodios-extras-de-naruto-estreiam-em-setembro-no-japao\\\/#article\",\"isPartOf\":{\"@id\":\"https:\\\/\\\/tsukianimes.com.br\\\/index.php\\\/2023\\\/07\\\/02\\\/episodios-extras-de-naruto-estreiam-em-setembro-no-japao\\\/\"},\"author\":{\"name\":\"tsukianimes.com.br\",\"@id\":\"https:\\\/\\\/tsukianimes.com.br\\\/#\\\/schema\\\/person\\\/9e17947002e7239c44dbc8cf7674f0b1\"},\"headline\":\"Epis\u00f3dios extras de Naruto estreiam em setembro no Jap\u00e3o\",\"datePublished\":\"2023-07-03T00:22:02+00:00\",\"mainEntityOfPage\":{\"@id\":\"https:\\\/\\\/tsukianimes.com.br\\\/index.php\\\/2023\\\/07\\\/02\\\/episodios-extras-de-naruto-estreiam-em-setembro-no-japao\\\/\"},\"wordCount\":113,\"commentCount\":1,\"publisher\":{\"@id\":\"https:\\\/\\\/tsukianimes.com.br\\\/#organization\"},\"image\":{\"@id\":\"https:\\\/\\\/tsukianimes.com.br\\\/index.php\\\/2023\\\/07\\\/02\\\/episodios-extras-de-naruto-estreiam-em-setembro-no-japao\\\/#primaryimage\"},\"thumbnailUrl\":\"https:\\\/\\\/tsukianimes.com.br\\\/wp-content\\\/uploads\\\/2023\\\/07\\\/FelS0Q_akAAR-TH.jpeg\",\"keywords\":[\"animes\",\"naruto\"],\"articleSection\":[\"Animes\"],\"inLanguage\":\"pt-BR\",\"potentialAction\":[{\"@type\":\"CommentAction\",\"name\":\"Comment\",\"target\":[\"https:\\\/\\\/tsukianimes.com.br\\\/index.php\\\/2023\\\/07\\\/02\\\/episodios-extras-de-naruto-estreiam-em-setembro-no-japao\\\/#respond\"]}]},{\"@type\":\"WebPage\",\"@id\":\"https:\\\/\\\/tsukianimes.com.br\\\/index.php\\\/2023\\\/07\\\/02\\\/episodios-extras-de-naruto-estreiam-em-setembro-no-japao\\\/\",\"url\":\"https:\\\/\\\/tsukianimes.com.br\\\/index.php\\\/2023\\\/07\\\/02\\\/episodios-extras-de-naruto-estreiam-em-setembro-no-japao\\\/\",\"name\":\"Epis\u00f3dios extras de Naruto estreiam em setembro no Jap\u00e3o - Tsuki Animes\",\"isPartOf\":{\"@id\":\"https:\\\/\\\/tsukianimes.com.br\\\/#website\"},\"primaryImageOfPage\":{\"@id\":\"https:\\\/\\\/tsukianimes.com.br\\\/index.php\\\/2023\\\/07\\\/02\\\/episodios-extras-de-naruto-estreiam-em-setembro-no-japao\\\/#primaryimage\"},\"image\":{\"@id\":\"https:\\\/\\\/tsukianimes.com.br\\\/index.php\\\/2023\\\/07\\\/02\\\/episodios-extras-de-naruto-estreiam-em-setembro-no-japao\\\/#primaryimage\"},\"thumbnailUrl\":\"https:\\\/\\\/tsukianimes.com.br\\\/wp-content\\\/uploads\\\/2023\\\/07\\\/FelS0Q_akAAR-TH.jpeg\",\"datePublished\":\"2023-07-03T00:22:02+00:00\",\"description\":\"Os epis\u00f3dios extras de\u00a0Naruto v\u00e3o estrear no dia 3 de setembro no Jap\u00e3o. A informa\u00e7\u00e3o foi revelada pela produ\u00e7\u00e3o do anime no Twitter.\",\"breadcrumb\":{\"@id\":\"https:\\\/\\\/tsukianimes.com.br\\\/index.php\\\/2023\\\/07\\\/02\\\/episodios-extras-de-naruto-estreiam-em-setembro-no-japao\\\/#breadcrumb\"},\"inLanguage\":\"pt-BR\",\"potentialAction\":[{\"@type\":\"ReadAction\",\"target\":[\"https:\\\/\\\/tsukianimes.com.br\\\/index.php\\\/2023\\\/07\\\/02\\\/episodios-extras-de-naruto-estreiam-em-setembro-no-japao\\\/\"]}]},{\"@type\":\"ImageObject\",\"inLanguage\":\"pt-BR\",\"@id\":\"https:\\\/\\\/tsukianimes.com.br\\\/index.php\\\/2023\\\/07\\\/02\\\/episodios-extras-de-naruto-estreiam-em-setembro-no-japao\\\/#primaryimage\",\"url\":\"https:\\\/\\\/tsukianimes.com.br\\\/wp-content\\\/uploads\\\/2023\\\/07\\\/FelS0Q_akAAR-TH.jpeg\",\"contentUrl\":\"https:\\\/\\\/tsukianimes.com.br\\\/wp-content\\\/uploads\\\/2023\\\/07\\\/FelS0Q_akAAR-TH.jpeg\",\"width\":1920,\"height\":1080,\"caption\":\"Naruto\"},{\"@type\":\"BreadcrumbList\",\"@id\":\"https:\\\/\\\/tsukianimes.com.br\\\/index.php\\\/2023\\\/07\\\/02\\\/episodios-extras-de-naruto-estreiam-em-setembro-no-japao\\\/#breadcrumb\",\"itemListElement\":[{\"@type\":\"ListItem\",\"position\":1,\"name\":\"In\u00edcio\",\"item\":\"https:\\\/\\\/tsukianimes.com.br\\\/\"},{\"@type\":\"ListItem\",\"position\":2,\"name\":\"Epis\u00f3dios extras de Naruto estreiam em setembro no Jap\u00e3o\"}]},{\"@type\":\"WebSite\",\"@id\":\"https:\\\/\\\/tsukianimes.com.br\\\/#website\",\"url\":\"https:\\\/\\\/tsukianimes.com.br\\\/\",\"name\":\"Tsuki Animes\",\"description\":\"\",\"publisher\":{\"@id\":\"https:\\\/\\\/tsukianimes.com.br\\\/#organization\"},\"potentialAction\":[{\"@type\":\"SearchAction\",\"target\":{\"@type\":\"EntryPoint\",\"urlTemplate\":\"https:\\\/\\\/tsukianimes.com.br\\\/?s={search_term_string}\"},\"query-input\":{\"@type\":\"PropertyValueSpecification\",\"valueRequired\":true,\"valueName\":\"search_term_string\"}}],\"inLanguage\":\"pt-BR\"},{\"@type\":\"Organization\",\"@id\":\"https:\\\/\\\/tsukianimes.com.br\\\/#organization\",\"name\":\"Tsuki Animes\",\"url\":\"https:\\\/\\\/tsukianimes.com.br\\\/\",\"logo\":{\"@type\":\"ImageObject\",\"inLanguage\":\"pt-BR\",\"@id\":\"https:\\\/\\\/tsukianimes.com.br\\\/#\\\/schema\\\/logo\\\/image\\\/\",\"url\":\"https:\\\/\\\/tsukianimes.com.br\\\/wp-content\\\/uploads\\\/2023\\\/06\\\/cropped-Ativo-4-1.png\",\"contentUrl\":\"https:\\\/\\\/tsukianimes.com.br\\\/wp-content\\\/uploads\\\/2023\\\/06\\\/cropped-Ativo-4-1.png\",\"width\":1314,\"height\":246,\"caption\":\"Tsuki Animes\"},\"image\":{\"@id\":\"https:\\\/\\\/tsukianimes.com.br\\\/#\\\/schema\\\/logo\\\/image\\\/\"}},{\"@type\":\"Person\",\"@id\":\"https:\\\/\\\/tsukianimes.com.br\\\/#\\\/schema\\\/person\\\/9e17947002e7239c44dbc8cf7674f0b1\",\"name\":\"tsukianimes.com.br\",\"image\":{\"@type\":\"ImageObject\",\"inLanguage\":\"pt-BR\",\"@id\":\"https:\\\/\\\/secure.gravatar.com\\\/avatar\\\/591a507b759fa000b57ae174373cfe3340385427fe67262e8cdd8072bc573b93?s=96&d=mm&r=g\",\"url\":\"https:\\\/\\\/secure.gravatar.com\\\/avatar\\\/591a507b759fa000b57ae174373cfe3340385427fe67262e8cdd8072bc573b93?s=96&d=mm&r=g\",\"contentUrl\":\"https:\\\/\\\/secure.gravatar.com\\\/avatar\\\/591a507b759fa000b57ae174373cfe3340385427fe67262e8cdd8072bc573b93?s=96&d=mm&r=g\",\"caption\":\"tsukianimes.com.br\"},\"sameAs\":[\"http:\\\/\\\/tsukianimes.com.br\"],\"url\":\"https:\\\/\\\/tsukianimes.com.br\\\/index.php\\\/author\\\/tsukianimes-com-br\\\/\"}]}<\/script>\n<!-- \/ Yoast SEO plugin. -->","yoast_head_json":{"title":"Epis\u00f3dios extras de Naruto estreiam em setembro no Jap\u00e3o - Tsuki Animes","description":"Os epis\u00f3dios extras de\u00a0Naruto v\u00e3o estrear no dia 3 de setembro no Jap\u00e3o. A informa\u00e7\u00e3o foi revelada pela produ\u00e7\u00e3o do anime no Twitter.","robots":{"index":"index","follow":"follow","max-snippet":"max-snippet:-1","max-image-preview":"max-image-preview:large","max-video-preview":"max-video-preview:-1"},"canonical":"https:\/\/tsukianimes.com.br\/index.php\/2023\/07\/02\/episodios-extras-de-naruto-estreiam-em-setembro-no-japao\/","og_locale":"pt_BR","og_type":"article","og_title":"Epis\u00f3dios extras de Naruto estreiam em setembro no Jap\u00e3o","og_description":"Leia mais...","og_url":"https:\/\/tsukianimes.com.br\/index.php\/2023\/07\/02\/episodios-extras-de-naruto-estreiam-em-setembro-no-japao\/","og_site_name":"Tsuki Animes","article_published_time":"2023-07-03T00:22:02+00:00","og_image":[{"width":1920,"height":1080,"url":"https:\/\/tsukianimes.com.br\/wp-content\/uploads\/2023\/07\/FelS0Q_akAAR-TH.jpeg","type":"image\/jpeg"}],"author":"tsukianimes.com.br","twitter_card":"summary_large_image","twitter_misc":{"Escrito por":"tsukianimes.com.br","Est. tempo de leitura":"1 minuto"},"schema":{"@context":"https:\/\/schema.org","@graph":[{"@type":"Article","@id":"https:\/\/tsukianimes.com.br\/index.php\/2023\/07\/02\/episodios-extras-de-naruto-estreiam-em-setembro-no-japao\/#article","isPartOf":{"@id":"https:\/\/tsukianimes.com.br\/index.php\/2023\/07\/02\/episodios-extras-de-naruto-estreiam-em-setembro-no-japao\/"},"author":{"name":"tsukianimes.com.br","@id":"https:\/\/tsukianimes.com.br\/#\/schema\/person\/9e17947002e7239c44dbc8cf7674f0b1"},"headline":"Epis\u00f3dios extras de Naruto estreiam em setembro no Jap\u00e3o","datePublished":"2023-07-03T00:22:02+00:00","mainEntityOfPage":{"@id":"https:\/\/tsukianimes.com.br\/index.php\/2023\/07\/02\/episodios-extras-de-naruto-estreiam-em-setembro-no-japao\/"},"wordCount":113,"commentCount":1,"publisher":{"@id":"https:\/\/tsukianimes.com.br\/#organization"},"image":{"@id":"https:\/\/tsukianimes.com.br\/index.php\/2023\/07\/02\/episodios-extras-de-naruto-estreiam-em-setembro-no-japao\/#primaryimage"},"thumbnailUrl":"https:\/\/tsukianimes.com.br\/wp-content\/uploads\/2023\/07\/FelS0Q_akAAR-TH.jpeg","keywords":["animes","naruto"],"articleSection":["Animes"],"inLanguage":"pt-BR","potentialAction":[{"@type":"CommentAction","name":"Comment","target":["https:\/\/tsukianimes.com.br\/index.php\/2023\/07\/02\/episodios-extras-de-naruto-estreiam-em-setembro-no-japao\/#respond"]}]},{"@type":"WebPage","@id":"https:\/\/tsukianimes.com.br\/index.php\/2023\/07\/02\/episodios-extras-de-naruto-estreiam-em-setembro-no-japao\/","url":"https:\/\/tsukianimes.com.br\/index.php\/2023\/07\/02\/episodios-extras-de-naruto-estreiam-em-setembro-no-japao\/","name":"Epis\u00f3dios extras de Naruto estreiam em setembro no Jap\u00e3o - Tsuki Animes","isPartOf":{"@id":"https:\/\/tsukianimes.com.br\/#website"},"primaryImageOfPage":{"@id":"https:\/\/tsukianimes.com.br\/index.php\/2023\/07\/02\/episodios-extras-de-naruto-estreiam-em-setembro-no-japao\/#primaryimage"},"image":{"@id":"https:\/\/tsukianimes.com.br\/index.php\/2023\/07\/02\/episodios-extras-de-naruto-estreiam-em-setembro-no-japao\/#primaryimage"},"thumbnailUrl":"https:\/\/tsukianimes.com.br\/wp-content\/uploads\/2023\/07\/FelS0Q_akAAR-TH.jpeg","datePublished":"2023-07-03T00:22:02+00:00","description":"Os epis\u00f3dios extras de\u00a0Naruto v\u00e3o estrear no dia 3 de setembro no Jap\u00e3o. A informa\u00e7\u00e3o foi revelada pela produ\u00e7\u00e3o do anime no Twitter.","breadcrumb":{"@id":"https:\/\/tsukianimes.com.br\/index.php\/2023\/07\/02\/episodios-extras-de-naruto-estreiam-em-setembro-no-japao\/#breadcrumb"},"inLanguage":"pt-BR","potentialAction":[{"@type":"ReadAction","target":["https:\/\/tsukianimes.com.br\/index.php\/2023\/07\/02\/episodios-extras-de-naruto-estreiam-em-setembro-no-japao\/"]}]},{"@type":"ImageObject","inLanguage":"pt-BR","@id":"https:\/\/tsukianimes.com.br\/index.php\/2023\/07\/02\/episodios-extras-de-naruto-estreiam-em-setembro-no-japao\/#primaryimage","url":"https:\/\/tsukianimes.com.br\/wp-content\/uploads\/2023\/07\/FelS0Q_akAAR-TH.jpeg","contentUrl":"https:\/\/tsukianimes.com.br\/wp-content\/uploads\/2023\/07\/FelS0Q_akAAR-TH.jpeg","width":1920,"height":1080,"caption":"Naruto"},{"@type":"BreadcrumbList","@id":"https:\/\/tsukianimes.com.br\/index.php\/2023\/07\/02\/episodios-extras-de-naruto-estreiam-em-setembro-no-japao\/#breadcrumb","itemListElement":[{"@type":"ListItem","position":1,"name":"In\u00edcio","item":"https:\/\/tsukianimes.com.br\/"},{"@type":"ListItem","position":2,"name":"Epis\u00f3dios extras de Naruto estreiam em setembro no Jap\u00e3o"}]},{"@type":"WebSite","@id":"https:\/\/tsukianimes.com.br\/#website","url":"https:\/\/tsukianimes.com.br\/","name":"Tsuki Animes","description":"","publisher":{"@id":"https:\/\/tsukianimes.com.br\/#organization"},"potentialAction":[{"@type":"SearchAction","target":{"@type":"EntryPoint","urlTemplate":"https:\/\/tsukianimes.com.br\/?s={search_term_string}"},"query-input":{"@type":"PropertyValueSpecification","valueRequired":true,"valueName":"search_term_string"}}],"inLanguage":"pt-BR"},{"@type":"Organization","@id":"https:\/\/tsukianimes.com.br\/#organization","name":"Tsuki Animes","url":"https:\/\/tsukianimes.com.br\/","logo":{"@type":"ImageObject","inLanguage":"pt-BR","@id":"https:\/\/tsukianimes.com.br\/#\/schema\/logo\/image\/","url":"https:\/\/tsukianimes.com.br\/wp-content\/uploads\/2023\/06\/cropped-Ativo-4-1.png","contentUrl":"https:\/\/tsukianimes.com.br\/wp-content\/uploads\/2023\/06\/cropped-Ativo-4-1.png","width":1314,"height":246,"caption":"Tsuki Animes"},"image":{"@id":"https:\/\/tsukianimes.com.br\/#\/schema\/logo\/image\/"}},{"@type":"Person","@id":"https:\/\/tsukianimes.com.br\/#\/schema\/person\/9e17947002e7239c44dbc8cf7674f0b1","name":"tsukianimes.com.br","image":{"@type":"ImageObject","inLanguage":"pt-BR","@id":"https:\/\/secure.gravatar.com\/avatar\/591a507b759fa000b57ae174373cfe3340385427fe67262e8cdd8072bc573b93?s=96&d=mm&r=g","url":"https:\/\/secure.gravatar.com\/avatar\/591a507b759fa000b57ae174373cfe3340385427fe67262e8cdd8072bc573b93?s=96&d=mm&r=g","contentUrl":"https:\/\/secure.gravatar.com\/avatar\/591a507b759fa000b57ae174373cfe3340385427fe67262e8cdd8072bc573b93?s=96&d=mm&r=g","caption":"tsukianimes.com.br"},"sameAs":["http:\/\/tsukianimes.com.br"],"url":"https:\/\/tsukianimes.com.br\/index.php\/author\/tsukianimes-com-br\/"}]}},"amp_enabled":true,"_links":{"self":[{"href":"https:\/\/tsukianimes.com.br\/index.php\/wp-json\/wp\/v2\/posts\/283","targetHints":{"allow":["GET"]}}],"collection":[{"href":"https:\/\/tsukianimes.com.br\/index.php\/wp-json\/wp\/v2\/posts"}],"about":[{"href":"https:\/\/tsukianimes.com.br\/index.php\/wp-json\/wp\/v2\/types\/post"}],"author":[{"embeddable":true,"href":"https:\/\/tsukianimes.com.br\/index.php\/wp-json\/wp\/v2\/users\/1"}],"replies":[{"embeddable":true,"href":"https:\/\/tsukianimes.com.br\/index.php\/wp-json\/wp\/v2\/comments?post=283"}],"version-history":[{"count":1,"href":"https:\/\/tsukianimes.com.br\/index.php\/wp-json\/wp\/v2\/posts\/283\/revisions"}],"predecessor-version":[{"id":285,"href":"https:\/\/tsukianimes.com.br\/index.php\/wp-json\/wp\/v2\/posts\/283\/revisions\/285"}],"wp:featuredmedia":[{"embeddable":true,"href":"https:\/\/tsukianimes.com.br\/index.php\/wp-json\/wp\/v2\/media\/284"}],"wp:attachment":[{"href":"https:\/\/tsukianimes.com.br\/index.php\/wp-json\/wp\/v2\/media?parent=283"}],"wp:term":[{"taxonomy":"category","embeddable":true,"href":"https:\/\/tsukianimes.com.br\/index.php\/wp-json\/wp\/v2\/categories?post=283"},{"taxonomy":"post_tag","embeddable":true,"href":"https:\/\/tsukianimes.com.br\/index.php\/wp-json\/wp\/v2\/tags?post=283"}],"curies":[{"name":"wp","href":"https:\/\/api.w.org\/{rel}","templated":true}]}}