{"id":274,"date":"2023-06-30T17:00:57","date_gmt":"2023-06-30T20:00:57","guid":{"rendered":"https:\/\/tsukianimes.com.br\/?p=274"},"modified":"2023-06-30T17:00:57","modified_gmt":"2023-06-30T20:00:57","slug":"mashle-tem-segunda-temporada-confirmada-para-2024","status":"publish","type":"post","link":"https:\/\/tsukianimes.com.br\/index.php\/2023\/06\/30\/mashle-tem-segunda-temporada-confirmada-para-2024\/","title":{"rendered":"Mashle tem segunda temporada confirmada para 2024"},"content":{"rendered":"<p>O anime\u00a0<em>MASHLE: Magia e M\u00fasculos<\/em> teve sua segunda temporada confirmada para 2024. O an\u00fancio foi feito nas redes sociais da s\u00e9rie. Foi divulgado tamb\u00e9m um trailer promocional desta segunda temporada. A produ\u00e7\u00e3o foi um dos <a href=\"https:\/\/tsukianimes.com.br\/index.php\/2023\/06\/24\/mashle-a-formula-do-besteirol-ainda-funciona\/\" target=\"_blank\" rel=\"noopener\">destaques da temporada de Primavera da Crunchyroll<\/a> em 2023.<\/p>\n<p><em>MASHLE: Magia e<\/em> M\u00fasculos acompanha as aventuras de Mashle, um rapaz sem magia que vive em um mundo dominado por bruxos. O seu diferencial? Seus m\u00fasculos conseguem derrubar qualquer obst\u00e1culo no caminho. Literalmente.<\/p>\n<p><em>Foto: Reprodu\u00e7\u00e3o\/ Twitter oficial Mashle.<\/em><\/p>\n<blockquote class=\"twitter-tweet\" data-width=\"550\" data-dnt=\"true\">\n<p lang=\"ja\" dir=\"ltr\">|\u25e4\u2501\u2501\u2501\u2501\u2501\u2501\u2501\u2501\u2501\u2501<br \/>   \u3000\u3000\u3000TV\u30a2\u30cb\u30e1<br \/>\u300c\u30de\u30c3\u30b7\u30e5\u30eb-MASHLE-\u300d<br \/>         \u7b2c2\u671f\u5236\u4f5c\u6c7a\u5b9a<br \/>\u2501\u2501\u2501\u2501\u2501\u2501\u2501\u2501\u2501\u2501\u25e2|<\/p>\n<p>\u795e\u899a\u8005\u5019\u88dc\u9078\u629c\u8a66\u9a13\u7de8<br \/>2024\u5e741\u6708\u3088\u308a\u653e\u9001\ud83d\udc4a<\/p>\n<p>\u25bc\u7279\u5831\u6620\u50cf\u516c\u958b<a href=\"https:\/\/t.co\/8b19vgVu2V\">https:\/\/t.co\/8b19vgVu2V<\/a><a href=\"https:\/\/twitter.com\/hashtag\/%E3%83%9E%E3%83%83%E3%82%B7%E3%83%A5%E3%83%AB?src=hash&amp;ref_src=twsrc%5Etfw\">#\u30de\u30c3\u30b7\u30e5\u30eb<\/a> <a href=\"https:\/\/t.co\/7wPORihHuz\">pic.twitter.com\/7wPORihHuz<\/a><\/p>\n<p>&mdash; \u30de\u30c3\u30b7\u30e5\u30eb-MASHLE-\u516c\u5f0f (@mashle_official) <a href=\"https:\/\/twitter.com\/mashle_official\/status\/1674801716808802305?ref_src=twsrc%5Etfw\">June 30, 2023<\/a><\/p><\/blockquote>\n<p><script async src=\"https:\/\/platform.twitter.com\/widgets.js\" charset=\"utf-8\"><\/script><\/p>\n","protected":false},"excerpt":{"rendered":"<p>O anime\u00a0MASHLE: Magia e M\u00fasculos teve sua segunda temporada confirmada para 2024. O an\u00fancio foi feito nas redes sociais da s\u00e9rie. Foi divulgado tamb\u00e9m um trailer promocional desta segunda temporada. A produ\u00e7\u00e3o foi um dos destaques da temporada de Primavera da Crunchyroll em 2023. MASHLE: Magia e M\u00fasculos acompanha as aventuras de Mashle, um rapaz &hellip; <\/p>\n","protected":false},"author":1,"featured_media":213,"comment_status":"open","ping_status":"open","sticky":false,"template":"","format":"standard","meta":{"om_disable_all_campaigns":false,"_monsterinsights_skip_tracking":false,"_monsterinsights_sitenote_active":false,"_monsterinsights_sitenote_note":"","_monsterinsights_sitenote_category":0,"_uf_show_specific_survey":0,"_uf_disable_surveys":false,"footnotes":""},"categories":[2],"tags":[3,44],"class_list":["post-274","post","type-post","status-publish","format-standard","has-post-thumbnail","hentry","category-animes","tag-animes","tag-mashle","latest_post"],"yoast_head":"<!-- This site is optimized with the Yoast SEO plugin v27.4 - https:\/\/yoast.com\/product\/yoast-seo-wordpress\/ -->\n<title>Mashle tem segunda temporada confirmada para 2024 - Tsuki Animes<\/title>\n<meta name=\"description\" content=\"O anime\u00a0MASHLE: Magia e M\u00fasculos teve sua segunda temporada confirmada para 2024. O an\u00fancio foi feito nas redes sociais da s\u00e9rie.\" \/>\n<meta name=\"robots\" content=\"index, follow, max-snippet:-1, max-image-preview:large, max-video-preview:-1\" \/>\n<link rel=\"canonical\" href=\"https:\/\/tsukianimes.com.br\/index.php\/2023\/06\/30\/mashle-tem-segunda-temporada-confirmada-para-2024\/\" \/>\n<meta property=\"og:locale\" content=\"pt_BR\" \/>\n<meta property=\"og:type\" content=\"article\" \/>\n<meta property=\"og:title\" content=\"Mashle tem segunda temporada confirmada para 2024\" \/>\n<meta property=\"og:description\" content=\"Leia mais...\" \/>\n<meta property=\"og:url\" content=\"https:\/\/tsukianimes.com.br\/index.php\/2023\/06\/30\/mashle-tem-segunda-temporada-confirmada-para-2024\/\" \/>\n<meta property=\"og:site_name\" content=\"Tsuki Animes\" \/>\n<meta property=\"article:published_time\" content=\"2023-06-30T20:00:57+00:00\" \/>\n<meta property=\"og:image\" content=\"https:\/\/tsukianimes.com.br\/wp-content\/uploads\/2023\/06\/FzUioRvXsAMVUgt.jpeg\" \/>\n\t<meta property=\"og:image:width\" content=\"1920\" \/>\n\t<meta property=\"og:image:height\" content=\"1080\" \/>\n\t<meta property=\"og:image:type\" content=\"image\/jpeg\" \/>\n<meta name=\"author\" content=\"tsukianimes.com.br\" \/>\n<meta name=\"twitter:card\" content=\"summary_large_image\" \/>\n<meta name=\"twitter:label1\" content=\"Escrito por\" \/>\n\t<meta name=\"twitter:data1\" content=\"tsukianimes.com.br\" \/>\n\t<meta name=\"twitter:label2\" content=\"Est. tempo de leitura\" \/>\n\t<meta name=\"twitter:data2\" content=\"1 minuto\" \/>\n<script type=\"application\/ld+json\" class=\"yoast-schema-graph\">{\"@context\":\"https:\\\/\\\/schema.org\",\"@graph\":[{\"@type\":\"Article\",\"@id\":\"https:\\\/\\\/tsukianimes.com.br\\\/index.php\\\/2023\\\/06\\\/30\\\/mashle-tem-segunda-temporada-confirmada-para-2024\\\/#article\",\"isPartOf\":{\"@id\":\"https:\\\/\\\/tsukianimes.com.br\\\/index.php\\\/2023\\\/06\\\/30\\\/mashle-tem-segunda-temporada-confirmada-para-2024\\\/\"},\"author\":{\"name\":\"tsukianimes.com.br\",\"@id\":\"https:\\\/\\\/tsukianimes.com.br\\\/#\\\/schema\\\/person\\\/9e17947002e7239c44dbc8cf7674f0b1\"},\"headline\":\"Mashle tem segunda temporada confirmada para 2024\",\"datePublished\":\"2023-06-30T20:00:57+00:00\",\"mainEntityOfPage\":{\"@id\":\"https:\\\/\\\/tsukianimes.com.br\\\/index.php\\\/2023\\\/06\\\/30\\\/mashle-tem-segunda-temporada-confirmada-para-2024\\\/\"},\"wordCount\":102,\"commentCount\":0,\"publisher\":{\"@id\":\"https:\\\/\\\/tsukianimes.com.br\\\/#organization\"},\"image\":{\"@id\":\"https:\\\/\\\/tsukianimes.com.br\\\/index.php\\\/2023\\\/06\\\/30\\\/mashle-tem-segunda-temporada-confirmada-para-2024\\\/#primaryimage\"},\"thumbnailUrl\":\"https:\\\/\\\/tsukianimes.com.br\\\/wp-content\\\/uploads\\\/2023\\\/06\\\/FzUioRvXsAMVUgt.jpeg\",\"keywords\":[\"animes\",\"mashle\"],\"articleSection\":[\"Animes\"],\"inLanguage\":\"pt-BR\",\"potentialAction\":[{\"@type\":\"CommentAction\",\"name\":\"Comment\",\"target\":[\"https:\\\/\\\/tsukianimes.com.br\\\/index.php\\\/2023\\\/06\\\/30\\\/mashle-tem-segunda-temporada-confirmada-para-2024\\\/#respond\"]}]},{\"@type\":\"WebPage\",\"@id\":\"https:\\\/\\\/tsukianimes.com.br\\\/index.php\\\/2023\\\/06\\\/30\\\/mashle-tem-segunda-temporada-confirmada-para-2024\\\/\",\"url\":\"https:\\\/\\\/tsukianimes.com.br\\\/index.php\\\/2023\\\/06\\\/30\\\/mashle-tem-segunda-temporada-confirmada-para-2024\\\/\",\"name\":\"Mashle tem segunda temporada confirmada para 2024 - Tsuki Animes\",\"isPartOf\":{\"@id\":\"https:\\\/\\\/tsukianimes.com.br\\\/#website\"},\"primaryImageOfPage\":{\"@id\":\"https:\\\/\\\/tsukianimes.com.br\\\/index.php\\\/2023\\\/06\\\/30\\\/mashle-tem-segunda-temporada-confirmada-para-2024\\\/#primaryimage\"},\"image\":{\"@id\":\"https:\\\/\\\/tsukianimes.com.br\\\/index.php\\\/2023\\\/06\\\/30\\\/mashle-tem-segunda-temporada-confirmada-para-2024\\\/#primaryimage\"},\"thumbnailUrl\":\"https:\\\/\\\/tsukianimes.com.br\\\/wp-content\\\/uploads\\\/2023\\\/06\\\/FzUioRvXsAMVUgt.jpeg\",\"datePublished\":\"2023-06-30T20:00:57+00:00\",\"description\":\"O anime\u00a0MASHLE: Magia e M\u00fasculos teve sua segunda temporada confirmada para 2024. O an\u00fancio foi feito nas redes sociais da s\u00e9rie.\",\"breadcrumb\":{\"@id\":\"https:\\\/\\\/tsukianimes.com.br\\\/index.php\\\/2023\\\/06\\\/30\\\/mashle-tem-segunda-temporada-confirmada-para-2024\\\/#breadcrumb\"},\"inLanguage\":\"pt-BR\",\"potentialAction\":[{\"@type\":\"ReadAction\",\"target\":[\"https:\\\/\\\/tsukianimes.com.br\\\/index.php\\\/2023\\\/06\\\/30\\\/mashle-tem-segunda-temporada-confirmada-para-2024\\\/\"]}]},{\"@type\":\"ImageObject\",\"inLanguage\":\"pt-BR\",\"@id\":\"https:\\\/\\\/tsukianimes.com.br\\\/index.php\\\/2023\\\/06\\\/30\\\/mashle-tem-segunda-temporada-confirmada-para-2024\\\/#primaryimage\",\"url\":\"https:\\\/\\\/tsukianimes.com.br\\\/wp-content\\\/uploads\\\/2023\\\/06\\\/FzUioRvXsAMVUgt.jpeg\",\"contentUrl\":\"https:\\\/\\\/tsukianimes.com.br\\\/wp-content\\\/uploads\\\/2023\\\/06\\\/FzUioRvXsAMVUgt.jpeg\",\"width\":1920,\"height\":1080,\"caption\":\"Mashle\"},{\"@type\":\"BreadcrumbList\",\"@id\":\"https:\\\/\\\/tsukianimes.com.br\\\/index.php\\\/2023\\\/06\\\/30\\\/mashle-tem-segunda-temporada-confirmada-para-2024\\\/#breadcrumb\",\"itemListElement\":[{\"@type\":\"ListItem\",\"position\":1,\"name\":\"In\u00edcio\",\"item\":\"https:\\\/\\\/tsukianimes.com.br\\\/\"},{\"@type\":\"ListItem\",\"position\":2,\"name\":\"Mashle tem segunda temporada confirmada para 2024\"}]},{\"@type\":\"WebSite\",\"@id\":\"https:\\\/\\\/tsukianimes.com.br\\\/#website\",\"url\":\"https:\\\/\\\/tsukianimes.com.br\\\/\",\"name\":\"Tsuki Animes\",\"description\":\"\",\"publisher\":{\"@id\":\"https:\\\/\\\/tsukianimes.com.br\\\/#organization\"},\"potentialAction\":[{\"@type\":\"SearchAction\",\"target\":{\"@type\":\"EntryPoint\",\"urlTemplate\":\"https:\\\/\\\/tsukianimes.com.br\\\/?s={search_term_string}\"},\"query-input\":{\"@type\":\"PropertyValueSpecification\",\"valueRequired\":true,\"valueName\":\"search_term_string\"}}],\"inLanguage\":\"pt-BR\"},{\"@type\":\"Organization\",\"@id\":\"https:\\\/\\\/tsukianimes.com.br\\\/#organization\",\"name\":\"Tsuki Animes\",\"url\":\"https:\\\/\\\/tsukianimes.com.br\\\/\",\"logo\":{\"@type\":\"ImageObject\",\"inLanguage\":\"pt-BR\",\"@id\":\"https:\\\/\\\/tsukianimes.com.br\\\/#\\\/schema\\\/logo\\\/image\\\/\",\"url\":\"https:\\\/\\\/tsukianimes.com.br\\\/wp-content\\\/uploads\\\/2023\\\/06\\\/cropped-Ativo-4-1.png\",\"contentUrl\":\"https:\\\/\\\/tsukianimes.com.br\\\/wp-content\\\/uploads\\\/2023\\\/06\\\/cropped-Ativo-4-1.png\",\"width\":1314,\"height\":246,\"caption\":\"Tsuki Animes\"},\"image\":{\"@id\":\"https:\\\/\\\/tsukianimes.com.br\\\/#\\\/schema\\\/logo\\\/image\\\/\"}},{\"@type\":\"Person\",\"@id\":\"https:\\\/\\\/tsukianimes.com.br\\\/#\\\/schema\\\/person\\\/9e17947002e7239c44dbc8cf7674f0b1\",\"name\":\"tsukianimes.com.br\",\"image\":{\"@type\":\"ImageObject\",\"inLanguage\":\"pt-BR\",\"@id\":\"https:\\\/\\\/secure.gravatar.com\\\/avatar\\\/591a507b759fa000b57ae174373cfe3340385427fe67262e8cdd8072bc573b93?s=96&d=mm&r=g\",\"url\":\"https:\\\/\\\/secure.gravatar.com\\\/avatar\\\/591a507b759fa000b57ae174373cfe3340385427fe67262e8cdd8072bc573b93?s=96&d=mm&r=g\",\"contentUrl\":\"https:\\\/\\\/secure.gravatar.com\\\/avatar\\\/591a507b759fa000b57ae174373cfe3340385427fe67262e8cdd8072bc573b93?s=96&d=mm&r=g\",\"caption\":\"tsukianimes.com.br\"},\"sameAs\":[\"http:\\\/\\\/tsukianimes.com.br\"],\"url\":\"https:\\\/\\\/tsukianimes.com.br\\\/index.php\\\/author\\\/tsukianimes-com-br\\\/\"}]}<\/script>\n<!-- \/ Yoast SEO plugin. -->","yoast_head_json":{"title":"Mashle tem segunda temporada confirmada para 2024 - Tsuki Animes","description":"O anime\u00a0MASHLE: Magia e M\u00fasculos teve sua segunda temporada confirmada para 2024. O an\u00fancio foi feito nas redes sociais da s\u00e9rie.","robots":{"index":"index","follow":"follow","max-snippet":"max-snippet:-1","max-image-preview":"max-image-preview:large","max-video-preview":"max-video-preview:-1"},"canonical":"https:\/\/tsukianimes.com.br\/index.php\/2023\/06\/30\/mashle-tem-segunda-temporada-confirmada-para-2024\/","og_locale":"pt_BR","og_type":"article","og_title":"Mashle tem segunda temporada confirmada para 2024","og_description":"Leia mais...","og_url":"https:\/\/tsukianimes.com.br\/index.php\/2023\/06\/30\/mashle-tem-segunda-temporada-confirmada-para-2024\/","og_site_name":"Tsuki Animes","article_published_time":"2023-06-30T20:00:57+00:00","og_image":[{"width":1920,"height":1080,"url":"https:\/\/tsukianimes.com.br\/wp-content\/uploads\/2023\/06\/FzUioRvXsAMVUgt.jpeg","type":"image\/jpeg"}],"author":"tsukianimes.com.br","twitter_card":"summary_large_image","twitter_misc":{"Escrito por":"tsukianimes.com.br","Est. tempo de leitura":"1 minuto"},"schema":{"@context":"https:\/\/schema.org","@graph":[{"@type":"Article","@id":"https:\/\/tsukianimes.com.br\/index.php\/2023\/06\/30\/mashle-tem-segunda-temporada-confirmada-para-2024\/#article","isPartOf":{"@id":"https:\/\/tsukianimes.com.br\/index.php\/2023\/06\/30\/mashle-tem-segunda-temporada-confirmada-para-2024\/"},"author":{"name":"tsukianimes.com.br","@id":"https:\/\/tsukianimes.com.br\/#\/schema\/person\/9e17947002e7239c44dbc8cf7674f0b1"},"headline":"Mashle tem segunda temporada confirmada para 2024","datePublished":"2023-06-30T20:00:57+00:00","mainEntityOfPage":{"@id":"https:\/\/tsukianimes.com.br\/index.php\/2023\/06\/30\/mashle-tem-segunda-temporada-confirmada-para-2024\/"},"wordCount":102,"commentCount":0,"publisher":{"@id":"https:\/\/tsukianimes.com.br\/#organization"},"image":{"@id":"https:\/\/tsukianimes.com.br\/index.php\/2023\/06\/30\/mashle-tem-segunda-temporada-confirmada-para-2024\/#primaryimage"},"thumbnailUrl":"https:\/\/tsukianimes.com.br\/wp-content\/uploads\/2023\/06\/FzUioRvXsAMVUgt.jpeg","keywords":["animes","mashle"],"articleSection":["Animes"],"inLanguage":"pt-BR","potentialAction":[{"@type":"CommentAction","name":"Comment","target":["https:\/\/tsukianimes.com.br\/index.php\/2023\/06\/30\/mashle-tem-segunda-temporada-confirmada-para-2024\/#respond"]}]},{"@type":"WebPage","@id":"https:\/\/tsukianimes.com.br\/index.php\/2023\/06\/30\/mashle-tem-segunda-temporada-confirmada-para-2024\/","url":"https:\/\/tsukianimes.com.br\/index.php\/2023\/06\/30\/mashle-tem-segunda-temporada-confirmada-para-2024\/","name":"Mashle tem segunda temporada confirmada para 2024 - Tsuki Animes","isPartOf":{"@id":"https:\/\/tsukianimes.com.br\/#website"},"primaryImageOfPage":{"@id":"https:\/\/tsukianimes.com.br\/index.php\/2023\/06\/30\/mashle-tem-segunda-temporada-confirmada-para-2024\/#primaryimage"},"image":{"@id":"https:\/\/tsukianimes.com.br\/index.php\/2023\/06\/30\/mashle-tem-segunda-temporada-confirmada-para-2024\/#primaryimage"},"thumbnailUrl":"https:\/\/tsukianimes.com.br\/wp-content\/uploads\/2023\/06\/FzUioRvXsAMVUgt.jpeg","datePublished":"2023-06-30T20:00:57+00:00","description":"O anime\u00a0MASHLE: Magia e M\u00fasculos teve sua segunda temporada confirmada para 2024. O an\u00fancio foi feito nas redes sociais da s\u00e9rie.","breadcrumb":{"@id":"https:\/\/tsukianimes.com.br\/index.php\/2023\/06\/30\/mashle-tem-segunda-temporada-confirmada-para-2024\/#breadcrumb"},"inLanguage":"pt-BR","potentialAction":[{"@type":"ReadAction","target":["https:\/\/tsukianimes.com.br\/index.php\/2023\/06\/30\/mashle-tem-segunda-temporada-confirmada-para-2024\/"]}]},{"@type":"ImageObject","inLanguage":"pt-BR","@id":"https:\/\/tsukianimes.com.br\/index.php\/2023\/06\/30\/mashle-tem-segunda-temporada-confirmada-para-2024\/#primaryimage","url":"https:\/\/tsukianimes.com.br\/wp-content\/uploads\/2023\/06\/FzUioRvXsAMVUgt.jpeg","contentUrl":"https:\/\/tsukianimes.com.br\/wp-content\/uploads\/2023\/06\/FzUioRvXsAMVUgt.jpeg","width":1920,"height":1080,"caption":"Mashle"},{"@type":"BreadcrumbList","@id":"https:\/\/tsukianimes.com.br\/index.php\/2023\/06\/30\/mashle-tem-segunda-temporada-confirmada-para-2024\/#breadcrumb","itemListElement":[{"@type":"ListItem","position":1,"name":"In\u00edcio","item":"https:\/\/tsukianimes.com.br\/"},{"@type":"ListItem","position":2,"name":"Mashle tem segunda temporada confirmada para 2024"}]},{"@type":"WebSite","@id":"https:\/\/tsukianimes.com.br\/#website","url":"https:\/\/tsukianimes.com.br\/","name":"Tsuki Animes","description":"","publisher":{"@id":"https:\/\/tsukianimes.com.br\/#organization"},"potentialAction":[{"@type":"SearchAction","target":{"@type":"EntryPoint","urlTemplate":"https:\/\/tsukianimes.com.br\/?s={search_term_string}"},"query-input":{"@type":"PropertyValueSpecification","valueRequired":true,"valueName":"search_term_string"}}],"inLanguage":"pt-BR"},{"@type":"Organization","@id":"https:\/\/tsukianimes.com.br\/#organization","name":"Tsuki Animes","url":"https:\/\/tsukianimes.com.br\/","logo":{"@type":"ImageObject","inLanguage":"pt-BR","@id":"https:\/\/tsukianimes.com.br\/#\/schema\/logo\/image\/","url":"https:\/\/tsukianimes.com.br\/wp-content\/uploads\/2023\/06\/cropped-Ativo-4-1.png","contentUrl":"https:\/\/tsukianimes.com.br\/wp-content\/uploads\/2023\/06\/cropped-Ativo-4-1.png","width":1314,"height":246,"caption":"Tsuki Animes"},"image":{"@id":"https:\/\/tsukianimes.com.br\/#\/schema\/logo\/image\/"}},{"@type":"Person","@id":"https:\/\/tsukianimes.com.br\/#\/schema\/person\/9e17947002e7239c44dbc8cf7674f0b1","name":"tsukianimes.com.br","image":{"@type":"ImageObject","inLanguage":"pt-BR","@id":"https:\/\/secure.gravatar.com\/avatar\/591a507b759fa000b57ae174373cfe3340385427fe67262e8cdd8072bc573b93?s=96&d=mm&r=g","url":"https:\/\/secure.gravatar.com\/avatar\/591a507b759fa000b57ae174373cfe3340385427fe67262e8cdd8072bc573b93?s=96&d=mm&r=g","contentUrl":"https:\/\/secure.gravatar.com\/avatar\/591a507b759fa000b57ae174373cfe3340385427fe67262e8cdd8072bc573b93?s=96&d=mm&r=g","caption":"tsukianimes.com.br"},"sameAs":["http:\/\/tsukianimes.com.br"],"url":"https:\/\/tsukianimes.com.br\/index.php\/author\/tsukianimes-com-br\/"}]}},"amp_enabled":true,"_links":{"self":[{"href":"https:\/\/tsukianimes.com.br\/index.php\/wp-json\/wp\/v2\/posts\/274","targetHints":{"allow":["GET"]}}],"collection":[{"href":"https:\/\/tsukianimes.com.br\/index.php\/wp-json\/wp\/v2\/posts"}],"about":[{"href":"https:\/\/tsukianimes.com.br\/index.php\/wp-json\/wp\/v2\/types\/post"}],"author":[{"embeddable":true,"href":"https:\/\/tsukianimes.com.br\/index.php\/wp-json\/wp\/v2\/users\/1"}],"replies":[{"embeddable":true,"href":"https:\/\/tsukianimes.com.br\/index.php\/wp-json\/wp\/v2\/comments?post=274"}],"version-history":[{"count":1,"href":"https:\/\/tsukianimes.com.br\/index.php\/wp-json\/wp\/v2\/posts\/274\/revisions"}],"predecessor-version":[{"id":275,"href":"https:\/\/tsukianimes.com.br\/index.php\/wp-json\/wp\/v2\/posts\/274\/revisions\/275"}],"wp:featuredmedia":[{"embeddable":true,"href":"https:\/\/tsukianimes.com.br\/index.php\/wp-json\/wp\/v2\/media\/213"}],"wp:attachment":[{"href":"https:\/\/tsukianimes.com.br\/index.php\/wp-json\/wp\/v2\/media?parent=274"}],"wp:term":[{"taxonomy":"category","embeddable":true,"href":"https:\/\/tsukianimes.com.br\/index.php\/wp-json\/wp\/v2\/categories?post=274"},{"taxonomy":"post_tag","embeddable":true,"href":"https:\/\/tsukianimes.com.br\/index.php\/wp-json\/wp\/v2\/tags?post=274"}],"curies":[{"name":"wp","href":"https:\/\/api.w.org\/{rel}","templated":true}]}}