{"id":19,"date":"2023-06-12T22:23:03","date_gmt":"2023-06-13T01:23:03","guid":{"rendered":"https:\/\/tsukianimes.com.br\/?p=19"},"modified":"2025-06-08T12:07:54","modified_gmt":"2025-06-08T15:07:54","slug":"episodio-final-desta-temporada-de-demon-slayer-tera-70-minutos","status":"publish","type":"post","link":"https:\/\/tsukianimes.com.br\/index.php\/2023\/06\/12\/episodio-final-desta-temporada-de-demon-slayer-tera-70-minutos\/","title":{"rendered":"Epis\u00f3dio final desta temporada de Demon Slayer ter\u00e1 70 minutos"},"content":{"rendered":"\r\n<p>O epis\u00f3dio final do arco <em>Swordsmith Village<\/em> de Demon Slayer ter\u00e1 70 minutos. A informa\u00e7\u00e3o foi confirmada hoje nas <a href=\"https:\/\/twitter.com\/kimetsu_off\/status\/1667905777598644224\" target=\"_blank\" rel=\"noopener\">redes sociais<\/a> do anime. O cap\u00edtulo, nomeado <em>&#8220;La\u00e7os Conectados: Amanhecer e a Primeira Luz&#8221;<\/em>, ser\u00e1 transmitido no Jap\u00e3o no dia 18 de junho.<\/p>\r\n\r\n\r\n\r\n<p>Os epis\u00f3dios de Demon Slayer est\u00e3o dispon\u00edveis na Crunchyroll, com atualiza\u00e7\u00f5es todo domingo nesta temporada de Primavera 2023.<\/p>\r\n\r\n\r\n\r\n<h2><strong>Sobre Demon Slayer<\/strong><\/h2>\r\n<p><span style=\"font-weight: 400;\">Demon Slayer \u00e9 um mang\u00e1 de aventura e artes marciais escrito por Koyoharu Gotouge entre 2016 e 2020. A obra foi publicada pela Weekly Sh\u014dnen Jump no Jap\u00e3o e teve seus cap\u00edtulos compilados em 23 volumes tankohon. O mang\u00e1 j\u00e1 vendeu mais de 150 milh\u00f5es de exemplares em todo o mundo. No Brasil, a Panini \u00e9 respons\u00e1vel pela publica\u00e7\u00e3o da obra.<\/span><\/p>\r\n<p><span style=\"font-weight: 400;\">A franquia ganhou uma adapta\u00e7\u00e3o em anime pelo est\u00fadio Ufotable entre 2019 e 2024 produzida pelo est\u00fadio Ufotable, com dire\u00e7\u00e3o de <\/span> <span style=\"font-weight: 400;\">Haruo Sotozaki. A s\u00e9rie teve 63 epis\u00f3dios organizados em quatro temporadas e tr\u00eas filmes condensados. No Brasil, o anime est\u00e1 dispon\u00edvel na Crunchyroll e na Amazon Prime.<\/span><\/p>\r\n<p><span style=\"font-weight: 400;\">O \u00faltimo arco do mang\u00e1, \u201cCastelo Infinito\u201d ser\u00e1 adaptado em uma <\/span><a href=\"https:\/\/tsukianimes.com.br\/index.php\/2024\/04\/08\/quarta-temporada-de-demon-slayer-estreia-em-maio-no-brasil\/\"><span style=\"font-weight: 400;\">trilogia de filmes<\/span><\/a><span style=\"font-weight: 400;\">.<\/span><\/p>\r\n\r\n\r\n\r\n<figure class=\"wp-block-embed is-type-rich is-provider-twitter wp-block-embed-twitter\">\r\n<div class=\"wp-block-embed__wrapper\">\u00a0<\/div>\r\n<\/figure>\r\n","protected":false},"excerpt":{"rendered":"<p>O epis\u00f3dio final do arco Swordsmith Village de Demon Slayer ter\u00e1 70 minutos. A informa\u00e7\u00e3o foi confirmada hoje nas redes sociais do anime. O cap\u00edtulo, nomeado &#8220;La\u00e7os Conectados: Amanhecer e a Primeira Luz&#8221;, ser\u00e1 transmitido no Jap\u00e3o no dia 18 de junho. Os epis\u00f3dios de Demon Slayer est\u00e3o dispon\u00edveis na Crunchyroll, com atualiza\u00e7\u00f5es todo domingo &hellip; <\/p>\n","protected":false},"author":1,"featured_media":21,"comment_status":"closed","ping_status":"open","sticky":false,"template":"","format":"standard","meta":{"om_disable_all_campaigns":false,"_monsterinsights_skip_tracking":false,"_monsterinsights_sitenote_active":false,"_monsterinsights_sitenote_note":"","_monsterinsights_sitenote_category":0,"_uf_show_specific_survey":0,"_uf_disable_surveys":false,"footnotes":""},"categories":[2],"tags":[3,4],"class_list":["post-19","post","type-post","status-publish","format-standard","has-post-thumbnail","hentry","category-animes","tag-animes","tag-demon-slayer","latest_post"],"yoast_head":"<!-- This site is optimized with the Yoast SEO plugin v27.4 - https:\/\/yoast.com\/product\/yoast-seo-wordpress\/ -->\n<title>Epis\u00f3dio final desta temporada de Demon Slayer ter\u00e1 70 minutos - Tsuki Animes<\/title>\n<meta name=\"description\" content=\"O epis\u00f3dio final do arco Swordsmith Village de Demon Slayer ter\u00e1 70 minutos. A informa\u00e7\u00e3o foi confirmada hoje nas redes sociais.\" \/>\n<meta name=\"robots\" content=\"index, follow, max-snippet:-1, max-image-preview:large, max-video-preview:-1\" \/>\n<link rel=\"canonical\" href=\"https:\/\/tsukianimes.com.br\/index.php\/2023\/06\/12\/episodio-final-desta-temporada-de-demon-slayer-tera-70-minutos\/\" \/>\n<meta property=\"og:locale\" content=\"pt_BR\" \/>\n<meta property=\"og:type\" content=\"article\" \/>\n<meta property=\"og:title\" content=\"Epis\u00f3dio final desta temporada de Demon Slayer ter\u00e1 70 minutos - Tsuki Animes\" \/>\n<meta property=\"og:description\" content=\"O epis\u00f3dio final do arco Swordsmith Village de Demon Slayer ter\u00e1 70 minutos. A informa\u00e7\u00e3o foi confirmada hoje nas redes sociais.\" \/>\n<meta property=\"og:url\" content=\"https:\/\/tsukianimes.com.br\/index.php\/2023\/06\/12\/episodio-final-desta-temporada-de-demon-slayer-tera-70-minutos\/\" \/>\n<meta property=\"og:site_name\" content=\"Tsuki Animes\" \/>\n<meta property=\"article:published_time\" content=\"2023-06-13T01:23:03+00:00\" \/>\n<meta property=\"article:modified_time\" content=\"2025-06-08T15:07:54+00:00\" \/>\n<meta property=\"og:image\" content=\"https:\/\/tsukianimes.com.br\/wp-content\/uploads\/2023\/06\/FyWOFY6aIAEs3me.jpeg\" \/>\n\t<meta property=\"og:image:width\" content=\"680\" \/>\n\t<meta property=\"og:image:height\" content=\"383\" \/>\n\t<meta property=\"og:image:type\" content=\"image\/jpeg\" \/>\n<meta name=\"author\" content=\"tsukianimes.com.br\" \/>\n<meta name=\"twitter:card\" content=\"summary_large_image\" \/>\n<meta name=\"twitter:label1\" content=\"Escrito por\" \/>\n\t<meta name=\"twitter:data1\" content=\"tsukianimes.com.br\" \/>\n\t<meta name=\"twitter:label2\" content=\"Est. tempo de leitura\" \/>\n\t<meta name=\"twitter:data2\" content=\"2 minutos\" \/>\n<script type=\"application\/ld+json\" class=\"yoast-schema-graph\">{\"@context\":\"https:\\\/\\\/schema.org\",\"@graph\":[{\"@type\":\"Article\",\"@id\":\"https:\\\/\\\/tsukianimes.com.br\\\/index.php\\\/2023\\\/06\\\/12\\\/episodio-final-desta-temporada-de-demon-slayer-tera-70-minutos\\\/#article\",\"isPartOf\":{\"@id\":\"https:\\\/\\\/tsukianimes.com.br\\\/index.php\\\/2023\\\/06\\\/12\\\/episodio-final-desta-temporada-de-demon-slayer-tera-70-minutos\\\/\"},\"author\":{\"name\":\"tsukianimes.com.br\",\"@id\":\"https:\\\/\\\/tsukianimes.com.br\\\/#\\\/schema\\\/person\\\/9e17947002e7239c44dbc8cf7674f0b1\"},\"headline\":\"Epis\u00f3dio final desta temporada de Demon Slayer ter\u00e1 70 minutos\",\"datePublished\":\"2023-06-13T01:23:03+00:00\",\"dateModified\":\"2025-06-08T15:07:54+00:00\",\"mainEntityOfPage\":{\"@id\":\"https:\\\/\\\/tsukianimes.com.br\\\/index.php\\\/2023\\\/06\\\/12\\\/episodio-final-desta-temporada-de-demon-slayer-tera-70-minutos\\\/\"},\"wordCount\":207,\"publisher\":{\"@id\":\"https:\\\/\\\/tsukianimes.com.br\\\/#organization\"},\"image\":{\"@id\":\"https:\\\/\\\/tsukianimes.com.br\\\/index.php\\\/2023\\\/06\\\/12\\\/episodio-final-desta-temporada-de-demon-slayer-tera-70-minutos\\\/#primaryimage\"},\"thumbnailUrl\":\"https:\\\/\\\/tsukianimes.com.br\\\/wp-content\\\/uploads\\\/2023\\\/06\\\/FyWOFY6aIAEs3me.jpeg\",\"keywords\":[\"animes\",\"demon slayer\"],\"articleSection\":[\"Animes\"],\"inLanguage\":\"pt-BR\"},{\"@type\":\"WebPage\",\"@id\":\"https:\\\/\\\/tsukianimes.com.br\\\/index.php\\\/2023\\\/06\\\/12\\\/episodio-final-desta-temporada-de-demon-slayer-tera-70-minutos\\\/\",\"url\":\"https:\\\/\\\/tsukianimes.com.br\\\/index.php\\\/2023\\\/06\\\/12\\\/episodio-final-desta-temporada-de-demon-slayer-tera-70-minutos\\\/\",\"name\":\"Epis\u00f3dio final desta temporada de Demon Slayer ter\u00e1 70 minutos - Tsuki Animes\",\"isPartOf\":{\"@id\":\"https:\\\/\\\/tsukianimes.com.br\\\/#website\"},\"primaryImageOfPage\":{\"@id\":\"https:\\\/\\\/tsukianimes.com.br\\\/index.php\\\/2023\\\/06\\\/12\\\/episodio-final-desta-temporada-de-demon-slayer-tera-70-minutos\\\/#primaryimage\"},\"image\":{\"@id\":\"https:\\\/\\\/tsukianimes.com.br\\\/index.php\\\/2023\\\/06\\\/12\\\/episodio-final-desta-temporada-de-demon-slayer-tera-70-minutos\\\/#primaryimage\"},\"thumbnailUrl\":\"https:\\\/\\\/tsukianimes.com.br\\\/wp-content\\\/uploads\\\/2023\\\/06\\\/FyWOFY6aIAEs3me.jpeg\",\"datePublished\":\"2023-06-13T01:23:03+00:00\",\"dateModified\":\"2025-06-08T15:07:54+00:00\",\"description\":\"O epis\u00f3dio final do arco Swordsmith Village de Demon Slayer ter\u00e1 70 minutos. A informa\u00e7\u00e3o foi confirmada hoje nas redes sociais.\",\"breadcrumb\":{\"@id\":\"https:\\\/\\\/tsukianimes.com.br\\\/index.php\\\/2023\\\/06\\\/12\\\/episodio-final-desta-temporada-de-demon-slayer-tera-70-minutos\\\/#breadcrumb\"},\"inLanguage\":\"pt-BR\",\"potentialAction\":[{\"@type\":\"ReadAction\",\"target\":[\"https:\\\/\\\/tsukianimes.com.br\\\/index.php\\\/2023\\\/06\\\/12\\\/episodio-final-desta-temporada-de-demon-slayer-tera-70-minutos\\\/\"]}]},{\"@type\":\"ImageObject\",\"inLanguage\":\"pt-BR\",\"@id\":\"https:\\\/\\\/tsukianimes.com.br\\\/index.php\\\/2023\\\/06\\\/12\\\/episodio-final-desta-temporada-de-demon-slayer-tera-70-minutos\\\/#primaryimage\",\"url\":\"https:\\\/\\\/tsukianimes.com.br\\\/wp-content\\\/uploads\\\/2023\\\/06\\\/FyWOFY6aIAEs3me.jpeg\",\"contentUrl\":\"https:\\\/\\\/tsukianimes.com.br\\\/wp-content\\\/uploads\\\/2023\\\/06\\\/FyWOFY6aIAEs3me.jpeg\",\"width\":680,\"height\":383,\"caption\":\"Demon Slayer\"},{\"@type\":\"BreadcrumbList\",\"@id\":\"https:\\\/\\\/tsukianimes.com.br\\\/index.php\\\/2023\\\/06\\\/12\\\/episodio-final-desta-temporada-de-demon-slayer-tera-70-minutos\\\/#breadcrumb\",\"itemListElement\":[{\"@type\":\"ListItem\",\"position\":1,\"name\":\"In\u00edcio\",\"item\":\"https:\\\/\\\/tsukianimes.com.br\\\/\"},{\"@type\":\"ListItem\",\"position\":2,\"name\":\"Epis\u00f3dio final desta temporada de Demon Slayer ter\u00e1 70 minutos\"}]},{\"@type\":\"WebSite\",\"@id\":\"https:\\\/\\\/tsukianimes.com.br\\\/#website\",\"url\":\"https:\\\/\\\/tsukianimes.com.br\\\/\",\"name\":\"Tsuki Animes\",\"description\":\"\",\"publisher\":{\"@id\":\"https:\\\/\\\/tsukianimes.com.br\\\/#organization\"},\"potentialAction\":[{\"@type\":\"SearchAction\",\"target\":{\"@type\":\"EntryPoint\",\"urlTemplate\":\"https:\\\/\\\/tsukianimes.com.br\\\/?s={search_term_string}\"},\"query-input\":{\"@type\":\"PropertyValueSpecification\",\"valueRequired\":true,\"valueName\":\"search_term_string\"}}],\"inLanguage\":\"pt-BR\"},{\"@type\":\"Organization\",\"@id\":\"https:\\\/\\\/tsukianimes.com.br\\\/#organization\",\"name\":\"Tsuki Animes\",\"url\":\"https:\\\/\\\/tsukianimes.com.br\\\/\",\"logo\":{\"@type\":\"ImageObject\",\"inLanguage\":\"pt-BR\",\"@id\":\"https:\\\/\\\/tsukianimes.com.br\\\/#\\\/schema\\\/logo\\\/image\\\/\",\"url\":\"https:\\\/\\\/tsukianimes.com.br\\\/wp-content\\\/uploads\\\/2023\\\/06\\\/cropped-Ativo-4-1.png\",\"contentUrl\":\"https:\\\/\\\/tsukianimes.com.br\\\/wp-content\\\/uploads\\\/2023\\\/06\\\/cropped-Ativo-4-1.png\",\"width\":1314,\"height\":246,\"caption\":\"Tsuki Animes\"},\"image\":{\"@id\":\"https:\\\/\\\/tsukianimes.com.br\\\/#\\\/schema\\\/logo\\\/image\\\/\"}},{\"@type\":\"Person\",\"@id\":\"https:\\\/\\\/tsukianimes.com.br\\\/#\\\/schema\\\/person\\\/9e17947002e7239c44dbc8cf7674f0b1\",\"name\":\"tsukianimes.com.br\",\"image\":{\"@type\":\"ImageObject\",\"inLanguage\":\"pt-BR\",\"@id\":\"https:\\\/\\\/secure.gravatar.com\\\/avatar\\\/591a507b759fa000b57ae174373cfe3340385427fe67262e8cdd8072bc573b93?s=96&d=mm&r=g\",\"url\":\"https:\\\/\\\/secure.gravatar.com\\\/avatar\\\/591a507b759fa000b57ae174373cfe3340385427fe67262e8cdd8072bc573b93?s=96&d=mm&r=g\",\"contentUrl\":\"https:\\\/\\\/secure.gravatar.com\\\/avatar\\\/591a507b759fa000b57ae174373cfe3340385427fe67262e8cdd8072bc573b93?s=96&d=mm&r=g\",\"caption\":\"tsukianimes.com.br\"},\"sameAs\":[\"http:\\\/\\\/tsukianimes.com.br\"],\"url\":\"https:\\\/\\\/tsukianimes.com.br\\\/index.php\\\/author\\\/tsukianimes-com-br\\\/\"}]}<\/script>\n<!-- \/ Yoast SEO plugin. -->","yoast_head_json":{"title":"Epis\u00f3dio final desta temporada de Demon Slayer ter\u00e1 70 minutos - Tsuki Animes","description":"O epis\u00f3dio final do arco Swordsmith Village de Demon Slayer ter\u00e1 70 minutos. A informa\u00e7\u00e3o foi confirmada hoje nas redes sociais.","robots":{"index":"index","follow":"follow","max-snippet":"max-snippet:-1","max-image-preview":"max-image-preview:large","max-video-preview":"max-video-preview:-1"},"canonical":"https:\/\/tsukianimes.com.br\/index.php\/2023\/06\/12\/episodio-final-desta-temporada-de-demon-slayer-tera-70-minutos\/","og_locale":"pt_BR","og_type":"article","og_title":"Epis\u00f3dio final desta temporada de Demon Slayer ter\u00e1 70 minutos - Tsuki Animes","og_description":"O epis\u00f3dio final do arco Swordsmith Village de Demon Slayer ter\u00e1 70 minutos. A informa\u00e7\u00e3o foi confirmada hoje nas redes sociais.","og_url":"https:\/\/tsukianimes.com.br\/index.php\/2023\/06\/12\/episodio-final-desta-temporada-de-demon-slayer-tera-70-minutos\/","og_site_name":"Tsuki Animes","article_published_time":"2023-06-13T01:23:03+00:00","article_modified_time":"2025-06-08T15:07:54+00:00","og_image":[{"width":680,"height":383,"url":"https:\/\/tsukianimes.com.br\/wp-content\/uploads\/2023\/06\/FyWOFY6aIAEs3me.jpeg","type":"image\/jpeg"}],"author":"tsukianimes.com.br","twitter_card":"summary_large_image","twitter_misc":{"Escrito por":"tsukianimes.com.br","Est. tempo de leitura":"2 minutos"},"schema":{"@context":"https:\/\/schema.org","@graph":[{"@type":"Article","@id":"https:\/\/tsukianimes.com.br\/index.php\/2023\/06\/12\/episodio-final-desta-temporada-de-demon-slayer-tera-70-minutos\/#article","isPartOf":{"@id":"https:\/\/tsukianimes.com.br\/index.php\/2023\/06\/12\/episodio-final-desta-temporada-de-demon-slayer-tera-70-minutos\/"},"author":{"name":"tsukianimes.com.br","@id":"https:\/\/tsukianimes.com.br\/#\/schema\/person\/9e17947002e7239c44dbc8cf7674f0b1"},"headline":"Epis\u00f3dio final desta temporada de Demon Slayer ter\u00e1 70 minutos","datePublished":"2023-06-13T01:23:03+00:00","dateModified":"2025-06-08T15:07:54+00:00","mainEntityOfPage":{"@id":"https:\/\/tsukianimes.com.br\/index.php\/2023\/06\/12\/episodio-final-desta-temporada-de-demon-slayer-tera-70-minutos\/"},"wordCount":207,"publisher":{"@id":"https:\/\/tsukianimes.com.br\/#organization"},"image":{"@id":"https:\/\/tsukianimes.com.br\/index.php\/2023\/06\/12\/episodio-final-desta-temporada-de-demon-slayer-tera-70-minutos\/#primaryimage"},"thumbnailUrl":"https:\/\/tsukianimes.com.br\/wp-content\/uploads\/2023\/06\/FyWOFY6aIAEs3me.jpeg","keywords":["animes","demon slayer"],"articleSection":["Animes"],"inLanguage":"pt-BR"},{"@type":"WebPage","@id":"https:\/\/tsukianimes.com.br\/index.php\/2023\/06\/12\/episodio-final-desta-temporada-de-demon-slayer-tera-70-minutos\/","url":"https:\/\/tsukianimes.com.br\/index.php\/2023\/06\/12\/episodio-final-desta-temporada-de-demon-slayer-tera-70-minutos\/","name":"Epis\u00f3dio final desta temporada de Demon Slayer ter\u00e1 70 minutos - Tsuki Animes","isPartOf":{"@id":"https:\/\/tsukianimes.com.br\/#website"},"primaryImageOfPage":{"@id":"https:\/\/tsukianimes.com.br\/index.php\/2023\/06\/12\/episodio-final-desta-temporada-de-demon-slayer-tera-70-minutos\/#primaryimage"},"image":{"@id":"https:\/\/tsukianimes.com.br\/index.php\/2023\/06\/12\/episodio-final-desta-temporada-de-demon-slayer-tera-70-minutos\/#primaryimage"},"thumbnailUrl":"https:\/\/tsukianimes.com.br\/wp-content\/uploads\/2023\/06\/FyWOFY6aIAEs3me.jpeg","datePublished":"2023-06-13T01:23:03+00:00","dateModified":"2025-06-08T15:07:54+00:00","description":"O epis\u00f3dio final do arco Swordsmith Village de Demon Slayer ter\u00e1 70 minutos. A informa\u00e7\u00e3o foi confirmada hoje nas redes sociais.","breadcrumb":{"@id":"https:\/\/tsukianimes.com.br\/index.php\/2023\/06\/12\/episodio-final-desta-temporada-de-demon-slayer-tera-70-minutos\/#breadcrumb"},"inLanguage":"pt-BR","potentialAction":[{"@type":"ReadAction","target":["https:\/\/tsukianimes.com.br\/index.php\/2023\/06\/12\/episodio-final-desta-temporada-de-demon-slayer-tera-70-minutos\/"]}]},{"@type":"ImageObject","inLanguage":"pt-BR","@id":"https:\/\/tsukianimes.com.br\/index.php\/2023\/06\/12\/episodio-final-desta-temporada-de-demon-slayer-tera-70-minutos\/#primaryimage","url":"https:\/\/tsukianimes.com.br\/wp-content\/uploads\/2023\/06\/FyWOFY6aIAEs3me.jpeg","contentUrl":"https:\/\/tsukianimes.com.br\/wp-content\/uploads\/2023\/06\/FyWOFY6aIAEs3me.jpeg","width":680,"height":383,"caption":"Demon Slayer"},{"@type":"BreadcrumbList","@id":"https:\/\/tsukianimes.com.br\/index.php\/2023\/06\/12\/episodio-final-desta-temporada-de-demon-slayer-tera-70-minutos\/#breadcrumb","itemListElement":[{"@type":"ListItem","position":1,"name":"In\u00edcio","item":"https:\/\/tsukianimes.com.br\/"},{"@type":"ListItem","position":2,"name":"Epis\u00f3dio final desta temporada de Demon Slayer ter\u00e1 70 minutos"}]},{"@type":"WebSite","@id":"https:\/\/tsukianimes.com.br\/#website","url":"https:\/\/tsukianimes.com.br\/","name":"Tsuki Animes","description":"","publisher":{"@id":"https:\/\/tsukianimes.com.br\/#organization"},"potentialAction":[{"@type":"SearchAction","target":{"@type":"EntryPoint","urlTemplate":"https:\/\/tsukianimes.com.br\/?s={search_term_string}"},"query-input":{"@type":"PropertyValueSpecification","valueRequired":true,"valueName":"search_term_string"}}],"inLanguage":"pt-BR"},{"@type":"Organization","@id":"https:\/\/tsukianimes.com.br\/#organization","name":"Tsuki Animes","url":"https:\/\/tsukianimes.com.br\/","logo":{"@type":"ImageObject","inLanguage":"pt-BR","@id":"https:\/\/tsukianimes.com.br\/#\/schema\/logo\/image\/","url":"https:\/\/tsukianimes.com.br\/wp-content\/uploads\/2023\/06\/cropped-Ativo-4-1.png","contentUrl":"https:\/\/tsukianimes.com.br\/wp-content\/uploads\/2023\/06\/cropped-Ativo-4-1.png","width":1314,"height":246,"caption":"Tsuki Animes"},"image":{"@id":"https:\/\/tsukianimes.com.br\/#\/schema\/logo\/image\/"}},{"@type":"Person","@id":"https:\/\/tsukianimes.com.br\/#\/schema\/person\/9e17947002e7239c44dbc8cf7674f0b1","name":"tsukianimes.com.br","image":{"@type":"ImageObject","inLanguage":"pt-BR","@id":"https:\/\/secure.gravatar.com\/avatar\/591a507b759fa000b57ae174373cfe3340385427fe67262e8cdd8072bc573b93?s=96&d=mm&r=g","url":"https:\/\/secure.gravatar.com\/avatar\/591a507b759fa000b57ae174373cfe3340385427fe67262e8cdd8072bc573b93?s=96&d=mm&r=g","contentUrl":"https:\/\/secure.gravatar.com\/avatar\/591a507b759fa000b57ae174373cfe3340385427fe67262e8cdd8072bc573b93?s=96&d=mm&r=g","caption":"tsukianimes.com.br"},"sameAs":["http:\/\/tsukianimes.com.br"],"url":"https:\/\/tsukianimes.com.br\/index.php\/author\/tsukianimes-com-br\/"}]}},"amp_enabled":true,"_links":{"self":[{"href":"https:\/\/tsukianimes.com.br\/index.php\/wp-json\/wp\/v2\/posts\/19","targetHints":{"allow":["GET"]}}],"collection":[{"href":"https:\/\/tsukianimes.com.br\/index.php\/wp-json\/wp\/v2\/posts"}],"about":[{"href":"https:\/\/tsukianimes.com.br\/index.php\/wp-json\/wp\/v2\/types\/post"}],"author":[{"embeddable":true,"href":"https:\/\/tsukianimes.com.br\/index.php\/wp-json\/wp\/v2\/users\/1"}],"replies":[{"embeddable":true,"href":"https:\/\/tsukianimes.com.br\/index.php\/wp-json\/wp\/v2\/comments?post=19"}],"version-history":[{"count":5,"href":"https:\/\/tsukianimes.com.br\/index.php\/wp-json\/wp\/v2\/posts\/19\/revisions"}],"predecessor-version":[{"id":1530,"href":"https:\/\/tsukianimes.com.br\/index.php\/wp-json\/wp\/v2\/posts\/19\/revisions\/1530"}],"wp:featuredmedia":[{"embeddable":true,"href":"https:\/\/tsukianimes.com.br\/index.php\/wp-json\/wp\/v2\/media\/21"}],"wp:attachment":[{"href":"https:\/\/tsukianimes.com.br\/index.php\/wp-json\/wp\/v2\/media?parent=19"}],"wp:term":[{"taxonomy":"category","embeddable":true,"href":"https:\/\/tsukianimes.com.br\/index.php\/wp-json\/wp\/v2\/categories?post=19"},{"taxonomy":"post_tag","embeddable":true,"href":"https:\/\/tsukianimes.com.br\/index.php\/wp-json\/wp\/v2\/tags?post=19"}],"curies":[{"name":"wp","href":"https:\/\/api.w.org\/{rel}","templated":true}]}}