{"id":1548,"date":"2025-07-04T22:53:22","date_gmt":"2025-07-05T01:53:22","guid":{"rendered":"https:\/\/tsukianimes.com.br\/?p=1548"},"modified":"2025-07-04T22:53:22","modified_gmt":"2025-07-05T01:53:22","slug":"tanabata-matsuri-celebra-46a-edicao-nos-dias-5-e-6-de-julho","status":"publish","type":"post","link":"https:\/\/tsukianimes.com.br\/index.php\/2025\/07\/04\/tanabata-matsuri-celebra-46a-edicao-nos-dias-5-e-6-de-julho\/","title":{"rendered":"Tanabata Matsuri celebra 46\u00aa edi\u00e7\u00e3o nos dias 5 e 6 de julho"},"content":{"rendered":"<p>Nos dias 5 e 6 de julho, o bairro da Liberdade, em S\u00e3o Paulo, ser\u00e1 palco da 46\u00aa edi\u00e7\u00e3o do <strong>Tanabata Matsuri \u2013 Festival das Estrelas<\/strong>, um dos maiores eventos de cultura japonesa de rua do mundo. Com entrada gratuita, o festival ter\u00e1 uma programa\u00e7\u00e3o cultural rica e envolvente, que inclui dan\u00e7as folcl\u00f3ricas, apresenta\u00e7\u00f5es de tambores japoneses (<em>taik\u00f4<\/em>), oficinas culturais, shows musicais e gastronomia t\u00edpica.<\/p>\n<p>Neste ano, o Tanabata Matsuri ganha um significado especial: \u00e9 o primeiro grande evento organizado pela nova gest\u00e3o da\u00a0<a href=\"https:\/\/www.instagram.com\/acal_liberdade_oficial\/\" target=\"_blank\" rel=\"noopener\"><strong>ACAL (Associa\u00e7\u00e3o Cultural e Assistencial da Liberdade)<\/strong><\/a>, agora presidida pelo jovem<strong>\u00a0Danilo Fujita<\/strong>, e tamb\u00e9m o primeiro festival realizado na Pra\u00e7a da Liberdade \u00c1frica-Jap\u00e3o, ap\u00f3s a\u00a0<strong>conclus\u00e3o da primeira etapa de sua requalifica\u00e7\u00e3o<\/strong>, entregue na semana passada.<\/p>\n<h2><strong>A lenda do Tanabata Matsuri<\/strong><\/h2>\n<p>Tradicionalmente realizado no Brasil desde 1979, o Tanabata Matsuri celebra uma antiga lenda japonesa, que narra o amor entre Orihime (estrela Vega) e Hikoboshi (estrela Altair). Separados pela Via L\u00e1ctea, os amantes celestiais podem se reencontrar apenas uma vez por ano, no s\u00e9timo dia do s\u00e9timo m\u00eas \u2014 uma hist\u00f3ria que inspira o festival e o transforma em um momento de conex\u00e3o entre passado, tradi\u00e7\u00e3o e esperan\u00e7a.<\/p>\n<p>Durante o evento, o p\u00fablico \u00e9 convidado a escrever seus desejos em\u00a0<strong><em>tanzakus\u00a0<\/em><\/strong>\u2014 tiras coloridas de papel que simbolizam diferentes inten\u00e7\u00f5es, como paz, sa\u00fade, amor e prosperidade. Os\u00a0<em>tanzakus\u00a0<\/em>s\u00e3o pendurados nos\u00a0<strong><em>sasadakes<\/em><\/strong>, os bambus decorativos distribu\u00eddos pela pra\u00e7a e pelas ruas do entorno. Ao final do festival, os pap\u00e9is s\u00e3o recolhidos e levados a uma cerim\u00f4nia xinto\u00edsta, na qual s\u00e3o queimados, para que os desejos cheguem aos c\u00e9us e possam ser atendidos.<\/p>\n<p>A decora\u00e7\u00e3o especial destaca os bambus gigantes ornamentados com os <strong><em>tanabatas<\/em><\/strong>, enfeites enormes que simbolizam as estrelas e transformam o bairro em um cen\u00e1rio \u00fanico de celebra\u00e7\u00e3o, esperan\u00e7a e renova\u00e7\u00e3o. Destaque tamb\u00e9m para os shows e as apresenta\u00e7\u00f5es de dan\u00e7as, m\u00fasicas, <em>taiko<\/em> e artes marciais, com os principais grupos art\u00edsticos da comunidade nipo-brasileira, al\u00e9m das barracas da feira de artesanato e as del\u00edcias da culin\u00e1ria japonesa.<\/p>\n<p>SERVI\u00c7O<\/p>\n<p><strong>46\u00aa Tanabata Matsuri\u00a0<\/strong><\/p>\n<p><strong>05 e 06 de julho de 2025<\/strong>\u00a0(s\u00e1bado e domingo)<\/p>\n<p>Das 10h30 \u00e0s 19h (s\u00e1bado) | Das 10h30 \u00e0s 18h (domingo)<\/p>\n<p><strong>Entrada gratuita<\/strong><\/p>\n<p>Pra\u00e7a da Liberdade \u00c1frica Jap\u00e3o \u2013 S\u00e3o Paulo\/SP<\/p>\n<p>Realiza\u00e7\u00e3o: Associa\u00e7\u00e3o Cultural e Assistencial da Liberdade (ACAL)<\/p>\n<p><em>Foto: Divulga\u00e7\u00e3o oficial\/ Tanabata Matsuri.<\/em><\/p>\n<p><strong>Mais em Sociedade<\/strong><\/p>\n<p><a href=\"https:\/\/tsukianimes.com.br\/index.php\/2025\/05\/15\/anime-friends-2025-projeta-sua-maior-edicao-ate-o-momento\/\" target=\"_blank\" rel=\"noopener\">Anime Friends 2025 projeta sua maior edi\u00e7\u00e3o at\u00e9 o momento<\/a><\/p>\n","protected":false},"excerpt":{"rendered":"<p>Nos dias 5 e 6 de julho, o bairro da Liberdade, em S\u00e3o Paulo, ser\u00e1 palco da 46\u00aa edi\u00e7\u00e3o do Tanabata Matsuri \u2013 Festival das Estrelas, um dos maiores eventos de cultura japonesa de rua do mundo. Com entrada gratuita, o festival ter\u00e1 uma programa\u00e7\u00e3o cultural rica e envolvente, que inclui dan\u00e7as folcl\u00f3ricas, apresenta\u00e7\u00f5es de &hellip; <\/p>\n","protected":false},"author":1,"featured_media":1551,"comment_status":"open","ping_status":"open","sticky":false,"template":"","format":"standard","meta":{"om_disable_all_campaigns":false,"_monsterinsights_skip_tracking":false,"_monsterinsights_sitenote_active":false,"_monsterinsights_sitenote_note":"","_monsterinsights_sitenote_category":0,"_uf_show_specific_survey":0,"_uf_disable_surveys":false,"footnotes":""},"categories":[103],"tags":[225,239],"class_list":["post-1548","post","type-post","status-publish","format-standard","has-post-thumbnail","hentry","category-sociedade","tag-sociedade","tag-tanabata-matsuri","latest_post"],"yoast_head":"<!-- This site is optimized with the Yoast SEO plugin v27.4 - https:\/\/yoast.com\/product\/yoast-seo-wordpress\/ -->\n<title>Tanabata Matsuri celebra 46\u00aa edi\u00e7\u00e3o nos dias 5 e 6 de julho - Tsuki Animes<\/title>\n<meta name=\"description\" content=\"Nos dias 5 e 6 de julho, o bairro da Liberdade, em S\u00e3o Paulo, ser\u00e1 palco da 46\u00aa edi\u00e7\u00e3o do Tanabata Matsuri \u2013 Festival das Estrelas.\" \/>\n<meta name=\"robots\" content=\"index, follow, max-snippet:-1, max-image-preview:large, max-video-preview:-1\" \/>\n<link rel=\"canonical\" href=\"https:\/\/tsukianimes.com.br\/index.php\/2025\/07\/04\/tanabata-matsuri-celebra-46a-edicao-nos-dias-5-e-6-de-julho\/\" \/>\n<meta property=\"og:locale\" content=\"pt_BR\" \/>\n<meta property=\"og:type\" content=\"article\" \/>\n<meta property=\"og:title\" content=\"Tanabata Matsuri celebra 46\u00aa edi\u00e7\u00e3o nos dias 5 e 6 de julho\" \/>\n<meta property=\"og:description\" content=\"Leia mais...\" \/>\n<meta property=\"og:url\" content=\"https:\/\/tsukianimes.com.br\/index.php\/2025\/07\/04\/tanabata-matsuri-celebra-46a-edicao-nos-dias-5-e-6-de-julho\/\" \/>\n<meta property=\"og:site_name\" content=\"Tsuki Animes\" \/>\n<meta property=\"article:published_time\" content=\"2025-07-05T01:53:22+00:00\" \/>\n<meta property=\"og:image\" content=\"https:\/\/tsukianimes.com.br\/wp-content\/uploads\/2025\/07\/tanabata-matsuri.jpeg\" \/>\n\t<meta property=\"og:image:width\" content=\"1280\" \/>\n\t<meta property=\"og:image:height\" content=\"720\" \/>\n\t<meta property=\"og:image:type\" content=\"image\/jpeg\" \/>\n<meta name=\"author\" content=\"tsukianimes.com.br\" \/>\n<meta name=\"twitter:card\" content=\"summary_large_image\" \/>\n<meta name=\"twitter:label1\" content=\"Escrito por\" \/>\n\t<meta name=\"twitter:data1\" content=\"tsukianimes.com.br\" \/>\n\t<meta name=\"twitter:label2\" content=\"Est. tempo de leitura\" \/>\n\t<meta name=\"twitter:data2\" content=\"3 minutos\" \/>\n<script type=\"application\/ld+json\" class=\"yoast-schema-graph\">{\"@context\":\"https:\\\/\\\/schema.org\",\"@graph\":[{\"@type\":\"Article\",\"@id\":\"https:\\\/\\\/tsukianimes.com.br\\\/index.php\\\/2025\\\/07\\\/04\\\/tanabata-matsuri-celebra-46a-edicao-nos-dias-5-e-6-de-julho\\\/#article\",\"isPartOf\":{\"@id\":\"https:\\\/\\\/tsukianimes.com.br\\\/index.php\\\/2025\\\/07\\\/04\\\/tanabata-matsuri-celebra-46a-edicao-nos-dias-5-e-6-de-julho\\\/\"},\"author\":{\"name\":\"tsukianimes.com.br\",\"@id\":\"https:\\\/\\\/tsukianimes.com.br\\\/#\\\/schema\\\/person\\\/9e17947002e7239c44dbc8cf7674f0b1\"},\"headline\":\"Tanabata Matsuri celebra 46\u00aa edi\u00e7\u00e3o nos dias 5 e 6 de julho\",\"datePublished\":\"2025-07-05T01:53:22+00:00\",\"mainEntityOfPage\":{\"@id\":\"https:\\\/\\\/tsukianimes.com.br\\\/index.php\\\/2025\\\/07\\\/04\\\/tanabata-matsuri-celebra-46a-edicao-nos-dias-5-e-6-de-julho\\\/\"},\"wordCount\":447,\"commentCount\":1,\"publisher\":{\"@id\":\"https:\\\/\\\/tsukianimes.com.br\\\/#organization\"},\"image\":{\"@id\":\"https:\\\/\\\/tsukianimes.com.br\\\/index.php\\\/2025\\\/07\\\/04\\\/tanabata-matsuri-celebra-46a-edicao-nos-dias-5-e-6-de-julho\\\/#primaryimage\"},\"thumbnailUrl\":\"https:\\\/\\\/tsukianimes.com.br\\\/wp-content\\\/uploads\\\/2025\\\/07\\\/tanabata-matsuri.jpeg\",\"keywords\":[\"sociedade\",\"tanabata matsuri\"],\"articleSection\":[\"Sociedade\"],\"inLanguage\":\"pt-BR\",\"potentialAction\":[{\"@type\":\"CommentAction\",\"name\":\"Comment\",\"target\":[\"https:\\\/\\\/tsukianimes.com.br\\\/index.php\\\/2025\\\/07\\\/04\\\/tanabata-matsuri-celebra-46a-edicao-nos-dias-5-e-6-de-julho\\\/#respond\"]}]},{\"@type\":\"WebPage\",\"@id\":\"https:\\\/\\\/tsukianimes.com.br\\\/index.php\\\/2025\\\/07\\\/04\\\/tanabata-matsuri-celebra-46a-edicao-nos-dias-5-e-6-de-julho\\\/\",\"url\":\"https:\\\/\\\/tsukianimes.com.br\\\/index.php\\\/2025\\\/07\\\/04\\\/tanabata-matsuri-celebra-46a-edicao-nos-dias-5-e-6-de-julho\\\/\",\"name\":\"Tanabata Matsuri celebra 46\u00aa edi\u00e7\u00e3o nos dias 5 e 6 de julho - Tsuki Animes\",\"isPartOf\":{\"@id\":\"https:\\\/\\\/tsukianimes.com.br\\\/#website\"},\"primaryImageOfPage\":{\"@id\":\"https:\\\/\\\/tsukianimes.com.br\\\/index.php\\\/2025\\\/07\\\/04\\\/tanabata-matsuri-celebra-46a-edicao-nos-dias-5-e-6-de-julho\\\/#primaryimage\"},\"image\":{\"@id\":\"https:\\\/\\\/tsukianimes.com.br\\\/index.php\\\/2025\\\/07\\\/04\\\/tanabata-matsuri-celebra-46a-edicao-nos-dias-5-e-6-de-julho\\\/#primaryimage\"},\"thumbnailUrl\":\"https:\\\/\\\/tsukianimes.com.br\\\/wp-content\\\/uploads\\\/2025\\\/07\\\/tanabata-matsuri.jpeg\",\"datePublished\":\"2025-07-05T01:53:22+00:00\",\"description\":\"Nos dias 5 e 6 de julho, o bairro da Liberdade, em S\u00e3o Paulo, ser\u00e1 palco da 46\u00aa edi\u00e7\u00e3o do Tanabata Matsuri \u2013 Festival das Estrelas.\",\"breadcrumb\":{\"@id\":\"https:\\\/\\\/tsukianimes.com.br\\\/index.php\\\/2025\\\/07\\\/04\\\/tanabata-matsuri-celebra-46a-edicao-nos-dias-5-e-6-de-julho\\\/#breadcrumb\"},\"inLanguage\":\"pt-BR\",\"potentialAction\":[{\"@type\":\"ReadAction\",\"target\":[\"https:\\\/\\\/tsukianimes.com.br\\\/index.php\\\/2025\\\/07\\\/04\\\/tanabata-matsuri-celebra-46a-edicao-nos-dias-5-e-6-de-julho\\\/\"]}]},{\"@type\":\"ImageObject\",\"inLanguage\":\"pt-BR\",\"@id\":\"https:\\\/\\\/tsukianimes.com.br\\\/index.php\\\/2025\\\/07\\\/04\\\/tanabata-matsuri-celebra-46a-edicao-nos-dias-5-e-6-de-julho\\\/#primaryimage\",\"url\":\"https:\\\/\\\/tsukianimes.com.br\\\/wp-content\\\/uploads\\\/2025\\\/07\\\/tanabata-matsuri.jpeg\",\"contentUrl\":\"https:\\\/\\\/tsukianimes.com.br\\\/wp-content\\\/uploads\\\/2025\\\/07\\\/tanabata-matsuri.jpeg\",\"width\":1280,\"height\":720,\"caption\":\"Tanabata Matsuri.\"},{\"@type\":\"BreadcrumbList\",\"@id\":\"https:\\\/\\\/tsukianimes.com.br\\\/index.php\\\/2025\\\/07\\\/04\\\/tanabata-matsuri-celebra-46a-edicao-nos-dias-5-e-6-de-julho\\\/#breadcrumb\",\"itemListElement\":[{\"@type\":\"ListItem\",\"position\":1,\"name\":\"In\u00edcio\",\"item\":\"https:\\\/\\\/tsukianimes.com.br\\\/\"},{\"@type\":\"ListItem\",\"position\":2,\"name\":\"Tanabata Matsuri celebra 46\u00aa edi\u00e7\u00e3o nos dias 5 e 6 de julho\"}]},{\"@type\":\"WebSite\",\"@id\":\"https:\\\/\\\/tsukianimes.com.br\\\/#website\",\"url\":\"https:\\\/\\\/tsukianimes.com.br\\\/\",\"name\":\"Tsuki Animes\",\"description\":\"\",\"publisher\":{\"@id\":\"https:\\\/\\\/tsukianimes.com.br\\\/#organization\"},\"potentialAction\":[{\"@type\":\"SearchAction\",\"target\":{\"@type\":\"EntryPoint\",\"urlTemplate\":\"https:\\\/\\\/tsukianimes.com.br\\\/?s={search_term_string}\"},\"query-input\":{\"@type\":\"PropertyValueSpecification\",\"valueRequired\":true,\"valueName\":\"search_term_string\"}}],\"inLanguage\":\"pt-BR\"},{\"@type\":\"Organization\",\"@id\":\"https:\\\/\\\/tsukianimes.com.br\\\/#organization\",\"name\":\"Tsuki Animes\",\"url\":\"https:\\\/\\\/tsukianimes.com.br\\\/\",\"logo\":{\"@type\":\"ImageObject\",\"inLanguage\":\"pt-BR\",\"@id\":\"https:\\\/\\\/tsukianimes.com.br\\\/#\\\/schema\\\/logo\\\/image\\\/\",\"url\":\"https:\\\/\\\/tsukianimes.com.br\\\/wp-content\\\/uploads\\\/2023\\\/06\\\/cropped-Ativo-4-1.png\",\"contentUrl\":\"https:\\\/\\\/tsukianimes.com.br\\\/wp-content\\\/uploads\\\/2023\\\/06\\\/cropped-Ativo-4-1.png\",\"width\":1314,\"height\":246,\"caption\":\"Tsuki Animes\"},\"image\":{\"@id\":\"https:\\\/\\\/tsukianimes.com.br\\\/#\\\/schema\\\/logo\\\/image\\\/\"}},{\"@type\":\"Person\",\"@id\":\"https:\\\/\\\/tsukianimes.com.br\\\/#\\\/schema\\\/person\\\/9e17947002e7239c44dbc8cf7674f0b1\",\"name\":\"tsukianimes.com.br\",\"image\":{\"@type\":\"ImageObject\",\"inLanguage\":\"pt-BR\",\"@id\":\"https:\\\/\\\/secure.gravatar.com\\\/avatar\\\/591a507b759fa000b57ae174373cfe3340385427fe67262e8cdd8072bc573b93?s=96&d=mm&r=g\",\"url\":\"https:\\\/\\\/secure.gravatar.com\\\/avatar\\\/591a507b759fa000b57ae174373cfe3340385427fe67262e8cdd8072bc573b93?s=96&d=mm&r=g\",\"contentUrl\":\"https:\\\/\\\/secure.gravatar.com\\\/avatar\\\/591a507b759fa000b57ae174373cfe3340385427fe67262e8cdd8072bc573b93?s=96&d=mm&r=g\",\"caption\":\"tsukianimes.com.br\"},\"sameAs\":[\"http:\\\/\\\/tsukianimes.com.br\"],\"url\":\"https:\\\/\\\/tsukianimes.com.br\\\/index.php\\\/author\\\/tsukianimes-com-br\\\/\"}]}<\/script>\n<!-- \/ Yoast SEO plugin. -->","yoast_head_json":{"title":"Tanabata Matsuri celebra 46\u00aa edi\u00e7\u00e3o nos dias 5 e 6 de julho - Tsuki Animes","description":"Nos dias 5 e 6 de julho, o bairro da Liberdade, em S\u00e3o Paulo, ser\u00e1 palco da 46\u00aa edi\u00e7\u00e3o do Tanabata Matsuri \u2013 Festival das Estrelas.","robots":{"index":"index","follow":"follow","max-snippet":"max-snippet:-1","max-image-preview":"max-image-preview:large","max-video-preview":"max-video-preview:-1"},"canonical":"https:\/\/tsukianimes.com.br\/index.php\/2025\/07\/04\/tanabata-matsuri-celebra-46a-edicao-nos-dias-5-e-6-de-julho\/","og_locale":"pt_BR","og_type":"article","og_title":"Tanabata Matsuri celebra 46\u00aa edi\u00e7\u00e3o nos dias 5 e 6 de julho","og_description":"Leia mais...","og_url":"https:\/\/tsukianimes.com.br\/index.php\/2025\/07\/04\/tanabata-matsuri-celebra-46a-edicao-nos-dias-5-e-6-de-julho\/","og_site_name":"Tsuki Animes","article_published_time":"2025-07-05T01:53:22+00:00","og_image":[{"width":1280,"height":720,"url":"https:\/\/tsukianimes.com.br\/wp-content\/uploads\/2025\/07\/tanabata-matsuri.jpeg","type":"image\/jpeg"}],"author":"tsukianimes.com.br","twitter_card":"summary_large_image","twitter_misc":{"Escrito por":"tsukianimes.com.br","Est. tempo de leitura":"3 minutos"},"schema":{"@context":"https:\/\/schema.org","@graph":[{"@type":"Article","@id":"https:\/\/tsukianimes.com.br\/index.php\/2025\/07\/04\/tanabata-matsuri-celebra-46a-edicao-nos-dias-5-e-6-de-julho\/#article","isPartOf":{"@id":"https:\/\/tsukianimes.com.br\/index.php\/2025\/07\/04\/tanabata-matsuri-celebra-46a-edicao-nos-dias-5-e-6-de-julho\/"},"author":{"name":"tsukianimes.com.br","@id":"https:\/\/tsukianimes.com.br\/#\/schema\/person\/9e17947002e7239c44dbc8cf7674f0b1"},"headline":"Tanabata Matsuri celebra 46\u00aa edi\u00e7\u00e3o nos dias 5 e 6 de julho","datePublished":"2025-07-05T01:53:22+00:00","mainEntityOfPage":{"@id":"https:\/\/tsukianimes.com.br\/index.php\/2025\/07\/04\/tanabata-matsuri-celebra-46a-edicao-nos-dias-5-e-6-de-julho\/"},"wordCount":447,"commentCount":1,"publisher":{"@id":"https:\/\/tsukianimes.com.br\/#organization"},"image":{"@id":"https:\/\/tsukianimes.com.br\/index.php\/2025\/07\/04\/tanabata-matsuri-celebra-46a-edicao-nos-dias-5-e-6-de-julho\/#primaryimage"},"thumbnailUrl":"https:\/\/tsukianimes.com.br\/wp-content\/uploads\/2025\/07\/tanabata-matsuri.jpeg","keywords":["sociedade","tanabata matsuri"],"articleSection":["Sociedade"],"inLanguage":"pt-BR","potentialAction":[{"@type":"CommentAction","name":"Comment","target":["https:\/\/tsukianimes.com.br\/index.php\/2025\/07\/04\/tanabata-matsuri-celebra-46a-edicao-nos-dias-5-e-6-de-julho\/#respond"]}]},{"@type":"WebPage","@id":"https:\/\/tsukianimes.com.br\/index.php\/2025\/07\/04\/tanabata-matsuri-celebra-46a-edicao-nos-dias-5-e-6-de-julho\/","url":"https:\/\/tsukianimes.com.br\/index.php\/2025\/07\/04\/tanabata-matsuri-celebra-46a-edicao-nos-dias-5-e-6-de-julho\/","name":"Tanabata Matsuri celebra 46\u00aa edi\u00e7\u00e3o nos dias 5 e 6 de julho - Tsuki Animes","isPartOf":{"@id":"https:\/\/tsukianimes.com.br\/#website"},"primaryImageOfPage":{"@id":"https:\/\/tsukianimes.com.br\/index.php\/2025\/07\/04\/tanabata-matsuri-celebra-46a-edicao-nos-dias-5-e-6-de-julho\/#primaryimage"},"image":{"@id":"https:\/\/tsukianimes.com.br\/index.php\/2025\/07\/04\/tanabata-matsuri-celebra-46a-edicao-nos-dias-5-e-6-de-julho\/#primaryimage"},"thumbnailUrl":"https:\/\/tsukianimes.com.br\/wp-content\/uploads\/2025\/07\/tanabata-matsuri.jpeg","datePublished":"2025-07-05T01:53:22+00:00","description":"Nos dias 5 e 6 de julho, o bairro da Liberdade, em S\u00e3o Paulo, ser\u00e1 palco da 46\u00aa edi\u00e7\u00e3o do Tanabata Matsuri \u2013 Festival das Estrelas.","breadcrumb":{"@id":"https:\/\/tsukianimes.com.br\/index.php\/2025\/07\/04\/tanabata-matsuri-celebra-46a-edicao-nos-dias-5-e-6-de-julho\/#breadcrumb"},"inLanguage":"pt-BR","potentialAction":[{"@type":"ReadAction","target":["https:\/\/tsukianimes.com.br\/index.php\/2025\/07\/04\/tanabata-matsuri-celebra-46a-edicao-nos-dias-5-e-6-de-julho\/"]}]},{"@type":"ImageObject","inLanguage":"pt-BR","@id":"https:\/\/tsukianimes.com.br\/index.php\/2025\/07\/04\/tanabata-matsuri-celebra-46a-edicao-nos-dias-5-e-6-de-julho\/#primaryimage","url":"https:\/\/tsukianimes.com.br\/wp-content\/uploads\/2025\/07\/tanabata-matsuri.jpeg","contentUrl":"https:\/\/tsukianimes.com.br\/wp-content\/uploads\/2025\/07\/tanabata-matsuri.jpeg","width":1280,"height":720,"caption":"Tanabata Matsuri."},{"@type":"BreadcrumbList","@id":"https:\/\/tsukianimes.com.br\/index.php\/2025\/07\/04\/tanabata-matsuri-celebra-46a-edicao-nos-dias-5-e-6-de-julho\/#breadcrumb","itemListElement":[{"@type":"ListItem","position":1,"name":"In\u00edcio","item":"https:\/\/tsukianimes.com.br\/"},{"@type":"ListItem","position":2,"name":"Tanabata Matsuri celebra 46\u00aa edi\u00e7\u00e3o nos dias 5 e 6 de julho"}]},{"@type":"WebSite","@id":"https:\/\/tsukianimes.com.br\/#website","url":"https:\/\/tsukianimes.com.br\/","name":"Tsuki Animes","description":"","publisher":{"@id":"https:\/\/tsukianimes.com.br\/#organization"},"potentialAction":[{"@type":"SearchAction","target":{"@type":"EntryPoint","urlTemplate":"https:\/\/tsukianimes.com.br\/?s={search_term_string}"},"query-input":{"@type":"PropertyValueSpecification","valueRequired":true,"valueName":"search_term_string"}}],"inLanguage":"pt-BR"},{"@type":"Organization","@id":"https:\/\/tsukianimes.com.br\/#organization","name":"Tsuki Animes","url":"https:\/\/tsukianimes.com.br\/","logo":{"@type":"ImageObject","inLanguage":"pt-BR","@id":"https:\/\/tsukianimes.com.br\/#\/schema\/logo\/image\/","url":"https:\/\/tsukianimes.com.br\/wp-content\/uploads\/2023\/06\/cropped-Ativo-4-1.png","contentUrl":"https:\/\/tsukianimes.com.br\/wp-content\/uploads\/2023\/06\/cropped-Ativo-4-1.png","width":1314,"height":246,"caption":"Tsuki Animes"},"image":{"@id":"https:\/\/tsukianimes.com.br\/#\/schema\/logo\/image\/"}},{"@type":"Person","@id":"https:\/\/tsukianimes.com.br\/#\/schema\/person\/9e17947002e7239c44dbc8cf7674f0b1","name":"tsukianimes.com.br","image":{"@type":"ImageObject","inLanguage":"pt-BR","@id":"https:\/\/secure.gravatar.com\/avatar\/591a507b759fa000b57ae174373cfe3340385427fe67262e8cdd8072bc573b93?s=96&d=mm&r=g","url":"https:\/\/secure.gravatar.com\/avatar\/591a507b759fa000b57ae174373cfe3340385427fe67262e8cdd8072bc573b93?s=96&d=mm&r=g","contentUrl":"https:\/\/secure.gravatar.com\/avatar\/591a507b759fa000b57ae174373cfe3340385427fe67262e8cdd8072bc573b93?s=96&d=mm&r=g","caption":"tsukianimes.com.br"},"sameAs":["http:\/\/tsukianimes.com.br"],"url":"https:\/\/tsukianimes.com.br\/index.php\/author\/tsukianimes-com-br\/"}]}},"amp_enabled":true,"_links":{"self":[{"href":"https:\/\/tsukianimes.com.br\/index.php\/wp-json\/wp\/v2\/posts\/1548","targetHints":{"allow":["GET"]}}],"collection":[{"href":"https:\/\/tsukianimes.com.br\/index.php\/wp-json\/wp\/v2\/posts"}],"about":[{"href":"https:\/\/tsukianimes.com.br\/index.php\/wp-json\/wp\/v2\/types\/post"}],"author":[{"embeddable":true,"href":"https:\/\/tsukianimes.com.br\/index.php\/wp-json\/wp\/v2\/users\/1"}],"replies":[{"embeddable":true,"href":"https:\/\/tsukianimes.com.br\/index.php\/wp-json\/wp\/v2\/comments?post=1548"}],"version-history":[{"count":3,"href":"https:\/\/tsukianimes.com.br\/index.php\/wp-json\/wp\/v2\/posts\/1548\/revisions"}],"predecessor-version":[{"id":1552,"href":"https:\/\/tsukianimes.com.br\/index.php\/wp-json\/wp\/v2\/posts\/1548\/revisions\/1552"}],"wp:featuredmedia":[{"embeddable":true,"href":"https:\/\/tsukianimes.com.br\/index.php\/wp-json\/wp\/v2\/media\/1551"}],"wp:attachment":[{"href":"https:\/\/tsukianimes.com.br\/index.php\/wp-json\/wp\/v2\/media?parent=1548"}],"wp:term":[{"taxonomy":"category","embeddable":true,"href":"https:\/\/tsukianimes.com.br\/index.php\/wp-json\/wp\/v2\/categories?post=1548"},{"taxonomy":"post_tag","embeddable":true,"href":"https:\/\/tsukianimes.com.br\/index.php\/wp-json\/wp\/v2\/tags?post=1548"}],"curies":[{"name":"wp","href":"https:\/\/api.w.org\/{rel}","templated":true}]}}