{"id":1423,"date":"2024-11-18T22:30:12","date_gmt":"2024-11-19T01:30:12","guid":{"rendered":"https:\/\/tsukianimes.com.br\/?p=1423"},"modified":"2024-11-18T22:30:12","modified_gmt":"2024-11-19T01:30:12","slug":"japan-house-sao-paulo-estreia-exposicao-fotografica-a-vida-que-se-revela","status":"publish","type":"post","link":"https:\/\/tsukianimes.com.br\/index.php\/2024\/11\/18\/japan-house-sao-paulo-estreia-exposicao-fotografica-a-vida-que-se-revela\/","title":{"rendered":"Japan House S\u00e3o Paulo estreia exposi\u00e7\u00e3o fotogr\u00e1fica &#8220;A vida que se revela&#8221;"},"content":{"rendered":"<p>Realizada pela primeira vez no Brasil, a exposi\u00e7\u00e3o \u201c<em><strong>A vida que se revela<\/strong>\u201d\u00a0<\/em>ocupa o segundo andar da Japan House S\u00e3o Paulo entre os dias 19 de novembro e 13 de abril de 2025, com entrada gratuita. A mostra exibe quatro s\u00e9ries de fotografias produzidas por Rinko Kawauchi (1972) e Tokuko Ushioda (1940), que retratam momentos familiares e a intimidade de seus lares no Jap\u00e3o.<\/p>\n<p>As s\u00e9ries, que capturam momentos com a fam\u00edlia ou cenas cotidianas do lar, s\u00e3o baseadas em um di\u00e1logo entre essas duas importantes fot\u00f3grafas japonesas, Rinko Kawauchi e Tokuko Ushioda, que receberam grande reconhecimento no \u2018KYOTOGRAPHIE International Photography Festival 2024\u2019.<\/p>\n<p>A s\u00e9rie \u201c<strong>Cui Cui<\/strong>\u201d, de Kawauchi, documenta, ao longo de 13 anos, momentos do ciclo de vida de sua fam\u00edlia como o casamento de seu irm\u00e3o, o falecimento de seu av\u00f4 e o nascimento de seu sobrinho. O t\u00edtulo da s\u00e9rie foi escolhido pela fot\u00f3grafa ao se deparar com a express\u00e3o francesa usada para descrever o gorjeio do pardal, canto poss\u00edvel de ser ouvido nas mais diversas partes do mundo, e, portanto, uma met\u00e1fora perfeita para os sons cotidianos que permeiam a vida familiar de Kawauchi. J\u00e1 em sua s\u00e9rie, \u201c<strong>as it is<\/strong>\u201d (algo como \u201ctal como \u00e9\u201d, em tradu\u00e7\u00e3o livre), Rinko registra os tr\u00eas primeiros anos de vida de sua filha, complementada por uma proje\u00e7\u00e3o em v\u00eddeo.<\/p>\n<p>Na s\u00e9rie \u201c<strong>ICE BOX<\/strong>\u201d, Ushioda documenta, ao longo de 22 anos, a intimidade de fam\u00edlias de parentes e amigos utilizando geladeiras como um ponto fixo de refer\u00eancia, oferecendo uma perspectiva \u00fanica sobre a vida dom\u00e9stica e a conex\u00e3o familiar da \u00e9poca. J\u00e1 em \u201c<strong>My Husband<\/strong>\u201d, ela compartilha cenas do cotidiano com seu marido e filha, registradas em um pequeno apartamento de estilo ocidental durante a d\u00e9cada de 1970.<\/p>\n<p>A Japan House S\u00e3o Paulo oferece v\u00e1rias atividades paralelas para proporcionar aos visitantes uma compreens\u00e3o mais profunda acerca da exposi\u00e7\u00e3o. Destaque para uma visita guiada no dia 19 de novembro, \u00e0s 15hs, conduzida pela fot\u00f3grafa Tokuko Ushioda e por Yusuke Nakanishi, co-fundador e diretor do festival KYOTOGRAPHIE \u2013 International Photography Festival.<\/p>\n<p>Outro evento importante que acontece tamb\u00e9m na ter\u00e7a-feira (19), \u00e0s 19h, \u00e9 um bate papo com Tokuko Ushioda, mediado pelo fot\u00f3grafo e pesquisador brasileiro, Lucas Gibson. Na ocasi\u00e3o, o p\u00fablico poder\u00e1 conhecer sobre a trajet\u00f3ria da fot\u00f3grafa e se aprofundar nas s\u00e9ries \u201cICE BOX\u201d (Caixa de Gelo) e \u201cMy Husband\u201d (Meu Marido), presentes na exposi\u00e7\u00e3o.\u00a0 \u201cA vida que se revela\u201d integra o programa JHSP Acess\u00edvel, oferecendo recursos t\u00e1teis, audiodescri\u00e7\u00e3o e v\u00eddeo em libras para proporcionar acessibilidade a todos os visitantes.<\/p>\n<p><strong>Servi\u00e7o:<\/strong><br \/>\n<strong>Exposi\u00e7\u00e3o \u201cA vida que se revela\u201d<\/strong><br \/>\n<strong>Per\u00edodo:<\/strong>\u00a019 de novembro de 2024 a 13 de abril de 2025<br \/>\n<strong>Local:<\/strong>\u00a0Japan House S\u00e3o Paulo, segundo andar &#8211; Avenida Paulista, 52, S\u00e3o Paulo\/SP<br \/>\n<strong>Hor\u00e1rio de funcionamento:<\/strong>\u00a0ter\u00e7a a sexta, das 10h \u00e0s 18h; s\u00e1bados, domingos e feriados, das 10h \u00e0s 19h.<br \/>\n<strong>Entrada gratuita.<\/strong>\u00a0Reservas online antecipadas (opcionais) no\u00a0<a href=\"https:\/\/agendamento.japanhousesp.com.br\/\" target=\"_blank\" rel=\"noopener noreferrer\">site<\/a>.<\/p>\n<p><strong>Atividades Paralelas:<\/strong><br \/>\n<strong>Visita guiada com Tokuko Ushioda e Yusuke Nakanishi<\/strong><br \/>\n<strong>Data:\u00a0<\/strong>19 de novembro, \u00e0s 15h<br \/>\n<strong>Dura\u00e7\u00e3o:<\/strong>\u00a0aproximadamente 60 minutos<br \/>\n<strong>Classifica\u00e7\u00e3o et\u00e1ria:<\/strong>\u00a0livre<br \/>\nTradu\u00e7\u00e3o simult\u00e2nea para o portugu\u00eas<br \/>\n*As vagas s\u00e3o limitadas e as senhas para participar ficam dispon\u00edveis para retirada na recep\u00e7\u00e3o 30 minutos antes da atividade.<\/p>\n<p><strong>Bate-papo<br \/>\n<\/strong><strong>O encanto e atratividade da fotografia japonesa: bate-papo com Tokuko Ushioda<\/strong><br \/>\n<strong>Quando:<\/strong>\u00a019 de novembro de 2024, \u00e0s 19h<br \/>\n<strong>Dura\u00e7\u00e3o:<\/strong>\u00a0aproximadamente 90 minutos<br \/>\nTradu\u00e7\u00e3o simult\u00e2nea para o portugu\u00eas<br \/>\n*As vagas s\u00e3o limitadas e as senhas para participar ficam dispon\u00edveis para retirada na recep\u00e7\u00e3o 90 minutos antes da atividade.<\/p>\n<p><em>Foto: Divulga\u00e7\u00e3o oficial.<\/em><\/p>\n<p><strong>Mais em Sociedade<\/strong><\/p>\n<p><a href=\"https:\/\/tsukianimes.com.br\/index.php\/2024\/11\/07\/japan-house-sao-paulo-destaca-exposicoes-em-cartaz-e-universo-literario-japones-em-novembro\/\">Japan House S\u00e3o Paulo destaca exposi\u00e7\u00f5es em cartaz e universo liter\u00e1rio japon\u00eas em novembro<\/a><\/p>\n","protected":false},"excerpt":{"rendered":"<p>Realizada pela primeira vez no Brasil, a exposi\u00e7\u00e3o \u201cA vida que se revela\u201d\u00a0ocupa o segundo andar da Japan House S\u00e3o Paulo entre os dias 19 de novembro e 13 de abril de 2025, com entrada gratuita. A mostra exibe quatro s\u00e9ries de fotografias produzidas por Rinko Kawauchi (1972) e Tokuko Ushioda (1940), que retratam momentos &hellip; <\/p>\n","protected":false},"author":1,"featured_media":1425,"comment_status":"open","ping_status":"open","sticky":false,"template":"","format":"standard","meta":{"om_disable_all_campaigns":false,"_monsterinsights_skip_tracking":false,"_monsterinsights_sitenote_active":false,"_monsterinsights_sitenote_note":"","_monsterinsights_sitenote_category":0,"_uf_show_specific_survey":0,"_uf_disable_surveys":false,"footnotes":""},"categories":[103],"tags":[137,225],"class_list":["post-1423","post","type-post","status-publish","format-standard","has-post-thumbnail","hentry","category-sociedade","tag-japan-house","tag-sociedade","latest_post"],"yoast_head":"<!-- This site is optimized with the Yoast SEO plugin v27.4 - https:\/\/yoast.com\/product\/yoast-seo-wordpress\/ -->\n<title>Japan House estreia exposi\u00e7\u00e3o fotogr\u00e1fica &quot;A vida que se revela&quot;<\/title>\n<meta name=\"description\" content=\"Realizada pela primeira vez no Brasil, a exposi\u00e7\u00e3o \u201cA vida que se revela\u201d\u00a0ocupa o segundo andar da Japan House entre os dias 19\/11 e 13\/04.\" \/>\n<meta name=\"robots\" content=\"index, follow, max-snippet:-1, max-image-preview:large, max-video-preview:-1\" \/>\n<link rel=\"canonical\" href=\"https:\/\/tsukianimes.com.br\/index.php\/2024\/11\/18\/japan-house-sao-paulo-estreia-exposicao-fotografica-a-vida-que-se-revela\/\" \/>\n<meta property=\"og:locale\" content=\"pt_BR\" \/>\n<meta property=\"og:type\" content=\"article\" \/>\n<meta property=\"og:title\" content=\"Japan House S\u00e3o Paulo estreia exposi\u00e7\u00e3o fotogr\u00e1fica &quot;A vida que se revela&quot;\" \/>\n<meta property=\"og:description\" content=\"Leia mais...\" \/>\n<meta property=\"og:url\" content=\"https:\/\/tsukianimes.com.br\/index.php\/2024\/11\/18\/japan-house-sao-paulo-estreia-exposicao-fotografica-a-vida-que-se-revela\/\" \/>\n<meta property=\"og:site_name\" content=\"Tsuki Animes\" \/>\n<meta property=\"article:published_time\" content=\"2024-11-19T01:30:12+00:00\" \/>\n<meta property=\"og:image\" content=\"https:\/\/tsukianimes.com.br\/wp-content\/uploads\/2024\/11\/A-Vida-Que-Se-Revela-na-JHSP-Creditos-Gabriela-Portilho-12--scaled.jpg\" \/>\n\t<meta property=\"og:image:width\" content=\"2560\" \/>\n\t<meta property=\"og:image:height\" content=\"1707\" \/>\n\t<meta property=\"og:image:type\" content=\"image\/jpeg\" \/>\n<meta name=\"author\" content=\"tsukianimes.com.br\" \/>\n<meta name=\"twitter:card\" content=\"summary_large_image\" \/>\n<meta name=\"twitter:label1\" content=\"Escrito por\" \/>\n\t<meta name=\"twitter:data1\" content=\"tsukianimes.com.br\" \/>\n\t<meta name=\"twitter:label2\" content=\"Est. tempo de leitura\" \/>\n\t<meta name=\"twitter:data2\" content=\"4 minutos\" \/>\n<script type=\"application\/ld+json\" class=\"yoast-schema-graph\">{\"@context\":\"https:\\\/\\\/schema.org\",\"@graph\":[{\"@type\":\"Article\",\"@id\":\"https:\\\/\\\/tsukianimes.com.br\\\/index.php\\\/2024\\\/11\\\/18\\\/japan-house-sao-paulo-estreia-exposicao-fotografica-a-vida-que-se-revela\\\/#article\",\"isPartOf\":{\"@id\":\"https:\\\/\\\/tsukianimes.com.br\\\/index.php\\\/2024\\\/11\\\/18\\\/japan-house-sao-paulo-estreia-exposicao-fotografica-a-vida-que-se-revela\\\/\"},\"author\":{\"name\":\"tsukianimes.com.br\",\"@id\":\"https:\\\/\\\/tsukianimes.com.br\\\/#\\\/schema\\\/person\\\/9e17947002e7239c44dbc8cf7674f0b1\"},\"headline\":\"Japan House S\u00e3o Paulo estreia exposi\u00e7\u00e3o fotogr\u00e1fica &#8220;A vida que se revela&#8221;\",\"datePublished\":\"2024-11-19T01:30:12+00:00\",\"mainEntityOfPage\":{\"@id\":\"https:\\\/\\\/tsukianimes.com.br\\\/index.php\\\/2024\\\/11\\\/18\\\/japan-house-sao-paulo-estreia-exposicao-fotografica-a-vida-que-se-revela\\\/\"},\"wordCount\":662,\"commentCount\":1,\"publisher\":{\"@id\":\"https:\\\/\\\/tsukianimes.com.br\\\/#organization\"},\"image\":{\"@id\":\"https:\\\/\\\/tsukianimes.com.br\\\/index.php\\\/2024\\\/11\\\/18\\\/japan-house-sao-paulo-estreia-exposicao-fotografica-a-vida-que-se-revela\\\/#primaryimage\"},\"thumbnailUrl\":\"https:\\\/\\\/tsukianimes.com.br\\\/wp-content\\\/uploads\\\/2024\\\/11\\\/A-Vida-Que-Se-Revela-na-JHSP-Creditos-Gabriela-Portilho-12--scaled.jpg\",\"keywords\":[\"japan house\",\"sociedade\"],\"articleSection\":[\"Sociedade\"],\"inLanguage\":\"pt-BR\",\"potentialAction\":[{\"@type\":\"CommentAction\",\"name\":\"Comment\",\"target\":[\"https:\\\/\\\/tsukianimes.com.br\\\/index.php\\\/2024\\\/11\\\/18\\\/japan-house-sao-paulo-estreia-exposicao-fotografica-a-vida-que-se-revela\\\/#respond\"]}]},{\"@type\":\"WebPage\",\"@id\":\"https:\\\/\\\/tsukianimes.com.br\\\/index.php\\\/2024\\\/11\\\/18\\\/japan-house-sao-paulo-estreia-exposicao-fotografica-a-vida-que-se-revela\\\/\",\"url\":\"https:\\\/\\\/tsukianimes.com.br\\\/index.php\\\/2024\\\/11\\\/18\\\/japan-house-sao-paulo-estreia-exposicao-fotografica-a-vida-que-se-revela\\\/\",\"name\":\"Japan House estreia exposi\u00e7\u00e3o fotogr\u00e1fica \\\"A vida que se revela\\\"\",\"isPartOf\":{\"@id\":\"https:\\\/\\\/tsukianimes.com.br\\\/#website\"},\"primaryImageOfPage\":{\"@id\":\"https:\\\/\\\/tsukianimes.com.br\\\/index.php\\\/2024\\\/11\\\/18\\\/japan-house-sao-paulo-estreia-exposicao-fotografica-a-vida-que-se-revela\\\/#primaryimage\"},\"image\":{\"@id\":\"https:\\\/\\\/tsukianimes.com.br\\\/index.php\\\/2024\\\/11\\\/18\\\/japan-house-sao-paulo-estreia-exposicao-fotografica-a-vida-que-se-revela\\\/#primaryimage\"},\"thumbnailUrl\":\"https:\\\/\\\/tsukianimes.com.br\\\/wp-content\\\/uploads\\\/2024\\\/11\\\/A-Vida-Que-Se-Revela-na-JHSP-Creditos-Gabriela-Portilho-12--scaled.jpg\",\"datePublished\":\"2024-11-19T01:30:12+00:00\",\"description\":\"Realizada pela primeira vez no Brasil, a exposi\u00e7\u00e3o \u201cA vida que se revela\u201d\u00a0ocupa o segundo andar da Japan House entre os dias 19\\\/11 e 13\\\/04.\",\"breadcrumb\":{\"@id\":\"https:\\\/\\\/tsukianimes.com.br\\\/index.php\\\/2024\\\/11\\\/18\\\/japan-house-sao-paulo-estreia-exposicao-fotografica-a-vida-que-se-revela\\\/#breadcrumb\"},\"inLanguage\":\"pt-BR\",\"potentialAction\":[{\"@type\":\"ReadAction\",\"target\":[\"https:\\\/\\\/tsukianimes.com.br\\\/index.php\\\/2024\\\/11\\\/18\\\/japan-house-sao-paulo-estreia-exposicao-fotografica-a-vida-que-se-revela\\\/\"]}]},{\"@type\":\"ImageObject\",\"inLanguage\":\"pt-BR\",\"@id\":\"https:\\\/\\\/tsukianimes.com.br\\\/index.php\\\/2024\\\/11\\\/18\\\/japan-house-sao-paulo-estreia-exposicao-fotografica-a-vida-que-se-revela\\\/#primaryimage\",\"url\":\"https:\\\/\\\/tsukianimes.com.br\\\/wp-content\\\/uploads\\\/2024\\\/11\\\/A-Vida-Que-Se-Revela-na-JHSP-Creditos-Gabriela-Portilho-12--scaled.jpg\",\"contentUrl\":\"https:\\\/\\\/tsukianimes.com.br\\\/wp-content\\\/uploads\\\/2024\\\/11\\\/A-Vida-Que-Se-Revela-na-JHSP-Creditos-Gabriela-Portilho-12--scaled.jpg\",\"width\":2560,\"height\":1707,\"caption\":\"Japan House exposi\u00e7\u00e3o A Vida que se Revela\"},{\"@type\":\"BreadcrumbList\",\"@id\":\"https:\\\/\\\/tsukianimes.com.br\\\/index.php\\\/2024\\\/11\\\/18\\\/japan-house-sao-paulo-estreia-exposicao-fotografica-a-vida-que-se-revela\\\/#breadcrumb\",\"itemListElement\":[{\"@type\":\"ListItem\",\"position\":1,\"name\":\"In\u00edcio\",\"item\":\"https:\\\/\\\/tsukianimes.com.br\\\/\"},{\"@type\":\"ListItem\",\"position\":2,\"name\":\"Japan House S\u00e3o Paulo estreia exposi\u00e7\u00e3o fotogr\u00e1fica &#8220;A vida que se revela&#8221;\"}]},{\"@type\":\"WebSite\",\"@id\":\"https:\\\/\\\/tsukianimes.com.br\\\/#website\",\"url\":\"https:\\\/\\\/tsukianimes.com.br\\\/\",\"name\":\"Tsuki Animes\",\"description\":\"\",\"publisher\":{\"@id\":\"https:\\\/\\\/tsukianimes.com.br\\\/#organization\"},\"potentialAction\":[{\"@type\":\"SearchAction\",\"target\":{\"@type\":\"EntryPoint\",\"urlTemplate\":\"https:\\\/\\\/tsukianimes.com.br\\\/?s={search_term_string}\"},\"query-input\":{\"@type\":\"PropertyValueSpecification\",\"valueRequired\":true,\"valueName\":\"search_term_string\"}}],\"inLanguage\":\"pt-BR\"},{\"@type\":\"Organization\",\"@id\":\"https:\\\/\\\/tsukianimes.com.br\\\/#organization\",\"name\":\"Tsuki Animes\",\"url\":\"https:\\\/\\\/tsukianimes.com.br\\\/\",\"logo\":{\"@type\":\"ImageObject\",\"inLanguage\":\"pt-BR\",\"@id\":\"https:\\\/\\\/tsukianimes.com.br\\\/#\\\/schema\\\/logo\\\/image\\\/\",\"url\":\"https:\\\/\\\/tsukianimes.com.br\\\/wp-content\\\/uploads\\\/2023\\\/06\\\/cropped-Ativo-4-1.png\",\"contentUrl\":\"https:\\\/\\\/tsukianimes.com.br\\\/wp-content\\\/uploads\\\/2023\\\/06\\\/cropped-Ativo-4-1.png\",\"width\":1314,\"height\":246,\"caption\":\"Tsuki Animes\"},\"image\":{\"@id\":\"https:\\\/\\\/tsukianimes.com.br\\\/#\\\/schema\\\/logo\\\/image\\\/\"}},{\"@type\":\"Person\",\"@id\":\"https:\\\/\\\/tsukianimes.com.br\\\/#\\\/schema\\\/person\\\/9e17947002e7239c44dbc8cf7674f0b1\",\"name\":\"tsukianimes.com.br\",\"image\":{\"@type\":\"ImageObject\",\"inLanguage\":\"pt-BR\",\"@id\":\"https:\\\/\\\/secure.gravatar.com\\\/avatar\\\/591a507b759fa000b57ae174373cfe3340385427fe67262e8cdd8072bc573b93?s=96&d=mm&r=g\",\"url\":\"https:\\\/\\\/secure.gravatar.com\\\/avatar\\\/591a507b759fa000b57ae174373cfe3340385427fe67262e8cdd8072bc573b93?s=96&d=mm&r=g\",\"contentUrl\":\"https:\\\/\\\/secure.gravatar.com\\\/avatar\\\/591a507b759fa000b57ae174373cfe3340385427fe67262e8cdd8072bc573b93?s=96&d=mm&r=g\",\"caption\":\"tsukianimes.com.br\"},\"sameAs\":[\"http:\\\/\\\/tsukianimes.com.br\"],\"url\":\"https:\\\/\\\/tsukianimes.com.br\\\/index.php\\\/author\\\/tsukianimes-com-br\\\/\"}]}<\/script>\n<!-- \/ Yoast SEO plugin. -->","yoast_head_json":{"title":"Japan House estreia exposi\u00e7\u00e3o fotogr\u00e1fica \"A vida que se revela\"","description":"Realizada pela primeira vez no Brasil, a exposi\u00e7\u00e3o \u201cA vida que se revela\u201d\u00a0ocupa o segundo andar da Japan House entre os dias 19\/11 e 13\/04.","robots":{"index":"index","follow":"follow","max-snippet":"max-snippet:-1","max-image-preview":"max-image-preview:large","max-video-preview":"max-video-preview:-1"},"canonical":"https:\/\/tsukianimes.com.br\/index.php\/2024\/11\/18\/japan-house-sao-paulo-estreia-exposicao-fotografica-a-vida-que-se-revela\/","og_locale":"pt_BR","og_type":"article","og_title":"Japan House S\u00e3o Paulo estreia exposi\u00e7\u00e3o fotogr\u00e1fica \"A vida que se revela\"","og_description":"Leia mais...","og_url":"https:\/\/tsukianimes.com.br\/index.php\/2024\/11\/18\/japan-house-sao-paulo-estreia-exposicao-fotografica-a-vida-que-se-revela\/","og_site_name":"Tsuki Animes","article_published_time":"2024-11-19T01:30:12+00:00","og_image":[{"width":2560,"height":1707,"url":"https:\/\/tsukianimes.com.br\/wp-content\/uploads\/2024\/11\/A-Vida-Que-Se-Revela-na-JHSP-Creditos-Gabriela-Portilho-12--scaled.jpg","type":"image\/jpeg"}],"author":"tsukianimes.com.br","twitter_card":"summary_large_image","twitter_misc":{"Escrito por":"tsukianimes.com.br","Est. tempo de leitura":"4 minutos"},"schema":{"@context":"https:\/\/schema.org","@graph":[{"@type":"Article","@id":"https:\/\/tsukianimes.com.br\/index.php\/2024\/11\/18\/japan-house-sao-paulo-estreia-exposicao-fotografica-a-vida-que-se-revela\/#article","isPartOf":{"@id":"https:\/\/tsukianimes.com.br\/index.php\/2024\/11\/18\/japan-house-sao-paulo-estreia-exposicao-fotografica-a-vida-que-se-revela\/"},"author":{"name":"tsukianimes.com.br","@id":"https:\/\/tsukianimes.com.br\/#\/schema\/person\/9e17947002e7239c44dbc8cf7674f0b1"},"headline":"Japan House S\u00e3o Paulo estreia exposi\u00e7\u00e3o fotogr\u00e1fica &#8220;A vida que se revela&#8221;","datePublished":"2024-11-19T01:30:12+00:00","mainEntityOfPage":{"@id":"https:\/\/tsukianimes.com.br\/index.php\/2024\/11\/18\/japan-house-sao-paulo-estreia-exposicao-fotografica-a-vida-que-se-revela\/"},"wordCount":662,"commentCount":1,"publisher":{"@id":"https:\/\/tsukianimes.com.br\/#organization"},"image":{"@id":"https:\/\/tsukianimes.com.br\/index.php\/2024\/11\/18\/japan-house-sao-paulo-estreia-exposicao-fotografica-a-vida-que-se-revela\/#primaryimage"},"thumbnailUrl":"https:\/\/tsukianimes.com.br\/wp-content\/uploads\/2024\/11\/A-Vida-Que-Se-Revela-na-JHSP-Creditos-Gabriela-Portilho-12--scaled.jpg","keywords":["japan house","sociedade"],"articleSection":["Sociedade"],"inLanguage":"pt-BR","potentialAction":[{"@type":"CommentAction","name":"Comment","target":["https:\/\/tsukianimes.com.br\/index.php\/2024\/11\/18\/japan-house-sao-paulo-estreia-exposicao-fotografica-a-vida-que-se-revela\/#respond"]}]},{"@type":"WebPage","@id":"https:\/\/tsukianimes.com.br\/index.php\/2024\/11\/18\/japan-house-sao-paulo-estreia-exposicao-fotografica-a-vida-que-se-revela\/","url":"https:\/\/tsukianimes.com.br\/index.php\/2024\/11\/18\/japan-house-sao-paulo-estreia-exposicao-fotografica-a-vida-que-se-revela\/","name":"Japan House estreia exposi\u00e7\u00e3o fotogr\u00e1fica \"A vida que se revela\"","isPartOf":{"@id":"https:\/\/tsukianimes.com.br\/#website"},"primaryImageOfPage":{"@id":"https:\/\/tsukianimes.com.br\/index.php\/2024\/11\/18\/japan-house-sao-paulo-estreia-exposicao-fotografica-a-vida-que-se-revela\/#primaryimage"},"image":{"@id":"https:\/\/tsukianimes.com.br\/index.php\/2024\/11\/18\/japan-house-sao-paulo-estreia-exposicao-fotografica-a-vida-que-se-revela\/#primaryimage"},"thumbnailUrl":"https:\/\/tsukianimes.com.br\/wp-content\/uploads\/2024\/11\/A-Vida-Que-Se-Revela-na-JHSP-Creditos-Gabriela-Portilho-12--scaled.jpg","datePublished":"2024-11-19T01:30:12+00:00","description":"Realizada pela primeira vez no Brasil, a exposi\u00e7\u00e3o \u201cA vida que se revela\u201d\u00a0ocupa o segundo andar da Japan House entre os dias 19\/11 e 13\/04.","breadcrumb":{"@id":"https:\/\/tsukianimes.com.br\/index.php\/2024\/11\/18\/japan-house-sao-paulo-estreia-exposicao-fotografica-a-vida-que-se-revela\/#breadcrumb"},"inLanguage":"pt-BR","potentialAction":[{"@type":"ReadAction","target":["https:\/\/tsukianimes.com.br\/index.php\/2024\/11\/18\/japan-house-sao-paulo-estreia-exposicao-fotografica-a-vida-que-se-revela\/"]}]},{"@type":"ImageObject","inLanguage":"pt-BR","@id":"https:\/\/tsukianimes.com.br\/index.php\/2024\/11\/18\/japan-house-sao-paulo-estreia-exposicao-fotografica-a-vida-que-se-revela\/#primaryimage","url":"https:\/\/tsukianimes.com.br\/wp-content\/uploads\/2024\/11\/A-Vida-Que-Se-Revela-na-JHSP-Creditos-Gabriela-Portilho-12--scaled.jpg","contentUrl":"https:\/\/tsukianimes.com.br\/wp-content\/uploads\/2024\/11\/A-Vida-Que-Se-Revela-na-JHSP-Creditos-Gabriela-Portilho-12--scaled.jpg","width":2560,"height":1707,"caption":"Japan House exposi\u00e7\u00e3o A Vida que se Revela"},{"@type":"BreadcrumbList","@id":"https:\/\/tsukianimes.com.br\/index.php\/2024\/11\/18\/japan-house-sao-paulo-estreia-exposicao-fotografica-a-vida-que-se-revela\/#breadcrumb","itemListElement":[{"@type":"ListItem","position":1,"name":"In\u00edcio","item":"https:\/\/tsukianimes.com.br\/"},{"@type":"ListItem","position":2,"name":"Japan House S\u00e3o Paulo estreia exposi\u00e7\u00e3o fotogr\u00e1fica &#8220;A vida que se revela&#8221;"}]},{"@type":"WebSite","@id":"https:\/\/tsukianimes.com.br\/#website","url":"https:\/\/tsukianimes.com.br\/","name":"Tsuki Animes","description":"","publisher":{"@id":"https:\/\/tsukianimes.com.br\/#organization"},"potentialAction":[{"@type":"SearchAction","target":{"@type":"EntryPoint","urlTemplate":"https:\/\/tsukianimes.com.br\/?s={search_term_string}"},"query-input":{"@type":"PropertyValueSpecification","valueRequired":true,"valueName":"search_term_string"}}],"inLanguage":"pt-BR"},{"@type":"Organization","@id":"https:\/\/tsukianimes.com.br\/#organization","name":"Tsuki Animes","url":"https:\/\/tsukianimes.com.br\/","logo":{"@type":"ImageObject","inLanguage":"pt-BR","@id":"https:\/\/tsukianimes.com.br\/#\/schema\/logo\/image\/","url":"https:\/\/tsukianimes.com.br\/wp-content\/uploads\/2023\/06\/cropped-Ativo-4-1.png","contentUrl":"https:\/\/tsukianimes.com.br\/wp-content\/uploads\/2023\/06\/cropped-Ativo-4-1.png","width":1314,"height":246,"caption":"Tsuki Animes"},"image":{"@id":"https:\/\/tsukianimes.com.br\/#\/schema\/logo\/image\/"}},{"@type":"Person","@id":"https:\/\/tsukianimes.com.br\/#\/schema\/person\/9e17947002e7239c44dbc8cf7674f0b1","name":"tsukianimes.com.br","image":{"@type":"ImageObject","inLanguage":"pt-BR","@id":"https:\/\/secure.gravatar.com\/avatar\/591a507b759fa000b57ae174373cfe3340385427fe67262e8cdd8072bc573b93?s=96&d=mm&r=g","url":"https:\/\/secure.gravatar.com\/avatar\/591a507b759fa000b57ae174373cfe3340385427fe67262e8cdd8072bc573b93?s=96&d=mm&r=g","contentUrl":"https:\/\/secure.gravatar.com\/avatar\/591a507b759fa000b57ae174373cfe3340385427fe67262e8cdd8072bc573b93?s=96&d=mm&r=g","caption":"tsukianimes.com.br"},"sameAs":["http:\/\/tsukianimes.com.br"],"url":"https:\/\/tsukianimes.com.br\/index.php\/author\/tsukianimes-com-br\/"}]}},"amp_enabled":true,"_links":{"self":[{"href":"https:\/\/tsukianimes.com.br\/index.php\/wp-json\/wp\/v2\/posts\/1423","targetHints":{"allow":["GET"]}}],"collection":[{"href":"https:\/\/tsukianimes.com.br\/index.php\/wp-json\/wp\/v2\/posts"}],"about":[{"href":"https:\/\/tsukianimes.com.br\/index.php\/wp-json\/wp\/v2\/types\/post"}],"author":[{"embeddable":true,"href":"https:\/\/tsukianimes.com.br\/index.php\/wp-json\/wp\/v2\/users\/1"}],"replies":[{"embeddable":true,"href":"https:\/\/tsukianimes.com.br\/index.php\/wp-json\/wp\/v2\/comments?post=1423"}],"version-history":[{"count":3,"href":"https:\/\/tsukianimes.com.br\/index.php\/wp-json\/wp\/v2\/posts\/1423\/revisions"}],"predecessor-version":[{"id":1427,"href":"https:\/\/tsukianimes.com.br\/index.php\/wp-json\/wp\/v2\/posts\/1423\/revisions\/1427"}],"wp:featuredmedia":[{"embeddable":true,"href":"https:\/\/tsukianimes.com.br\/index.php\/wp-json\/wp\/v2\/media\/1425"}],"wp:attachment":[{"href":"https:\/\/tsukianimes.com.br\/index.php\/wp-json\/wp\/v2\/media?parent=1423"}],"wp:term":[{"taxonomy":"category","embeddable":true,"href":"https:\/\/tsukianimes.com.br\/index.php\/wp-json\/wp\/v2\/categories?post=1423"},{"taxonomy":"post_tag","embeddable":true,"href":"https:\/\/tsukianimes.com.br\/index.php\/wp-json\/wp\/v2\/tags?post=1423"}],"curies":[{"name":"wp","href":"https:\/\/api.w.org\/{rel}","templated":true}]}}