{"id":1407,"date":"2024-11-05T22:32:08","date_gmt":"2024-11-06T01:32:08","guid":{"rendered":"https:\/\/tsukianimes.com.br\/?p=1407"},"modified":"2024-11-05T22:32:08","modified_gmt":"2024-11-06T01:32:08","slug":"2o-festival-do-kimchi-tera-muito-k-pop-k-drama-e-programacao-cultural","status":"publish","type":"post","link":"https:\/\/tsukianimes.com.br\/index.php\/2024\/11\/05\/2o-festival-do-kimchi-tera-muito-k-pop-k-drama-e-programacao-cultural\/","title":{"rendered":"2\u00ba Festival do Kimchi ter\u00e1 muito K-Pop, K-Drama e programa\u00e7\u00e3o cultural"},"content":{"rendered":"<p>Dia 23 de novembro ser\u00e3o realizados <strong>2\u00ba Festival do Kimchi<\/strong>\u00a0e a\u00a0<strong>Comemora\u00e7\u00e3o do Dia Internacional do K-Drama<\/strong>, das 10h \u00e0s 18h, na Pra\u00e7a Coronel Fernando Prestes, no Bom Retiro, no centro de S\u00e3o Paulo.\u00a0O Dia do Kimchi foi institu\u00eddo pelo Projeto de Lei n 443\/22 de autoria do <a href=\"https:\/\/www.instagram.com\/festivaldokimchi\/p\/Cz7l-MYN-TO\/?img_index=1\" target=\"_blank\" rel=\"noopener\">vereador Aur\u00e9lio Nomura<\/a> e 22 de novembro marca a sua data no calend\u00e1rio oficial da cidade de S\u00e3o Paulo.<\/p>\n<p>Al\u00e9m conferir a hist\u00f3ria e uma exposi\u00e7\u00e3o sobre o Kimchi, prato mais famoso da gastronomia sul-coreana, o p\u00fablico ir\u00e1 conferir muita m\u00fasica e dan\u00e7a e saborear comidas t\u00edpicas na feira gastron\u00f4mica.<\/p>\n<p>Na programa\u00e7\u00e3o, apresenta\u00e7\u00f5es de Grupos Musicais, de Dan\u00e7a Tradicional Coreana e de v\u00e1rios Grupos de K-Pop Cover, al\u00e9m de debates e muito conte\u00fado sobre K-Drama, oficinas e v\u00e1rias atividades para promover uma imers\u00e3o dos visitantes na cultura sul-coreana.<\/p>\n<p><strong>\u00a0<\/strong><strong>2\u00ba FESTIVAL DO KIMCHI E DIA INTERNACIONAL DO K-DRAMA<\/strong><\/p>\n<p><strong>Data: <\/strong>23 de novembro<\/p>\n<p><strong>Hor\u00e1rio: <\/strong>das 10h \u00e0s 18h<\/p>\n<p><strong>Local: <\/strong>Pra\u00e7a Coronel Fernando Prestes s\/n &#8211; Pra\u00e7a Tiradentes &#8211; Bom Retiro \u2013 Centro \u2013 SP<\/p>\n<p><strong>EVENTO GRATUITO<\/strong><\/p>\n<p><strong>Mais em Sociedade<\/strong><\/p>\n<p><a href=\"https:\/\/tsukianimes.com.br\/index.php\/2024\/10\/26\/japan-house-promove-semana-voltada-para-programas-de-estudos-no-japao\/\" target=\"_blank\" rel=\"noopener\">Japan House promove semana voltada para programas de estudos no Jap\u00e3o<\/a><\/p>\n","protected":false},"excerpt":{"rendered":"<p>Dia 23 de novembro ser\u00e3o realizados 2\u00ba Festival do Kimchi\u00a0e a\u00a0Comemora\u00e7\u00e3o do Dia Internacional do K-Drama, das 10h \u00e0s 18h, na Pra\u00e7a Coronel Fernando Prestes, no Bom Retiro, no centro de S\u00e3o Paulo.\u00a0O Dia do Kimchi foi institu\u00eddo pelo Projeto de Lei n 443\/22 de autoria do vereador Aur\u00e9lio Nomura e 22 de novembro marca &hellip; <\/p>\n","protected":false},"author":1,"featured_media":1409,"comment_status":"open","ping_status":"open","sticky":false,"template":"","format":"standard","meta":{"om_disable_all_campaigns":false,"_monsterinsights_skip_tracking":false,"_monsterinsights_sitenote_active":false,"_monsterinsights_sitenote_note":"","_monsterinsights_sitenote_category":0,"_uf_show_specific_survey":0,"_uf_disable_surveys":false,"footnotes":""},"categories":[103],"tags":[228,225],"class_list":["post-1407","post","type-post","status-publish","format-standard","has-post-thumbnail","hentry","category-sociedade","tag-kimchi","tag-sociedade","latest_post"],"yoast_head":"<!-- This site is optimized with the Yoast SEO plugin v27.4 - https:\/\/yoast.com\/product\/yoast-seo-wordpress\/ -->\n<title>2\u00ba Festival do Kimchi ter\u00e1 uma abrangente programa\u00e7\u00e3o cultural<\/title>\n<meta name=\"description\" content=\"Dia 23 de novembro ser\u00e3o realizados 2\u00ba Festival do Kimchi\u00a0e a\u00a0Comemora\u00e7\u00e3o do Dia Internacional do K-Drama, das 10h \u00e0s 18h.\" \/>\n<meta name=\"robots\" content=\"index, follow, max-snippet:-1, max-image-preview:large, max-video-preview:-1\" \/>\n<link rel=\"canonical\" href=\"https:\/\/tsukianimes.com.br\/index.php\/2024\/11\/05\/2o-festival-do-kimchi-tera-muito-k-pop-k-drama-e-programacao-cultural\/\" \/>\n<meta property=\"og:locale\" content=\"pt_BR\" \/>\n<meta property=\"og:type\" content=\"article\" \/>\n<meta property=\"og:title\" content=\"2\u00ba Festival do Kimchi ter\u00e1 muito K-Pop, K-Drama e programa\u00e7\u00e3o cultural\" \/>\n<meta property=\"og:description\" content=\"Leia mais...\" \/>\n<meta property=\"og:url\" content=\"https:\/\/tsukianimes.com.br\/index.php\/2024\/11\/05\/2o-festival-do-kimchi-tera-muito-k-pop-k-drama-e-programacao-cultural\/\" \/>\n<meta property=\"og:site_name\" content=\"Tsuki Animes\" \/>\n<meta property=\"article:published_time\" content=\"2024-11-06T01:32:08+00:00\" \/>\n<meta property=\"og:image\" content=\"https:\/\/tsukianimes.com.br\/wp-content\/uploads\/2024\/11\/kimchi.jpg\" \/>\n\t<meta property=\"og:image:width\" content=\"300\" \/>\n\t<meta property=\"og:image:height\" content=\"424\" \/>\n\t<meta property=\"og:image:type\" content=\"image\/jpeg\" \/>\n<meta name=\"author\" content=\"tsukianimes.com.br\" \/>\n<meta name=\"twitter:card\" content=\"summary_large_image\" \/>\n<meta name=\"twitter:label1\" content=\"Escrito por\" \/>\n\t<meta name=\"twitter:data1\" content=\"tsukianimes.com.br\" \/>\n\t<meta name=\"twitter:label2\" content=\"Est. tempo de leitura\" \/>\n\t<meta name=\"twitter:data2\" content=\"2 minutos\" \/>\n<script type=\"application\/ld+json\" class=\"yoast-schema-graph\">{\"@context\":\"https:\\\/\\\/schema.org\",\"@graph\":[{\"@type\":\"Article\",\"@id\":\"https:\\\/\\\/tsukianimes.com.br\\\/index.php\\\/2024\\\/11\\\/05\\\/2o-festival-do-kimchi-tera-muito-k-pop-k-drama-e-programacao-cultural\\\/#article\",\"isPartOf\":{\"@id\":\"https:\\\/\\\/tsukianimes.com.br\\\/index.php\\\/2024\\\/11\\\/05\\\/2o-festival-do-kimchi-tera-muito-k-pop-k-drama-e-programacao-cultural\\\/\"},\"author\":{\"name\":\"tsukianimes.com.br\",\"@id\":\"https:\\\/\\\/tsukianimes.com.br\\\/#\\\/schema\\\/person\\\/9e17947002e7239c44dbc8cf7674f0b1\"},\"headline\":\"2\u00ba Festival do Kimchi ter\u00e1 muito K-Pop, K-Drama e programa\u00e7\u00e3o cultural\",\"datePublished\":\"2024-11-06T01:32:08+00:00\",\"mainEntityOfPage\":{\"@id\":\"https:\\\/\\\/tsukianimes.com.br\\\/index.php\\\/2024\\\/11\\\/05\\\/2o-festival-do-kimchi-tera-muito-k-pop-k-drama-e-programacao-cultural\\\/\"},\"wordCount\":220,\"commentCount\":1,\"publisher\":{\"@id\":\"https:\\\/\\\/tsukianimes.com.br\\\/#organization\"},\"image\":{\"@id\":\"https:\\\/\\\/tsukianimes.com.br\\\/index.php\\\/2024\\\/11\\\/05\\\/2o-festival-do-kimchi-tera-muito-k-pop-k-drama-e-programacao-cultural\\\/#primaryimage\"},\"thumbnailUrl\":\"https:\\\/\\\/tsukianimes.com.br\\\/wp-content\\\/uploads\\\/2024\\\/11\\\/kimchi.jpg\",\"keywords\":[\"kimchi\",\"sociedade\"],\"articleSection\":[\"Sociedade\"],\"inLanguage\":\"pt-BR\",\"potentialAction\":[{\"@type\":\"CommentAction\",\"name\":\"Comment\",\"target\":[\"https:\\\/\\\/tsukianimes.com.br\\\/index.php\\\/2024\\\/11\\\/05\\\/2o-festival-do-kimchi-tera-muito-k-pop-k-drama-e-programacao-cultural\\\/#respond\"]}]},{\"@type\":\"WebPage\",\"@id\":\"https:\\\/\\\/tsukianimes.com.br\\\/index.php\\\/2024\\\/11\\\/05\\\/2o-festival-do-kimchi-tera-muito-k-pop-k-drama-e-programacao-cultural\\\/\",\"url\":\"https:\\\/\\\/tsukianimes.com.br\\\/index.php\\\/2024\\\/11\\\/05\\\/2o-festival-do-kimchi-tera-muito-k-pop-k-drama-e-programacao-cultural\\\/\",\"name\":\"2\u00ba Festival do Kimchi ter\u00e1 uma abrangente programa\u00e7\u00e3o cultural\",\"isPartOf\":{\"@id\":\"https:\\\/\\\/tsukianimes.com.br\\\/#website\"},\"primaryImageOfPage\":{\"@id\":\"https:\\\/\\\/tsukianimes.com.br\\\/index.php\\\/2024\\\/11\\\/05\\\/2o-festival-do-kimchi-tera-muito-k-pop-k-drama-e-programacao-cultural\\\/#primaryimage\"},\"image\":{\"@id\":\"https:\\\/\\\/tsukianimes.com.br\\\/index.php\\\/2024\\\/11\\\/05\\\/2o-festival-do-kimchi-tera-muito-k-pop-k-drama-e-programacao-cultural\\\/#primaryimage\"},\"thumbnailUrl\":\"https:\\\/\\\/tsukianimes.com.br\\\/wp-content\\\/uploads\\\/2024\\\/11\\\/kimchi.jpg\",\"datePublished\":\"2024-11-06T01:32:08+00:00\",\"description\":\"Dia 23 de novembro ser\u00e3o realizados 2\u00ba Festival do Kimchi\u00a0e a\u00a0Comemora\u00e7\u00e3o do Dia Internacional do K-Drama, das 10h \u00e0s 18h.\",\"breadcrumb\":{\"@id\":\"https:\\\/\\\/tsukianimes.com.br\\\/index.php\\\/2024\\\/11\\\/05\\\/2o-festival-do-kimchi-tera-muito-k-pop-k-drama-e-programacao-cultural\\\/#breadcrumb\"},\"inLanguage\":\"pt-BR\",\"potentialAction\":[{\"@type\":\"ReadAction\",\"target\":[\"https:\\\/\\\/tsukianimes.com.br\\\/index.php\\\/2024\\\/11\\\/05\\\/2o-festival-do-kimchi-tera-muito-k-pop-k-drama-e-programacao-cultural\\\/\"]}]},{\"@type\":\"ImageObject\",\"inLanguage\":\"pt-BR\",\"@id\":\"https:\\\/\\\/tsukianimes.com.br\\\/index.php\\\/2024\\\/11\\\/05\\\/2o-festival-do-kimchi-tera-muito-k-pop-k-drama-e-programacao-cultural\\\/#primaryimage\",\"url\":\"https:\\\/\\\/tsukianimes.com.br\\\/wp-content\\\/uploads\\\/2024\\\/11\\\/kimchi.jpg\",\"contentUrl\":\"https:\\\/\\\/tsukianimes.com.br\\\/wp-content\\\/uploads\\\/2024\\\/11\\\/kimchi.jpg\",\"width\":300,\"height\":424,\"caption\":\"Segundo Festival de Kimchi\"},{\"@type\":\"BreadcrumbList\",\"@id\":\"https:\\\/\\\/tsukianimes.com.br\\\/index.php\\\/2024\\\/11\\\/05\\\/2o-festival-do-kimchi-tera-muito-k-pop-k-drama-e-programacao-cultural\\\/#breadcrumb\",\"itemListElement\":[{\"@type\":\"ListItem\",\"position\":1,\"name\":\"In\u00edcio\",\"item\":\"https:\\\/\\\/tsukianimes.com.br\\\/\"},{\"@type\":\"ListItem\",\"position\":2,\"name\":\"2\u00ba Festival do Kimchi ter\u00e1 muito K-Pop, K-Drama e programa\u00e7\u00e3o cultural\"}]},{\"@type\":\"WebSite\",\"@id\":\"https:\\\/\\\/tsukianimes.com.br\\\/#website\",\"url\":\"https:\\\/\\\/tsukianimes.com.br\\\/\",\"name\":\"Tsuki Animes\",\"description\":\"\",\"publisher\":{\"@id\":\"https:\\\/\\\/tsukianimes.com.br\\\/#organization\"},\"potentialAction\":[{\"@type\":\"SearchAction\",\"target\":{\"@type\":\"EntryPoint\",\"urlTemplate\":\"https:\\\/\\\/tsukianimes.com.br\\\/?s={search_term_string}\"},\"query-input\":{\"@type\":\"PropertyValueSpecification\",\"valueRequired\":true,\"valueName\":\"search_term_string\"}}],\"inLanguage\":\"pt-BR\"},{\"@type\":\"Organization\",\"@id\":\"https:\\\/\\\/tsukianimes.com.br\\\/#organization\",\"name\":\"Tsuki Animes\",\"url\":\"https:\\\/\\\/tsukianimes.com.br\\\/\",\"logo\":{\"@type\":\"ImageObject\",\"inLanguage\":\"pt-BR\",\"@id\":\"https:\\\/\\\/tsukianimes.com.br\\\/#\\\/schema\\\/logo\\\/image\\\/\",\"url\":\"https:\\\/\\\/tsukianimes.com.br\\\/wp-content\\\/uploads\\\/2023\\\/06\\\/cropped-Ativo-4-1.png\",\"contentUrl\":\"https:\\\/\\\/tsukianimes.com.br\\\/wp-content\\\/uploads\\\/2023\\\/06\\\/cropped-Ativo-4-1.png\",\"width\":1314,\"height\":246,\"caption\":\"Tsuki Animes\"},\"image\":{\"@id\":\"https:\\\/\\\/tsukianimes.com.br\\\/#\\\/schema\\\/logo\\\/image\\\/\"}},{\"@type\":\"Person\",\"@id\":\"https:\\\/\\\/tsukianimes.com.br\\\/#\\\/schema\\\/person\\\/9e17947002e7239c44dbc8cf7674f0b1\",\"name\":\"tsukianimes.com.br\",\"image\":{\"@type\":\"ImageObject\",\"inLanguage\":\"pt-BR\",\"@id\":\"https:\\\/\\\/secure.gravatar.com\\\/avatar\\\/591a507b759fa000b57ae174373cfe3340385427fe67262e8cdd8072bc573b93?s=96&d=mm&r=g\",\"url\":\"https:\\\/\\\/secure.gravatar.com\\\/avatar\\\/591a507b759fa000b57ae174373cfe3340385427fe67262e8cdd8072bc573b93?s=96&d=mm&r=g\",\"contentUrl\":\"https:\\\/\\\/secure.gravatar.com\\\/avatar\\\/591a507b759fa000b57ae174373cfe3340385427fe67262e8cdd8072bc573b93?s=96&d=mm&r=g\",\"caption\":\"tsukianimes.com.br\"},\"sameAs\":[\"http:\\\/\\\/tsukianimes.com.br\"],\"url\":\"https:\\\/\\\/tsukianimes.com.br\\\/index.php\\\/author\\\/tsukianimes-com-br\\\/\"}]}<\/script>\n<!-- \/ Yoast SEO plugin. -->","yoast_head_json":{"title":"2\u00ba Festival do Kimchi ter\u00e1 uma abrangente programa\u00e7\u00e3o cultural","description":"Dia 23 de novembro ser\u00e3o realizados 2\u00ba Festival do Kimchi\u00a0e a\u00a0Comemora\u00e7\u00e3o do Dia Internacional do K-Drama, das 10h \u00e0s 18h.","robots":{"index":"index","follow":"follow","max-snippet":"max-snippet:-1","max-image-preview":"max-image-preview:large","max-video-preview":"max-video-preview:-1"},"canonical":"https:\/\/tsukianimes.com.br\/index.php\/2024\/11\/05\/2o-festival-do-kimchi-tera-muito-k-pop-k-drama-e-programacao-cultural\/","og_locale":"pt_BR","og_type":"article","og_title":"2\u00ba Festival do Kimchi ter\u00e1 muito K-Pop, K-Drama e programa\u00e7\u00e3o cultural","og_description":"Leia mais...","og_url":"https:\/\/tsukianimes.com.br\/index.php\/2024\/11\/05\/2o-festival-do-kimchi-tera-muito-k-pop-k-drama-e-programacao-cultural\/","og_site_name":"Tsuki Animes","article_published_time":"2024-11-06T01:32:08+00:00","og_image":[{"width":300,"height":424,"url":"https:\/\/tsukianimes.com.br\/wp-content\/uploads\/2024\/11\/kimchi.jpg","type":"image\/jpeg"}],"author":"tsukianimes.com.br","twitter_card":"summary_large_image","twitter_misc":{"Escrito por":"tsukianimes.com.br","Est. tempo de leitura":"2 minutos"},"schema":{"@context":"https:\/\/schema.org","@graph":[{"@type":"Article","@id":"https:\/\/tsukianimes.com.br\/index.php\/2024\/11\/05\/2o-festival-do-kimchi-tera-muito-k-pop-k-drama-e-programacao-cultural\/#article","isPartOf":{"@id":"https:\/\/tsukianimes.com.br\/index.php\/2024\/11\/05\/2o-festival-do-kimchi-tera-muito-k-pop-k-drama-e-programacao-cultural\/"},"author":{"name":"tsukianimes.com.br","@id":"https:\/\/tsukianimes.com.br\/#\/schema\/person\/9e17947002e7239c44dbc8cf7674f0b1"},"headline":"2\u00ba Festival do Kimchi ter\u00e1 muito K-Pop, K-Drama e programa\u00e7\u00e3o cultural","datePublished":"2024-11-06T01:32:08+00:00","mainEntityOfPage":{"@id":"https:\/\/tsukianimes.com.br\/index.php\/2024\/11\/05\/2o-festival-do-kimchi-tera-muito-k-pop-k-drama-e-programacao-cultural\/"},"wordCount":220,"commentCount":1,"publisher":{"@id":"https:\/\/tsukianimes.com.br\/#organization"},"image":{"@id":"https:\/\/tsukianimes.com.br\/index.php\/2024\/11\/05\/2o-festival-do-kimchi-tera-muito-k-pop-k-drama-e-programacao-cultural\/#primaryimage"},"thumbnailUrl":"https:\/\/tsukianimes.com.br\/wp-content\/uploads\/2024\/11\/kimchi.jpg","keywords":["kimchi","sociedade"],"articleSection":["Sociedade"],"inLanguage":"pt-BR","potentialAction":[{"@type":"CommentAction","name":"Comment","target":["https:\/\/tsukianimes.com.br\/index.php\/2024\/11\/05\/2o-festival-do-kimchi-tera-muito-k-pop-k-drama-e-programacao-cultural\/#respond"]}]},{"@type":"WebPage","@id":"https:\/\/tsukianimes.com.br\/index.php\/2024\/11\/05\/2o-festival-do-kimchi-tera-muito-k-pop-k-drama-e-programacao-cultural\/","url":"https:\/\/tsukianimes.com.br\/index.php\/2024\/11\/05\/2o-festival-do-kimchi-tera-muito-k-pop-k-drama-e-programacao-cultural\/","name":"2\u00ba Festival do Kimchi ter\u00e1 uma abrangente programa\u00e7\u00e3o cultural","isPartOf":{"@id":"https:\/\/tsukianimes.com.br\/#website"},"primaryImageOfPage":{"@id":"https:\/\/tsukianimes.com.br\/index.php\/2024\/11\/05\/2o-festival-do-kimchi-tera-muito-k-pop-k-drama-e-programacao-cultural\/#primaryimage"},"image":{"@id":"https:\/\/tsukianimes.com.br\/index.php\/2024\/11\/05\/2o-festival-do-kimchi-tera-muito-k-pop-k-drama-e-programacao-cultural\/#primaryimage"},"thumbnailUrl":"https:\/\/tsukianimes.com.br\/wp-content\/uploads\/2024\/11\/kimchi.jpg","datePublished":"2024-11-06T01:32:08+00:00","description":"Dia 23 de novembro ser\u00e3o realizados 2\u00ba Festival do Kimchi\u00a0e a\u00a0Comemora\u00e7\u00e3o do Dia Internacional do K-Drama, das 10h \u00e0s 18h.","breadcrumb":{"@id":"https:\/\/tsukianimes.com.br\/index.php\/2024\/11\/05\/2o-festival-do-kimchi-tera-muito-k-pop-k-drama-e-programacao-cultural\/#breadcrumb"},"inLanguage":"pt-BR","potentialAction":[{"@type":"ReadAction","target":["https:\/\/tsukianimes.com.br\/index.php\/2024\/11\/05\/2o-festival-do-kimchi-tera-muito-k-pop-k-drama-e-programacao-cultural\/"]}]},{"@type":"ImageObject","inLanguage":"pt-BR","@id":"https:\/\/tsukianimes.com.br\/index.php\/2024\/11\/05\/2o-festival-do-kimchi-tera-muito-k-pop-k-drama-e-programacao-cultural\/#primaryimage","url":"https:\/\/tsukianimes.com.br\/wp-content\/uploads\/2024\/11\/kimchi.jpg","contentUrl":"https:\/\/tsukianimes.com.br\/wp-content\/uploads\/2024\/11\/kimchi.jpg","width":300,"height":424,"caption":"Segundo Festival de Kimchi"},{"@type":"BreadcrumbList","@id":"https:\/\/tsukianimes.com.br\/index.php\/2024\/11\/05\/2o-festival-do-kimchi-tera-muito-k-pop-k-drama-e-programacao-cultural\/#breadcrumb","itemListElement":[{"@type":"ListItem","position":1,"name":"In\u00edcio","item":"https:\/\/tsukianimes.com.br\/"},{"@type":"ListItem","position":2,"name":"2\u00ba Festival do Kimchi ter\u00e1 muito K-Pop, K-Drama e programa\u00e7\u00e3o cultural"}]},{"@type":"WebSite","@id":"https:\/\/tsukianimes.com.br\/#website","url":"https:\/\/tsukianimes.com.br\/","name":"Tsuki Animes","description":"","publisher":{"@id":"https:\/\/tsukianimes.com.br\/#organization"},"potentialAction":[{"@type":"SearchAction","target":{"@type":"EntryPoint","urlTemplate":"https:\/\/tsukianimes.com.br\/?s={search_term_string}"},"query-input":{"@type":"PropertyValueSpecification","valueRequired":true,"valueName":"search_term_string"}}],"inLanguage":"pt-BR"},{"@type":"Organization","@id":"https:\/\/tsukianimes.com.br\/#organization","name":"Tsuki Animes","url":"https:\/\/tsukianimes.com.br\/","logo":{"@type":"ImageObject","inLanguage":"pt-BR","@id":"https:\/\/tsukianimes.com.br\/#\/schema\/logo\/image\/","url":"https:\/\/tsukianimes.com.br\/wp-content\/uploads\/2023\/06\/cropped-Ativo-4-1.png","contentUrl":"https:\/\/tsukianimes.com.br\/wp-content\/uploads\/2023\/06\/cropped-Ativo-4-1.png","width":1314,"height":246,"caption":"Tsuki Animes"},"image":{"@id":"https:\/\/tsukianimes.com.br\/#\/schema\/logo\/image\/"}},{"@type":"Person","@id":"https:\/\/tsukianimes.com.br\/#\/schema\/person\/9e17947002e7239c44dbc8cf7674f0b1","name":"tsukianimes.com.br","image":{"@type":"ImageObject","inLanguage":"pt-BR","@id":"https:\/\/secure.gravatar.com\/avatar\/591a507b759fa000b57ae174373cfe3340385427fe67262e8cdd8072bc573b93?s=96&d=mm&r=g","url":"https:\/\/secure.gravatar.com\/avatar\/591a507b759fa000b57ae174373cfe3340385427fe67262e8cdd8072bc573b93?s=96&d=mm&r=g","contentUrl":"https:\/\/secure.gravatar.com\/avatar\/591a507b759fa000b57ae174373cfe3340385427fe67262e8cdd8072bc573b93?s=96&d=mm&r=g","caption":"tsukianimes.com.br"},"sameAs":["http:\/\/tsukianimes.com.br"],"url":"https:\/\/tsukianimes.com.br\/index.php\/author\/tsukianimes-com-br\/"}]}},"amp_enabled":true,"_links":{"self":[{"href":"https:\/\/tsukianimes.com.br\/index.php\/wp-json\/wp\/v2\/posts\/1407","targetHints":{"allow":["GET"]}}],"collection":[{"href":"https:\/\/tsukianimes.com.br\/index.php\/wp-json\/wp\/v2\/posts"}],"about":[{"href":"https:\/\/tsukianimes.com.br\/index.php\/wp-json\/wp\/v2\/types\/post"}],"author":[{"embeddable":true,"href":"https:\/\/tsukianimes.com.br\/index.php\/wp-json\/wp\/v2\/users\/1"}],"replies":[{"embeddable":true,"href":"https:\/\/tsukianimes.com.br\/index.php\/wp-json\/wp\/v2\/comments?post=1407"}],"version-history":[{"count":2,"href":"https:\/\/tsukianimes.com.br\/index.php\/wp-json\/wp\/v2\/posts\/1407\/revisions"}],"predecessor-version":[{"id":1410,"href":"https:\/\/tsukianimes.com.br\/index.php\/wp-json\/wp\/v2\/posts\/1407\/revisions\/1410"}],"wp:featuredmedia":[{"embeddable":true,"href":"https:\/\/tsukianimes.com.br\/index.php\/wp-json\/wp\/v2\/media\/1409"}],"wp:attachment":[{"href":"https:\/\/tsukianimes.com.br\/index.php\/wp-json\/wp\/v2\/media?parent=1407"}],"wp:term":[{"taxonomy":"category","embeddable":true,"href":"https:\/\/tsukianimes.com.br\/index.php\/wp-json\/wp\/v2\/categories?post=1407"},{"taxonomy":"post_tag","embeddable":true,"href":"https:\/\/tsukianimes.com.br\/index.php\/wp-json\/wp\/v2\/tags?post=1407"}],"curies":[{"name":"wp","href":"https:\/\/api.w.org\/{rel}","templated":true}]}}