{"id":1282,"date":"2024-08-02T23:04:50","date_gmt":"2024-08-03T02:04:50","guid":{"rendered":"https:\/\/tsukianimes.com.br\/?p=1282"},"modified":"2024-08-02T23:04:50","modified_gmt":"2024-08-03T02:04:50","slug":"manga-de-frieren-volta-a-ser-publicado-em-agosto","status":"publish","type":"post","link":"https:\/\/tsukianimes.com.br\/index.php\/2024\/08\/02\/manga-de-frieren-volta-a-ser-publicado-em-agosto\/","title":{"rendered":"Mang\u00e1 de Frieren volta a ser publicado em agosto"},"content":{"rendered":"<p>O mang\u00e1 de &#8220;Frieren e a Jornada para o Al\u00e9m&#8221; voltar\u00e1 a ser publicado no dia 7 de agosto. A data foi revelada nas redes sociais da obra, que estava paralisada desde maio.<\/p>\n<h2>Sobre Frieren<\/h2>\n<p><span style=\"font-weight: 400;\">Frieren e a Jornada para o Al\u00e9m \u00e9 um mang\u00e1 de aventura, drama e fantasia escrito por Kanehito Yamada e ilustrado por Tsukasa Abe desde 2020. A obra \u00e9 publicada na Weekly Sh\u014dnen Sunday, da editora Shogakukan. Seus cap\u00edtulos j\u00e1 foram compilados em 13 volumes. No Brasil, o mang\u00e1 \u00e9 publicado pela <a href=\"https:\/\/panini.com.br\/frieren-e-a-jornada-para-o-alem-vol-1-asfri001r\" target=\"_blank\" rel=\"noopener\">Panini<\/a>.<\/span><\/p>\n<p><span style=\"font-weight: 400;\">Em 2023, a obra recebeu uma adapta\u00e7\u00e3o em anime do est\u00fadio Madhouse. A primeira temporada teve 28 epis\u00f3dios e foi transmitida pela Crunchyroll, com exce\u00e7\u00e3o do Sudeste Asi\u00e1tico. O anime teve dire\u00e7\u00e3o de Keiichir\u014d Sait\u014d, roteiro de Tomohiro Suzuki, e trilha sonora de Evan Call.<\/span><\/p>\n<p><em>Foto: Divulga\u00e7\u00e3o\/ X oficial Frieren.<\/em><\/p>\n<p><strong>Mais em Mang\u00e1s<\/strong><\/p>\n<p><a href=\"https:\/\/tsukianimes.com.br\/index.php\/2024\/07\/17\/manhwa-de-solo-leveling-ganha-continuacao-a-partir-de-agosto\/\" target=\"_blank\" rel=\"noopener\">Manhwa de Solo Leveling ganha continua\u00e7\u00e3o a partir de agosto<\/a><\/p>\n","protected":false},"excerpt":{"rendered":"<p>O mang\u00e1 de &#8220;Frieren e a Jornada para o Al\u00e9m&#8221; voltar\u00e1 a ser publicado no dia 7 de agosto. A data foi revelada nas redes sociais da obra, que estava paralisada desde maio. Sobre Frieren Frieren e a Jornada para o Al\u00e9m \u00e9 um mang\u00e1 de aventura, drama e fantasia escrito por Kanehito Yamada e &hellip; <\/p>\n","protected":false},"author":1,"featured_media":1027,"comment_status":"open","ping_status":"open","sticky":false,"template":"","format":"standard","meta":{"om_disable_all_campaigns":false,"_monsterinsights_skip_tracking":false,"_monsterinsights_sitenote_active":false,"_monsterinsights_sitenote_note":"","_monsterinsights_sitenote_category":0,"_uf_show_specific_survey":0,"_uf_disable_surveys":false,"footnotes":""},"categories":[5],"tags":[60,6],"class_list":["post-1282","post","type-post","status-publish","format-standard","has-post-thumbnail","hentry","category-mangas","tag-frieren","tag-mangas","latest_post"],"yoast_head":"<!-- This site is optimized with the Yoast SEO plugin v27.4 - https:\/\/yoast.com\/product\/yoast-seo-wordpress\/ -->\n<title>Mang\u00e1 de Frieren volta a ser publicado em agosto - Tsuki Animes<\/title>\n<meta name=\"description\" content=\"O mang\u00e1 de &quot;Frieren e a Jornada para o Al\u00e9m&quot; voltar\u00e1 a ser publicado no dia 7 de agosto. A data foi revelada nas redes sociais da obra.\" \/>\n<meta name=\"robots\" content=\"index, follow, max-snippet:-1, max-image-preview:large, max-video-preview:-1\" \/>\n<link rel=\"canonical\" href=\"https:\/\/tsukianimes.com.br\/index.php\/2024\/08\/02\/manga-de-frieren-volta-a-ser-publicado-em-agosto\/\" \/>\n<meta property=\"og:locale\" content=\"pt_BR\" \/>\n<meta property=\"og:type\" content=\"article\" \/>\n<meta property=\"og:title\" content=\"Mang\u00e1 de Frieren volta a ser publicado em agosto - Tsuki Animes\" \/>\n<meta property=\"og:description\" content=\"O mang\u00e1 de &quot;Frieren e a Jornada para o Al\u00e9m&quot; voltar\u00e1 a ser publicado no dia 7 de agosto. A data foi revelada nas redes sociais da obra.\" \/>\n<meta property=\"og:url\" content=\"https:\/\/tsukianimes.com.br\/index.php\/2024\/08\/02\/manga-de-frieren-volta-a-ser-publicado-em-agosto\/\" \/>\n<meta property=\"og:site_name\" content=\"Tsuki Animes\" \/>\n<meta property=\"article:published_time\" content=\"2024-08-03T02:04:50+00:00\" \/>\n<meta property=\"og:image\" content=\"https:\/\/tsukianimes.com.br\/wp-content\/uploads\/2024\/02\/frieren2.jpeg\" \/>\n\t<meta property=\"og:image:width\" content=\"1920\" \/>\n\t<meta property=\"og:image:height\" content=\"1080\" \/>\n\t<meta property=\"og:image:type\" content=\"image\/jpeg\" \/>\n<meta name=\"author\" content=\"tsukianimes.com.br\" \/>\n<meta name=\"twitter:card\" content=\"summary_large_image\" \/>\n<meta name=\"twitter:label1\" content=\"Escrito por\" \/>\n\t<meta name=\"twitter:data1\" content=\"tsukianimes.com.br\" \/>\n\t<meta name=\"twitter:label2\" content=\"Est. tempo de leitura\" \/>\n\t<meta name=\"twitter:data2\" content=\"2 minutos\" \/>\n<script type=\"application\/ld+json\" class=\"yoast-schema-graph\">{\"@context\":\"https:\\\/\\\/schema.org\",\"@graph\":[{\"@type\":\"Article\",\"@id\":\"https:\\\/\\\/tsukianimes.com.br\\\/index.php\\\/2024\\\/08\\\/02\\\/manga-de-frieren-volta-a-ser-publicado-em-agosto\\\/#article\",\"isPartOf\":{\"@id\":\"https:\\\/\\\/tsukianimes.com.br\\\/index.php\\\/2024\\\/08\\\/02\\\/manga-de-frieren-volta-a-ser-publicado-em-agosto\\\/\"},\"author\":{\"name\":\"tsukianimes.com.br\",\"@id\":\"https:\\\/\\\/tsukianimes.com.br\\\/#\\\/schema\\\/person\\\/9e17947002e7239c44dbc8cf7674f0b1\"},\"headline\":\"Mang\u00e1 de Frieren volta a ser publicado em agosto\",\"datePublished\":\"2024-08-03T02:04:50+00:00\",\"mainEntityOfPage\":{\"@id\":\"https:\\\/\\\/tsukianimes.com.br\\\/index.php\\\/2024\\\/08\\\/02\\\/manga-de-frieren-volta-a-ser-publicado-em-agosto\\\/\"},\"wordCount\":165,\"commentCount\":0,\"publisher\":{\"@id\":\"https:\\\/\\\/tsukianimes.com.br\\\/#organization\"},\"image\":{\"@id\":\"https:\\\/\\\/tsukianimes.com.br\\\/index.php\\\/2024\\\/08\\\/02\\\/manga-de-frieren-volta-a-ser-publicado-em-agosto\\\/#primaryimage\"},\"thumbnailUrl\":\"https:\\\/\\\/tsukianimes.com.br\\\/wp-content\\\/uploads\\\/2024\\\/02\\\/frieren2.jpeg\",\"keywords\":[\"frieren\",\"mang\u00e1s\"],\"articleSection\":[\"Mang\u00e1s\"],\"inLanguage\":\"pt-BR\",\"potentialAction\":[{\"@type\":\"CommentAction\",\"name\":\"Comment\",\"target\":[\"https:\\\/\\\/tsukianimes.com.br\\\/index.php\\\/2024\\\/08\\\/02\\\/manga-de-frieren-volta-a-ser-publicado-em-agosto\\\/#respond\"]}]},{\"@type\":\"WebPage\",\"@id\":\"https:\\\/\\\/tsukianimes.com.br\\\/index.php\\\/2024\\\/08\\\/02\\\/manga-de-frieren-volta-a-ser-publicado-em-agosto\\\/\",\"url\":\"https:\\\/\\\/tsukianimes.com.br\\\/index.php\\\/2024\\\/08\\\/02\\\/manga-de-frieren-volta-a-ser-publicado-em-agosto\\\/\",\"name\":\"Mang\u00e1 de Frieren volta a ser publicado em agosto - Tsuki Animes\",\"isPartOf\":{\"@id\":\"https:\\\/\\\/tsukianimes.com.br\\\/#website\"},\"primaryImageOfPage\":{\"@id\":\"https:\\\/\\\/tsukianimes.com.br\\\/index.php\\\/2024\\\/08\\\/02\\\/manga-de-frieren-volta-a-ser-publicado-em-agosto\\\/#primaryimage\"},\"image\":{\"@id\":\"https:\\\/\\\/tsukianimes.com.br\\\/index.php\\\/2024\\\/08\\\/02\\\/manga-de-frieren-volta-a-ser-publicado-em-agosto\\\/#primaryimage\"},\"thumbnailUrl\":\"https:\\\/\\\/tsukianimes.com.br\\\/wp-content\\\/uploads\\\/2024\\\/02\\\/frieren2.jpeg\",\"datePublished\":\"2024-08-03T02:04:50+00:00\",\"description\":\"O mang\u00e1 de \\\"Frieren e a Jornada para o Al\u00e9m\\\" voltar\u00e1 a ser publicado no dia 7 de agosto. A data foi revelada nas redes sociais da obra.\",\"breadcrumb\":{\"@id\":\"https:\\\/\\\/tsukianimes.com.br\\\/index.php\\\/2024\\\/08\\\/02\\\/manga-de-frieren-volta-a-ser-publicado-em-agosto\\\/#breadcrumb\"},\"inLanguage\":\"pt-BR\",\"potentialAction\":[{\"@type\":\"ReadAction\",\"target\":[\"https:\\\/\\\/tsukianimes.com.br\\\/index.php\\\/2024\\\/08\\\/02\\\/manga-de-frieren-volta-a-ser-publicado-em-agosto\\\/\"]}]},{\"@type\":\"ImageObject\",\"inLanguage\":\"pt-BR\",\"@id\":\"https:\\\/\\\/tsukianimes.com.br\\\/index.php\\\/2024\\\/08\\\/02\\\/manga-de-frieren-volta-a-ser-publicado-em-agosto\\\/#primaryimage\",\"url\":\"https:\\\/\\\/tsukianimes.com.br\\\/wp-content\\\/uploads\\\/2024\\\/02\\\/frieren2.jpeg\",\"contentUrl\":\"https:\\\/\\\/tsukianimes.com.br\\\/wp-content\\\/uploads\\\/2024\\\/02\\\/frieren2.jpeg\",\"width\":1920,\"height\":1080},{\"@type\":\"BreadcrumbList\",\"@id\":\"https:\\\/\\\/tsukianimes.com.br\\\/index.php\\\/2024\\\/08\\\/02\\\/manga-de-frieren-volta-a-ser-publicado-em-agosto\\\/#breadcrumb\",\"itemListElement\":[{\"@type\":\"ListItem\",\"position\":1,\"name\":\"In\u00edcio\",\"item\":\"https:\\\/\\\/tsukianimes.com.br\\\/\"},{\"@type\":\"ListItem\",\"position\":2,\"name\":\"Mang\u00e1 de Frieren volta a ser publicado em agosto\"}]},{\"@type\":\"WebSite\",\"@id\":\"https:\\\/\\\/tsukianimes.com.br\\\/#website\",\"url\":\"https:\\\/\\\/tsukianimes.com.br\\\/\",\"name\":\"Tsuki Animes\",\"description\":\"\",\"publisher\":{\"@id\":\"https:\\\/\\\/tsukianimes.com.br\\\/#organization\"},\"potentialAction\":[{\"@type\":\"SearchAction\",\"target\":{\"@type\":\"EntryPoint\",\"urlTemplate\":\"https:\\\/\\\/tsukianimes.com.br\\\/?s={search_term_string}\"},\"query-input\":{\"@type\":\"PropertyValueSpecification\",\"valueRequired\":true,\"valueName\":\"search_term_string\"}}],\"inLanguage\":\"pt-BR\"},{\"@type\":\"Organization\",\"@id\":\"https:\\\/\\\/tsukianimes.com.br\\\/#organization\",\"name\":\"Tsuki Animes\",\"url\":\"https:\\\/\\\/tsukianimes.com.br\\\/\",\"logo\":{\"@type\":\"ImageObject\",\"inLanguage\":\"pt-BR\",\"@id\":\"https:\\\/\\\/tsukianimes.com.br\\\/#\\\/schema\\\/logo\\\/image\\\/\",\"url\":\"https:\\\/\\\/tsukianimes.com.br\\\/wp-content\\\/uploads\\\/2023\\\/06\\\/cropped-Ativo-4-1.png\",\"contentUrl\":\"https:\\\/\\\/tsukianimes.com.br\\\/wp-content\\\/uploads\\\/2023\\\/06\\\/cropped-Ativo-4-1.png\",\"width\":1314,\"height\":246,\"caption\":\"Tsuki Animes\"},\"image\":{\"@id\":\"https:\\\/\\\/tsukianimes.com.br\\\/#\\\/schema\\\/logo\\\/image\\\/\"}},{\"@type\":\"Person\",\"@id\":\"https:\\\/\\\/tsukianimes.com.br\\\/#\\\/schema\\\/person\\\/9e17947002e7239c44dbc8cf7674f0b1\",\"name\":\"tsukianimes.com.br\",\"image\":{\"@type\":\"ImageObject\",\"inLanguage\":\"pt-BR\",\"@id\":\"https:\\\/\\\/secure.gravatar.com\\\/avatar\\\/591a507b759fa000b57ae174373cfe3340385427fe67262e8cdd8072bc573b93?s=96&d=mm&r=g\",\"url\":\"https:\\\/\\\/secure.gravatar.com\\\/avatar\\\/591a507b759fa000b57ae174373cfe3340385427fe67262e8cdd8072bc573b93?s=96&d=mm&r=g\",\"contentUrl\":\"https:\\\/\\\/secure.gravatar.com\\\/avatar\\\/591a507b759fa000b57ae174373cfe3340385427fe67262e8cdd8072bc573b93?s=96&d=mm&r=g\",\"caption\":\"tsukianimes.com.br\"},\"sameAs\":[\"http:\\\/\\\/tsukianimes.com.br\"],\"url\":\"https:\\\/\\\/tsukianimes.com.br\\\/index.php\\\/author\\\/tsukianimes-com-br\\\/\"}]}<\/script>\n<!-- \/ Yoast SEO plugin. -->","yoast_head_json":{"title":"Mang\u00e1 de Frieren volta a ser publicado em agosto - Tsuki Animes","description":"O mang\u00e1 de \"Frieren e a Jornada para o Al\u00e9m\" voltar\u00e1 a ser publicado no dia 7 de agosto. A data foi revelada nas redes sociais da obra.","robots":{"index":"index","follow":"follow","max-snippet":"max-snippet:-1","max-image-preview":"max-image-preview:large","max-video-preview":"max-video-preview:-1"},"canonical":"https:\/\/tsukianimes.com.br\/index.php\/2024\/08\/02\/manga-de-frieren-volta-a-ser-publicado-em-agosto\/","og_locale":"pt_BR","og_type":"article","og_title":"Mang\u00e1 de Frieren volta a ser publicado em agosto - Tsuki Animes","og_description":"O mang\u00e1 de \"Frieren e a Jornada para o Al\u00e9m\" voltar\u00e1 a ser publicado no dia 7 de agosto. A data foi revelada nas redes sociais da obra.","og_url":"https:\/\/tsukianimes.com.br\/index.php\/2024\/08\/02\/manga-de-frieren-volta-a-ser-publicado-em-agosto\/","og_site_name":"Tsuki Animes","article_published_time":"2024-08-03T02:04:50+00:00","og_image":[{"width":1920,"height":1080,"url":"https:\/\/tsukianimes.com.br\/wp-content\/uploads\/2024\/02\/frieren2.jpeg","type":"image\/jpeg"}],"author":"tsukianimes.com.br","twitter_card":"summary_large_image","twitter_misc":{"Escrito por":"tsukianimes.com.br","Est. tempo de leitura":"2 minutos"},"schema":{"@context":"https:\/\/schema.org","@graph":[{"@type":"Article","@id":"https:\/\/tsukianimes.com.br\/index.php\/2024\/08\/02\/manga-de-frieren-volta-a-ser-publicado-em-agosto\/#article","isPartOf":{"@id":"https:\/\/tsukianimes.com.br\/index.php\/2024\/08\/02\/manga-de-frieren-volta-a-ser-publicado-em-agosto\/"},"author":{"name":"tsukianimes.com.br","@id":"https:\/\/tsukianimes.com.br\/#\/schema\/person\/9e17947002e7239c44dbc8cf7674f0b1"},"headline":"Mang\u00e1 de Frieren volta a ser publicado em agosto","datePublished":"2024-08-03T02:04:50+00:00","mainEntityOfPage":{"@id":"https:\/\/tsukianimes.com.br\/index.php\/2024\/08\/02\/manga-de-frieren-volta-a-ser-publicado-em-agosto\/"},"wordCount":165,"commentCount":0,"publisher":{"@id":"https:\/\/tsukianimes.com.br\/#organization"},"image":{"@id":"https:\/\/tsukianimes.com.br\/index.php\/2024\/08\/02\/manga-de-frieren-volta-a-ser-publicado-em-agosto\/#primaryimage"},"thumbnailUrl":"https:\/\/tsukianimes.com.br\/wp-content\/uploads\/2024\/02\/frieren2.jpeg","keywords":["frieren","mang\u00e1s"],"articleSection":["Mang\u00e1s"],"inLanguage":"pt-BR","potentialAction":[{"@type":"CommentAction","name":"Comment","target":["https:\/\/tsukianimes.com.br\/index.php\/2024\/08\/02\/manga-de-frieren-volta-a-ser-publicado-em-agosto\/#respond"]}]},{"@type":"WebPage","@id":"https:\/\/tsukianimes.com.br\/index.php\/2024\/08\/02\/manga-de-frieren-volta-a-ser-publicado-em-agosto\/","url":"https:\/\/tsukianimes.com.br\/index.php\/2024\/08\/02\/manga-de-frieren-volta-a-ser-publicado-em-agosto\/","name":"Mang\u00e1 de Frieren volta a ser publicado em agosto - Tsuki Animes","isPartOf":{"@id":"https:\/\/tsukianimes.com.br\/#website"},"primaryImageOfPage":{"@id":"https:\/\/tsukianimes.com.br\/index.php\/2024\/08\/02\/manga-de-frieren-volta-a-ser-publicado-em-agosto\/#primaryimage"},"image":{"@id":"https:\/\/tsukianimes.com.br\/index.php\/2024\/08\/02\/manga-de-frieren-volta-a-ser-publicado-em-agosto\/#primaryimage"},"thumbnailUrl":"https:\/\/tsukianimes.com.br\/wp-content\/uploads\/2024\/02\/frieren2.jpeg","datePublished":"2024-08-03T02:04:50+00:00","description":"O mang\u00e1 de \"Frieren e a Jornada para o Al\u00e9m\" voltar\u00e1 a ser publicado no dia 7 de agosto. A data foi revelada nas redes sociais da obra.","breadcrumb":{"@id":"https:\/\/tsukianimes.com.br\/index.php\/2024\/08\/02\/manga-de-frieren-volta-a-ser-publicado-em-agosto\/#breadcrumb"},"inLanguage":"pt-BR","potentialAction":[{"@type":"ReadAction","target":["https:\/\/tsukianimes.com.br\/index.php\/2024\/08\/02\/manga-de-frieren-volta-a-ser-publicado-em-agosto\/"]}]},{"@type":"ImageObject","inLanguage":"pt-BR","@id":"https:\/\/tsukianimes.com.br\/index.php\/2024\/08\/02\/manga-de-frieren-volta-a-ser-publicado-em-agosto\/#primaryimage","url":"https:\/\/tsukianimes.com.br\/wp-content\/uploads\/2024\/02\/frieren2.jpeg","contentUrl":"https:\/\/tsukianimes.com.br\/wp-content\/uploads\/2024\/02\/frieren2.jpeg","width":1920,"height":1080},{"@type":"BreadcrumbList","@id":"https:\/\/tsukianimes.com.br\/index.php\/2024\/08\/02\/manga-de-frieren-volta-a-ser-publicado-em-agosto\/#breadcrumb","itemListElement":[{"@type":"ListItem","position":1,"name":"In\u00edcio","item":"https:\/\/tsukianimes.com.br\/"},{"@type":"ListItem","position":2,"name":"Mang\u00e1 de Frieren volta a ser publicado em agosto"}]},{"@type":"WebSite","@id":"https:\/\/tsukianimes.com.br\/#website","url":"https:\/\/tsukianimes.com.br\/","name":"Tsuki Animes","description":"","publisher":{"@id":"https:\/\/tsukianimes.com.br\/#organization"},"potentialAction":[{"@type":"SearchAction","target":{"@type":"EntryPoint","urlTemplate":"https:\/\/tsukianimes.com.br\/?s={search_term_string}"},"query-input":{"@type":"PropertyValueSpecification","valueRequired":true,"valueName":"search_term_string"}}],"inLanguage":"pt-BR"},{"@type":"Organization","@id":"https:\/\/tsukianimes.com.br\/#organization","name":"Tsuki Animes","url":"https:\/\/tsukianimes.com.br\/","logo":{"@type":"ImageObject","inLanguage":"pt-BR","@id":"https:\/\/tsukianimes.com.br\/#\/schema\/logo\/image\/","url":"https:\/\/tsukianimes.com.br\/wp-content\/uploads\/2023\/06\/cropped-Ativo-4-1.png","contentUrl":"https:\/\/tsukianimes.com.br\/wp-content\/uploads\/2023\/06\/cropped-Ativo-4-1.png","width":1314,"height":246,"caption":"Tsuki Animes"},"image":{"@id":"https:\/\/tsukianimes.com.br\/#\/schema\/logo\/image\/"}},{"@type":"Person","@id":"https:\/\/tsukianimes.com.br\/#\/schema\/person\/9e17947002e7239c44dbc8cf7674f0b1","name":"tsukianimes.com.br","image":{"@type":"ImageObject","inLanguage":"pt-BR","@id":"https:\/\/secure.gravatar.com\/avatar\/591a507b759fa000b57ae174373cfe3340385427fe67262e8cdd8072bc573b93?s=96&d=mm&r=g","url":"https:\/\/secure.gravatar.com\/avatar\/591a507b759fa000b57ae174373cfe3340385427fe67262e8cdd8072bc573b93?s=96&d=mm&r=g","contentUrl":"https:\/\/secure.gravatar.com\/avatar\/591a507b759fa000b57ae174373cfe3340385427fe67262e8cdd8072bc573b93?s=96&d=mm&r=g","caption":"tsukianimes.com.br"},"sameAs":["http:\/\/tsukianimes.com.br"],"url":"https:\/\/tsukianimes.com.br\/index.php\/author\/tsukianimes-com-br\/"}]}},"amp_enabled":true,"_links":{"self":[{"href":"https:\/\/tsukianimes.com.br\/index.php\/wp-json\/wp\/v2\/posts\/1282","targetHints":{"allow":["GET"]}}],"collection":[{"href":"https:\/\/tsukianimes.com.br\/index.php\/wp-json\/wp\/v2\/posts"}],"about":[{"href":"https:\/\/tsukianimes.com.br\/index.php\/wp-json\/wp\/v2\/types\/post"}],"author":[{"embeddable":true,"href":"https:\/\/tsukianimes.com.br\/index.php\/wp-json\/wp\/v2\/users\/1"}],"replies":[{"embeddable":true,"href":"https:\/\/tsukianimes.com.br\/index.php\/wp-json\/wp\/v2\/comments?post=1282"}],"version-history":[{"count":3,"href":"https:\/\/tsukianimes.com.br\/index.php\/wp-json\/wp\/v2\/posts\/1282\/revisions"}],"predecessor-version":[{"id":1285,"href":"https:\/\/tsukianimes.com.br\/index.php\/wp-json\/wp\/v2\/posts\/1282\/revisions\/1285"}],"wp:featuredmedia":[{"embeddable":true,"href":"https:\/\/tsukianimes.com.br\/index.php\/wp-json\/wp\/v2\/media\/1027"}],"wp:attachment":[{"href":"https:\/\/tsukianimes.com.br\/index.php\/wp-json\/wp\/v2\/media?parent=1282"}],"wp:term":[{"taxonomy":"category","embeddable":true,"href":"https:\/\/tsukianimes.com.br\/index.php\/wp-json\/wp\/v2\/categories?post=1282"},{"taxonomy":"post_tag","embeddable":true,"href":"https:\/\/tsukianimes.com.br\/index.php\/wp-json\/wp\/v2\/tags?post=1282"}],"curies":[{"name":"wp","href":"https:\/\/api.w.org\/{rel}","templated":true}]}}