{"id":1193,"date":"2024-06-24T22:32:35","date_gmt":"2024-06-25T01:32:35","guid":{"rendered":"https:\/\/tsukianimes.com.br\/?p=1193"},"modified":"2024-07-31T23:06:10","modified_gmt":"2024-08-01T02:06:10","slug":"festa-da-cerejeira-em-flor-ja-tem-datas-marcadas-em-campos-do-jordao","status":"publish","type":"post","link":"https:\/\/tsukianimes.com.br\/index.php\/2024\/06\/24\/festa-da-cerejeira-em-flor-ja-tem-datas-marcadas-em-campos-do-jordao\/","title":{"rendered":"Festa da Cerejeira em Flor j\u00e1 tem datas marcadas em Campos do Jord\u00e3o"},"content":{"rendered":"<p>A 53\u00aa edi\u00e7\u00e3o da Festa da Cerejeira em Flor j\u00e1 est\u00e1 com datas marcadas. Nos finais de semana de julho (20, 21, 27 e 28) e agosto (3,4, 10 e 11), das 9h \u00e0s 16h, os visitantes poder\u00e3o ver a florada do Parque da Cerejeira est\u00e1 no auge. A sakura (cerejeira em japon\u00eas) \u00e9 a \u00e1rvore s\u00edmbolo do Jap\u00e3o.<\/p>\n<p>E n\u00e3o para por a\u00ed: a programa\u00e7\u00e3o inclui apresenta\u00e7\u00f5es de artes marciais, m\u00fasica e dan\u00e7a, como os tradicionais od\u00f4ri e taik\u00f4 \u2013 com apresenta\u00e7\u00f5es de manh\u00e3 e \u00e0 tarde.<\/p>\n<p>Tamb\u00e9m ser\u00e1 realizado o 2\u00ba Sakura Anime Show, com direito \u00e0 premia\u00e7\u00e3o (dia 27 de julho). O evento conta ainda com Bazar, com mais de 30 expositores \u2013 desde artesanato, malhas, cal\u00e7ados e muito mais.<\/p>\n<p>Quem gosta da culin\u00e1ria japonesa, poder\u00e1 saborear del\u00edcias como sushi, tempur\u00e1 e yakisoba, mas tamb\u00e9m pratos menos conhecidos, como udon. E claro, a dica para sobremesa \u00e9 o mochi.<\/p>\n<p>A pra\u00e7a de alimenta\u00e7\u00e3o tamb\u00e9m ter\u00e1 comidas t\u00edpicas da Serra da Mantiqueira, como truta grelhada, doces e chocolates caseiros de Campos do Jord\u00e3o. Destaque para o chope artesanal. E ainda: pastel, lanche, hamburguer, espetinho, churros e salgados.<\/p>\n<p>O evento ter\u00e1 a cada dia uma atra\u00e7\u00e3o diferente. Confira a programa\u00e7\u00e3o completa no site do <a href=\"https:\/\/parquedacerejeira.com.br\/\" target=\"_blank\" rel=\"noopener\">Parque da Cerejeira<\/a>.<\/p>\n<p>A Festa da Cerejeira \u00e9 realizada pelo Recanto de Repouso Sakura-Home, uma das unidades de longa perman\u00eancia (ILPI) da Associa\u00e7\u00e3o Nipo-Brasileira de Assist\u00eancia Social &#8211; <a href=\"https:\/\/enkyo.org.br\/\" target=\"_blank\" rel=\"noopener\">Enkyo<\/a>. Toda renda arrecadada durante a festa tem contribu\u00eddo durante todos estes anos na manuten\u00e7\u00e3o da institui\u00e7\u00e3o e no adequado tratamento dos internos.<\/p>\n<p>Os ingressos est\u00e3o dispon\u00edveis via <a href=\"https:\/\/www.sympla.com.br\/produtor\/parquedacerejeira\" target=\"_blank\" rel=\"noopener\">Sympla<\/a>. O valor da entrada \u00e9 de R$ 50 reais (inteira) e R$ 25 (meia para jordanenses e idosos), crian\u00e7as at\u00e9 seis anos e idosos acima de 80 anos n\u00e3o pagam. Para excurs\u00f5es, acima de 15 pessoas o valor \u00e9 de meia entrada. A compra deve ser realizada por uma pessoa representante da mesma. Valores para estacionamento: R$ 30 reais para carros e R$ 60 reais para vans.<\/p>\n<p><strong>Servi\u00e7o<\/strong><\/p>\n<p>O Parque da Cerejeira de Campos do Jord\u00e3o est\u00e1 localizado \u00e0 Avenida Tassaburo Yamaguchi, n\u00famero 2.173, na Vila Albertina. Abre todos os dias para visita\u00e7\u00e3o, das 9h \u00e0s 16h \u2013 menos \u00e0s ter\u00e7as (manuten\u00e7\u00e3o). Informa\u00e7\u00f5es pelo telefone (12) 99711 0904 e @parque.da.cerejeira (Instagram).<\/p>\n<p><strong>Mais em Sociedade<\/strong><\/p>\n<p><a href=\"https:\/\/tsukianimes.com.br\/index.php\/2024\/06\/19\/festival-viva-japao-e-realizado-no-museu-da-imigracao-em-29-e-30-de-junho\/\" target=\"_blank\" rel=\"noopener\">Festival Viva! Jap\u00e3o \u00e9 realizado no Museu da Imigra\u00e7\u00e3o em 29 e 30 de junho<\/a><\/p>\n","protected":false},"excerpt":{"rendered":"<p>A 53\u00aa edi\u00e7\u00e3o da Festa da Cerejeira em Flor j\u00e1 est\u00e1 com datas marcadas. Nos finais de semana de julho (20, 21, 27 e 28) e agosto (3,4, 10 e 11), das 9h \u00e0s 16h, os visitantes poder\u00e3o ver a florada do Parque da Cerejeira est\u00e1 no auge. A sakura (cerejeira em japon\u00eas) \u00e9 a &hellip; <\/p>\n","protected":false},"author":1,"featured_media":1195,"comment_status":"open","ping_status":"open","sticky":false,"template":"","format":"standard","meta":{"om_disable_all_campaigns":false,"_monsterinsights_skip_tracking":false,"_monsterinsights_sitenote_active":false,"_monsterinsights_sitenote_note":"","_monsterinsights_sitenote_category":0,"_uf_show_specific_survey":0,"_uf_disable_surveys":false,"footnotes":""},"categories":[103],"tags":[206,217],"class_list":["post-1193","post","type-post","status-publish","format-standard","has-post-thumbnail","hentry","category-sociedade","tag-festa-da-cerejeira","tag-social","latest_post"],"yoast_head":"<!-- This site is optimized with the Yoast SEO plugin v27.4 - https:\/\/yoast.com\/product\/yoast-seo-wordpress\/ -->\n<title>Festa da Cerejeira em Flor j\u00e1 tem datas marcadas<\/title>\n<meta name=\"description\" content=\"A 53\u00aa edi\u00e7\u00e3o da Festa da Cerejeira em Flor j\u00e1 est\u00e1 com datas marcadas. Nos finais de semana de julho e agosto.\" \/>\n<meta name=\"robots\" content=\"index, follow, max-snippet:-1, max-image-preview:large, max-video-preview:-1\" \/>\n<link rel=\"canonical\" href=\"https:\/\/tsukianimes.com.br\/index.php\/2024\/06\/24\/festa-da-cerejeira-em-flor-ja-tem-datas-marcadas-em-campos-do-jordao\/\" \/>\n<meta property=\"og:locale\" content=\"pt_BR\" \/>\n<meta property=\"og:type\" content=\"article\" \/>\n<meta property=\"og:title\" content=\"Festa da Cerejeira em Flor j\u00e1 tem datas marcadas em Campos do Jord\u00e3o\" \/>\n<meta property=\"og:description\" content=\"Leia mais...\" \/>\n<meta property=\"og:url\" content=\"https:\/\/tsukianimes.com.br\/index.php\/2024\/06\/24\/festa-da-cerejeira-em-flor-ja-tem-datas-marcadas-em-campos-do-jordao\/\" \/>\n<meta property=\"og:site_name\" content=\"Tsuki Animes\" \/>\n<meta property=\"article:published_time\" content=\"2024-06-25T01:32:35+00:00\" \/>\n<meta property=\"article:modified_time\" content=\"2024-08-01T02:06:10+00:00\" \/>\n<meta property=\"og:image\" content=\"https:\/\/tsukianimes.com.br\/wp-content\/uploads\/2024\/06\/festa-da-cerejeira.jpeg\" \/>\n\t<meta property=\"og:image:width\" content=\"800\" \/>\n\t<meta property=\"og:image:height\" content=\"450\" \/>\n\t<meta property=\"og:image:type\" content=\"image\/jpeg\" \/>\n<meta name=\"author\" content=\"tsukianimes.com.br\" \/>\n<meta name=\"twitter:card\" content=\"summary_large_image\" \/>\n<meta name=\"twitter:label1\" content=\"Escrito por\" \/>\n\t<meta name=\"twitter:data1\" content=\"tsukianimes.com.br\" \/>\n\t<meta name=\"twitter:label2\" content=\"Est. tempo de leitura\" \/>\n\t<meta name=\"twitter:data2\" content=\"3 minutos\" \/>\n<script type=\"application\/ld+json\" class=\"yoast-schema-graph\">{\"@context\":\"https:\\\/\\\/schema.org\",\"@graph\":[{\"@type\":\"Article\",\"@id\":\"https:\\\/\\\/tsukianimes.com.br\\\/index.php\\\/2024\\\/06\\\/24\\\/festa-da-cerejeira-em-flor-ja-tem-datas-marcadas-em-campos-do-jordao\\\/#article\",\"isPartOf\":{\"@id\":\"https:\\\/\\\/tsukianimes.com.br\\\/index.php\\\/2024\\\/06\\\/24\\\/festa-da-cerejeira-em-flor-ja-tem-datas-marcadas-em-campos-do-jordao\\\/\"},\"author\":{\"name\":\"tsukianimes.com.br\",\"@id\":\"https:\\\/\\\/tsukianimes.com.br\\\/#\\\/schema\\\/person\\\/9e17947002e7239c44dbc8cf7674f0b1\"},\"headline\":\"Festa da Cerejeira em Flor j\u00e1 tem datas marcadas em Campos do Jord\u00e3o\",\"datePublished\":\"2024-06-25T01:32:35+00:00\",\"dateModified\":\"2024-08-01T02:06:10+00:00\",\"mainEntityOfPage\":{\"@id\":\"https:\\\/\\\/tsukianimes.com.br\\\/index.php\\\/2024\\\/06\\\/24\\\/festa-da-cerejeira-em-flor-ja-tem-datas-marcadas-em-campos-do-jordao\\\/\"},\"wordCount\":417,\"commentCount\":1,\"publisher\":{\"@id\":\"https:\\\/\\\/tsukianimes.com.br\\\/#organization\"},\"image\":{\"@id\":\"https:\\\/\\\/tsukianimes.com.br\\\/index.php\\\/2024\\\/06\\\/24\\\/festa-da-cerejeira-em-flor-ja-tem-datas-marcadas-em-campos-do-jordao\\\/#primaryimage\"},\"thumbnailUrl\":\"https:\\\/\\\/tsukianimes.com.br\\\/wp-content\\\/uploads\\\/2024\\\/06\\\/festa-da-cerejeira.jpeg\",\"keywords\":[\"festa da cerejeira\",\"social\"],\"articleSection\":[\"Sociedade\"],\"inLanguage\":\"pt-BR\",\"potentialAction\":[{\"@type\":\"CommentAction\",\"name\":\"Comment\",\"target\":[\"https:\\\/\\\/tsukianimes.com.br\\\/index.php\\\/2024\\\/06\\\/24\\\/festa-da-cerejeira-em-flor-ja-tem-datas-marcadas-em-campos-do-jordao\\\/#respond\"]}]},{\"@type\":\"WebPage\",\"@id\":\"https:\\\/\\\/tsukianimes.com.br\\\/index.php\\\/2024\\\/06\\\/24\\\/festa-da-cerejeira-em-flor-ja-tem-datas-marcadas-em-campos-do-jordao\\\/\",\"url\":\"https:\\\/\\\/tsukianimes.com.br\\\/index.php\\\/2024\\\/06\\\/24\\\/festa-da-cerejeira-em-flor-ja-tem-datas-marcadas-em-campos-do-jordao\\\/\",\"name\":\"Festa da Cerejeira em Flor j\u00e1 tem datas marcadas\",\"isPartOf\":{\"@id\":\"https:\\\/\\\/tsukianimes.com.br\\\/#website\"},\"primaryImageOfPage\":{\"@id\":\"https:\\\/\\\/tsukianimes.com.br\\\/index.php\\\/2024\\\/06\\\/24\\\/festa-da-cerejeira-em-flor-ja-tem-datas-marcadas-em-campos-do-jordao\\\/#primaryimage\"},\"image\":{\"@id\":\"https:\\\/\\\/tsukianimes.com.br\\\/index.php\\\/2024\\\/06\\\/24\\\/festa-da-cerejeira-em-flor-ja-tem-datas-marcadas-em-campos-do-jordao\\\/#primaryimage\"},\"thumbnailUrl\":\"https:\\\/\\\/tsukianimes.com.br\\\/wp-content\\\/uploads\\\/2024\\\/06\\\/festa-da-cerejeira.jpeg\",\"datePublished\":\"2024-06-25T01:32:35+00:00\",\"dateModified\":\"2024-08-01T02:06:10+00:00\",\"description\":\"A 53\u00aa edi\u00e7\u00e3o da Festa da Cerejeira em Flor j\u00e1 est\u00e1 com datas marcadas. Nos finais de semana de julho e agosto.\",\"breadcrumb\":{\"@id\":\"https:\\\/\\\/tsukianimes.com.br\\\/index.php\\\/2024\\\/06\\\/24\\\/festa-da-cerejeira-em-flor-ja-tem-datas-marcadas-em-campos-do-jordao\\\/#breadcrumb\"},\"inLanguage\":\"pt-BR\",\"potentialAction\":[{\"@type\":\"ReadAction\",\"target\":[\"https:\\\/\\\/tsukianimes.com.br\\\/index.php\\\/2024\\\/06\\\/24\\\/festa-da-cerejeira-em-flor-ja-tem-datas-marcadas-em-campos-do-jordao\\\/\"]}]},{\"@type\":\"ImageObject\",\"inLanguage\":\"pt-BR\",\"@id\":\"https:\\\/\\\/tsukianimes.com.br\\\/index.php\\\/2024\\\/06\\\/24\\\/festa-da-cerejeira-em-flor-ja-tem-datas-marcadas-em-campos-do-jordao\\\/#primaryimage\",\"url\":\"https:\\\/\\\/tsukianimes.com.br\\\/wp-content\\\/uploads\\\/2024\\\/06\\\/festa-da-cerejeira.jpeg\",\"contentUrl\":\"https:\\\/\\\/tsukianimes.com.br\\\/wp-content\\\/uploads\\\/2024\\\/06\\\/festa-da-cerejeira.jpeg\",\"width\":800,\"height\":450,\"caption\":\"Festa da Cerejeira em Campos do Jord\u00e3o\"},{\"@type\":\"BreadcrumbList\",\"@id\":\"https:\\\/\\\/tsukianimes.com.br\\\/index.php\\\/2024\\\/06\\\/24\\\/festa-da-cerejeira-em-flor-ja-tem-datas-marcadas-em-campos-do-jordao\\\/#breadcrumb\",\"itemListElement\":[{\"@type\":\"ListItem\",\"position\":1,\"name\":\"In\u00edcio\",\"item\":\"https:\\\/\\\/tsukianimes.com.br\\\/\"},{\"@type\":\"ListItem\",\"position\":2,\"name\":\"Festa da Cerejeira em Flor j\u00e1 tem datas marcadas em Campos do Jord\u00e3o\"}]},{\"@type\":\"WebSite\",\"@id\":\"https:\\\/\\\/tsukianimes.com.br\\\/#website\",\"url\":\"https:\\\/\\\/tsukianimes.com.br\\\/\",\"name\":\"Tsuki Animes\",\"description\":\"\",\"publisher\":{\"@id\":\"https:\\\/\\\/tsukianimes.com.br\\\/#organization\"},\"potentialAction\":[{\"@type\":\"SearchAction\",\"target\":{\"@type\":\"EntryPoint\",\"urlTemplate\":\"https:\\\/\\\/tsukianimes.com.br\\\/?s={search_term_string}\"},\"query-input\":{\"@type\":\"PropertyValueSpecification\",\"valueRequired\":true,\"valueName\":\"search_term_string\"}}],\"inLanguage\":\"pt-BR\"},{\"@type\":\"Organization\",\"@id\":\"https:\\\/\\\/tsukianimes.com.br\\\/#organization\",\"name\":\"Tsuki Animes\",\"url\":\"https:\\\/\\\/tsukianimes.com.br\\\/\",\"logo\":{\"@type\":\"ImageObject\",\"inLanguage\":\"pt-BR\",\"@id\":\"https:\\\/\\\/tsukianimes.com.br\\\/#\\\/schema\\\/logo\\\/image\\\/\",\"url\":\"https:\\\/\\\/tsukianimes.com.br\\\/wp-content\\\/uploads\\\/2023\\\/06\\\/cropped-Ativo-4-1.png\",\"contentUrl\":\"https:\\\/\\\/tsukianimes.com.br\\\/wp-content\\\/uploads\\\/2023\\\/06\\\/cropped-Ativo-4-1.png\",\"width\":1314,\"height\":246,\"caption\":\"Tsuki Animes\"},\"image\":{\"@id\":\"https:\\\/\\\/tsukianimes.com.br\\\/#\\\/schema\\\/logo\\\/image\\\/\"}},{\"@type\":\"Person\",\"@id\":\"https:\\\/\\\/tsukianimes.com.br\\\/#\\\/schema\\\/person\\\/9e17947002e7239c44dbc8cf7674f0b1\",\"name\":\"tsukianimes.com.br\",\"image\":{\"@type\":\"ImageObject\",\"inLanguage\":\"pt-BR\",\"@id\":\"https:\\\/\\\/secure.gravatar.com\\\/avatar\\\/591a507b759fa000b57ae174373cfe3340385427fe67262e8cdd8072bc573b93?s=96&d=mm&r=g\",\"url\":\"https:\\\/\\\/secure.gravatar.com\\\/avatar\\\/591a507b759fa000b57ae174373cfe3340385427fe67262e8cdd8072bc573b93?s=96&d=mm&r=g\",\"contentUrl\":\"https:\\\/\\\/secure.gravatar.com\\\/avatar\\\/591a507b759fa000b57ae174373cfe3340385427fe67262e8cdd8072bc573b93?s=96&d=mm&r=g\",\"caption\":\"tsukianimes.com.br\"},\"sameAs\":[\"http:\\\/\\\/tsukianimes.com.br\"],\"url\":\"https:\\\/\\\/tsukianimes.com.br\\\/index.php\\\/author\\\/tsukianimes-com-br\\\/\"}]}<\/script>\n<!-- \/ Yoast SEO plugin. -->","yoast_head_json":{"title":"Festa da Cerejeira em Flor j\u00e1 tem datas marcadas","description":"A 53\u00aa edi\u00e7\u00e3o da Festa da Cerejeira em Flor j\u00e1 est\u00e1 com datas marcadas. Nos finais de semana de julho e agosto.","robots":{"index":"index","follow":"follow","max-snippet":"max-snippet:-1","max-image-preview":"max-image-preview:large","max-video-preview":"max-video-preview:-1"},"canonical":"https:\/\/tsukianimes.com.br\/index.php\/2024\/06\/24\/festa-da-cerejeira-em-flor-ja-tem-datas-marcadas-em-campos-do-jordao\/","og_locale":"pt_BR","og_type":"article","og_title":"Festa da Cerejeira em Flor j\u00e1 tem datas marcadas em Campos do Jord\u00e3o","og_description":"Leia mais...","og_url":"https:\/\/tsukianimes.com.br\/index.php\/2024\/06\/24\/festa-da-cerejeira-em-flor-ja-tem-datas-marcadas-em-campos-do-jordao\/","og_site_name":"Tsuki Animes","article_published_time":"2024-06-25T01:32:35+00:00","article_modified_time":"2024-08-01T02:06:10+00:00","og_image":[{"width":800,"height":450,"url":"https:\/\/tsukianimes.com.br\/wp-content\/uploads\/2024\/06\/festa-da-cerejeira.jpeg","type":"image\/jpeg"}],"author":"tsukianimes.com.br","twitter_card":"summary_large_image","twitter_misc":{"Escrito por":"tsukianimes.com.br","Est. tempo de leitura":"3 minutos"},"schema":{"@context":"https:\/\/schema.org","@graph":[{"@type":"Article","@id":"https:\/\/tsukianimes.com.br\/index.php\/2024\/06\/24\/festa-da-cerejeira-em-flor-ja-tem-datas-marcadas-em-campos-do-jordao\/#article","isPartOf":{"@id":"https:\/\/tsukianimes.com.br\/index.php\/2024\/06\/24\/festa-da-cerejeira-em-flor-ja-tem-datas-marcadas-em-campos-do-jordao\/"},"author":{"name":"tsukianimes.com.br","@id":"https:\/\/tsukianimes.com.br\/#\/schema\/person\/9e17947002e7239c44dbc8cf7674f0b1"},"headline":"Festa da Cerejeira em Flor j\u00e1 tem datas marcadas em Campos do Jord\u00e3o","datePublished":"2024-06-25T01:32:35+00:00","dateModified":"2024-08-01T02:06:10+00:00","mainEntityOfPage":{"@id":"https:\/\/tsukianimes.com.br\/index.php\/2024\/06\/24\/festa-da-cerejeira-em-flor-ja-tem-datas-marcadas-em-campos-do-jordao\/"},"wordCount":417,"commentCount":1,"publisher":{"@id":"https:\/\/tsukianimes.com.br\/#organization"},"image":{"@id":"https:\/\/tsukianimes.com.br\/index.php\/2024\/06\/24\/festa-da-cerejeira-em-flor-ja-tem-datas-marcadas-em-campos-do-jordao\/#primaryimage"},"thumbnailUrl":"https:\/\/tsukianimes.com.br\/wp-content\/uploads\/2024\/06\/festa-da-cerejeira.jpeg","keywords":["festa da cerejeira","social"],"articleSection":["Sociedade"],"inLanguage":"pt-BR","potentialAction":[{"@type":"CommentAction","name":"Comment","target":["https:\/\/tsukianimes.com.br\/index.php\/2024\/06\/24\/festa-da-cerejeira-em-flor-ja-tem-datas-marcadas-em-campos-do-jordao\/#respond"]}]},{"@type":"WebPage","@id":"https:\/\/tsukianimes.com.br\/index.php\/2024\/06\/24\/festa-da-cerejeira-em-flor-ja-tem-datas-marcadas-em-campos-do-jordao\/","url":"https:\/\/tsukianimes.com.br\/index.php\/2024\/06\/24\/festa-da-cerejeira-em-flor-ja-tem-datas-marcadas-em-campos-do-jordao\/","name":"Festa da Cerejeira em Flor j\u00e1 tem datas marcadas","isPartOf":{"@id":"https:\/\/tsukianimes.com.br\/#website"},"primaryImageOfPage":{"@id":"https:\/\/tsukianimes.com.br\/index.php\/2024\/06\/24\/festa-da-cerejeira-em-flor-ja-tem-datas-marcadas-em-campos-do-jordao\/#primaryimage"},"image":{"@id":"https:\/\/tsukianimes.com.br\/index.php\/2024\/06\/24\/festa-da-cerejeira-em-flor-ja-tem-datas-marcadas-em-campos-do-jordao\/#primaryimage"},"thumbnailUrl":"https:\/\/tsukianimes.com.br\/wp-content\/uploads\/2024\/06\/festa-da-cerejeira.jpeg","datePublished":"2024-06-25T01:32:35+00:00","dateModified":"2024-08-01T02:06:10+00:00","description":"A 53\u00aa edi\u00e7\u00e3o da Festa da Cerejeira em Flor j\u00e1 est\u00e1 com datas marcadas. Nos finais de semana de julho e agosto.","breadcrumb":{"@id":"https:\/\/tsukianimes.com.br\/index.php\/2024\/06\/24\/festa-da-cerejeira-em-flor-ja-tem-datas-marcadas-em-campos-do-jordao\/#breadcrumb"},"inLanguage":"pt-BR","potentialAction":[{"@type":"ReadAction","target":["https:\/\/tsukianimes.com.br\/index.php\/2024\/06\/24\/festa-da-cerejeira-em-flor-ja-tem-datas-marcadas-em-campos-do-jordao\/"]}]},{"@type":"ImageObject","inLanguage":"pt-BR","@id":"https:\/\/tsukianimes.com.br\/index.php\/2024\/06\/24\/festa-da-cerejeira-em-flor-ja-tem-datas-marcadas-em-campos-do-jordao\/#primaryimage","url":"https:\/\/tsukianimes.com.br\/wp-content\/uploads\/2024\/06\/festa-da-cerejeira.jpeg","contentUrl":"https:\/\/tsukianimes.com.br\/wp-content\/uploads\/2024\/06\/festa-da-cerejeira.jpeg","width":800,"height":450,"caption":"Festa da Cerejeira em Campos do Jord\u00e3o"},{"@type":"BreadcrumbList","@id":"https:\/\/tsukianimes.com.br\/index.php\/2024\/06\/24\/festa-da-cerejeira-em-flor-ja-tem-datas-marcadas-em-campos-do-jordao\/#breadcrumb","itemListElement":[{"@type":"ListItem","position":1,"name":"In\u00edcio","item":"https:\/\/tsukianimes.com.br\/"},{"@type":"ListItem","position":2,"name":"Festa da Cerejeira em Flor j\u00e1 tem datas marcadas em Campos do Jord\u00e3o"}]},{"@type":"WebSite","@id":"https:\/\/tsukianimes.com.br\/#website","url":"https:\/\/tsukianimes.com.br\/","name":"Tsuki Animes","description":"","publisher":{"@id":"https:\/\/tsukianimes.com.br\/#organization"},"potentialAction":[{"@type":"SearchAction","target":{"@type":"EntryPoint","urlTemplate":"https:\/\/tsukianimes.com.br\/?s={search_term_string}"},"query-input":{"@type":"PropertyValueSpecification","valueRequired":true,"valueName":"search_term_string"}}],"inLanguage":"pt-BR"},{"@type":"Organization","@id":"https:\/\/tsukianimes.com.br\/#organization","name":"Tsuki Animes","url":"https:\/\/tsukianimes.com.br\/","logo":{"@type":"ImageObject","inLanguage":"pt-BR","@id":"https:\/\/tsukianimes.com.br\/#\/schema\/logo\/image\/","url":"https:\/\/tsukianimes.com.br\/wp-content\/uploads\/2023\/06\/cropped-Ativo-4-1.png","contentUrl":"https:\/\/tsukianimes.com.br\/wp-content\/uploads\/2023\/06\/cropped-Ativo-4-1.png","width":1314,"height":246,"caption":"Tsuki Animes"},"image":{"@id":"https:\/\/tsukianimes.com.br\/#\/schema\/logo\/image\/"}},{"@type":"Person","@id":"https:\/\/tsukianimes.com.br\/#\/schema\/person\/9e17947002e7239c44dbc8cf7674f0b1","name":"tsukianimes.com.br","image":{"@type":"ImageObject","inLanguage":"pt-BR","@id":"https:\/\/secure.gravatar.com\/avatar\/591a507b759fa000b57ae174373cfe3340385427fe67262e8cdd8072bc573b93?s=96&d=mm&r=g","url":"https:\/\/secure.gravatar.com\/avatar\/591a507b759fa000b57ae174373cfe3340385427fe67262e8cdd8072bc573b93?s=96&d=mm&r=g","contentUrl":"https:\/\/secure.gravatar.com\/avatar\/591a507b759fa000b57ae174373cfe3340385427fe67262e8cdd8072bc573b93?s=96&d=mm&r=g","caption":"tsukianimes.com.br"},"sameAs":["http:\/\/tsukianimes.com.br"],"url":"https:\/\/tsukianimes.com.br\/index.php\/author\/tsukianimes-com-br\/"}]}},"amp_enabled":true,"_links":{"self":[{"href":"https:\/\/tsukianimes.com.br\/index.php\/wp-json\/wp\/v2\/posts\/1193","targetHints":{"allow":["GET"]}}],"collection":[{"href":"https:\/\/tsukianimes.com.br\/index.php\/wp-json\/wp\/v2\/posts"}],"about":[{"href":"https:\/\/tsukianimes.com.br\/index.php\/wp-json\/wp\/v2\/types\/post"}],"author":[{"embeddable":true,"href":"https:\/\/tsukianimes.com.br\/index.php\/wp-json\/wp\/v2\/users\/1"}],"replies":[{"embeddable":true,"href":"https:\/\/tsukianimes.com.br\/index.php\/wp-json\/wp\/v2\/comments?post=1193"}],"version-history":[{"count":2,"href":"https:\/\/tsukianimes.com.br\/index.php\/wp-json\/wp\/v2\/posts\/1193\/revisions"}],"predecessor-version":[{"id":1196,"href":"https:\/\/tsukianimes.com.br\/index.php\/wp-json\/wp\/v2\/posts\/1193\/revisions\/1196"}],"wp:featuredmedia":[{"embeddable":true,"href":"https:\/\/tsukianimes.com.br\/index.php\/wp-json\/wp\/v2\/media\/1195"}],"wp:attachment":[{"href":"https:\/\/tsukianimes.com.br\/index.php\/wp-json\/wp\/v2\/media?parent=1193"}],"wp:term":[{"taxonomy":"category","embeddable":true,"href":"https:\/\/tsukianimes.com.br\/index.php\/wp-json\/wp\/v2\/categories?post=1193"},{"taxonomy":"post_tag","embeddable":true,"href":"https:\/\/tsukianimes.com.br\/index.php\/wp-json\/wp\/v2\/tags?post=1193"}],"curies":[{"name":"wp","href":"https:\/\/api.w.org\/{rel}","templated":true}]}}