{"id":1188,"date":"2024-06-19T22:58:23","date_gmt":"2024-06-20T01:58:23","guid":{"rendered":"https:\/\/tsukianimes.com.br\/?p=1188"},"modified":"2024-06-19T22:58:23","modified_gmt":"2024-06-20T01:58:23","slug":"festival-viva-japao-e-realizado-no-museu-da-imigracao-em-29-e-30-de-junho","status":"publish","type":"post","link":"https:\/\/tsukianimes.com.br\/index.php\/2024\/06\/19\/festival-viva-japao-e-realizado-no-museu-da-imigracao-em-29-e-30-de-junho\/","title":{"rendered":"Festival Viva! Jap\u00e3o \u00e9 realizado no Museu da Imigra\u00e7\u00e3o em 29 e 30 de junho"},"content":{"rendered":"<p><span style=\"color: #000000;\">O <a href=\"https:\/\/www.museudaimigracao.org.br\/\" target=\"_blank\" rel=\"noopener\">Museu da Imigra\u00e7\u00e3o<\/a> (MI), institui\u00e7\u00e3o da Secretaria da Cultura, Economia e Ind\u00fastria Criativas do Estado de S\u00e3o Paulo, realiza, nos dias 29 e 30 de junho (s\u00e1bado e domingo), a segunda edi\u00e7\u00e3o do festival VIVA! Jap\u00e3o. O evento tem o apoio da Secretaria Municipal de Turismo de S\u00e3o Paulo, apoio institucional da Funda\u00e7\u00e3o Jap\u00e3o e curadoria cultural da Tasa Eventos.<\/span><\/p>\n<p><span style=\"color: #000000;\">A primeira edi\u00e7\u00e3o japonesa do VIVA! &#8211; festival que a cada edi\u00e7\u00e3o celebra a cultura de um pa\u00eds ou regi\u00e3o no MI -, foi realizada em 2023. Com grande sucesso entre a comunidade japonesa e o p\u00fablico do Museu, o evento reuniu um p\u00fablico de cerca de 4.500 pessoas para 16 horas de programa\u00e7\u00e3o cultural e gastron\u00f4mica que reverenciaram a cultura nip\u00f4nica nos 115 anos da imigra\u00e7\u00e3o japonesa no Brasil.<\/span><\/p>\n<p><span style=\"color: #000000;\">Para este ano, o evento ter\u00e1 atra\u00e7\u00f5es de dan\u00e7a, m\u00fasica, gastronomia, audiovisual, al\u00e9m de oficinas de t\u00e9cnicas art\u00edsticas e artesanato. A variada gama de atra\u00e7\u00f5es contempla aspectos tradicionais e contempor\u00e2neos da cultura japonesa.<\/span><\/p>\n<p><span style=\"color: #000000;\">Um dos grandes destaques da edi\u00e7\u00e3o ser\u00e1 a presen\u00e7a da conceituada diretora de cinema, a nissei Tizuka Yamasaki. No audit\u00f3rio do MI, no dia 29 (s\u00e1bado), \u00e0s 14h, acontece a exibi\u00e7\u00e3o do document\u00e1rio &#8220;Tomie&#8221;, que sob a \u00f3tica de Yamasaki, mergulha na vida e obra da renomada artista pl\u00e1stica Tomie Ohtake, que traduziu o encontro entre a cultura japonesa e brasileira. <\/span><\/p>\n<p><span style=\"color: #000000;\">Ap\u00f3s o filme, Tizuka recebe Tatiane Takiyama (ativista, de ascend\u00eancia japonesa e multiartista que atua na causa antirracista interseccional) para um debate sobre o document\u00e1rio, em que o p\u00fablico poder\u00e1 participar. Outra atividade que integra a programa\u00e7\u00e3o de audiovisual ser\u00e1 a exibi\u00e7\u00e3o de Animes, com os t\u00edtulos: &#8220;O Duende do Rio e o Sampei&#8221; e &#8220;Crayon Shinchan&#8221;.<\/span><\/p>\n<p><span style=\"color: #000000;\">Por sua vez, o jardim do MI recebe o palco que sediar\u00e1 apresenta\u00e7\u00f5es de dan\u00e7a, m\u00fasica e performance. Entre os destaques est\u00e3o a renomada cantora japonesa Karen Ito; apresenta\u00e7\u00f5es de Taik\u00f4 &#8211; tradicionais tambores japoneses &#8211; e do grupo Shyudaiko; concurso de Cosplay e show com o m\u00e1gico Luciano Takeda, amplamente conhecido na comunidade japonesa como o Mago dos Bal\u00f5es.<\/span><\/p>\n<p><span style=\"color: #000000;\">Ser\u00e3o realizadas diversas oficinas, como Chawan (recipiente utilizado na secular cerim\u00f4nia do Ch\u00e1 Japon\u00eas), Mang\u00e1, Oshibana, Pixel Art e Origami. As oficinas s\u00e3o gratuitas, t\u00eam vagas limitadas e por ordem de chegada. Ainda na \u00e1rea das artes manuais, haver\u00e1 exposi\u00e7\u00e3o de Bonsai e Ikebana.<\/span><\/p>\n<p><span style=\"color: #000000;\">Na \u00e1rea gastron\u00f4mica do festival, o p\u00fablico poder\u00e1 saborear comidas t\u00edpicas do Jap\u00e3o, desde as mais tradicionais como algumas contempor\u00e2neas ou na linha fusion. Estar\u00e3o presentes expositores como Yu Yatai (takoyaki e okonomiyaki); COA (lamen, udon, temaki, tempura, kare); Chen&#8217;s (yakisoba, guioza, bolinha de kani, hot roll, poke); Nakamise (bento tonkatsu, chicken katsu, karaague e espetinho); Dogkebi (stick dog); Revan (bubble waffle e bubble tea); Hachi Crepe (Crepe Japon\u00eas, Taiyaki); Nanaya (doces japoneses), entre outros.<\/span><\/p>\n<p><span style=\"color: #000000;\"><strong>Servi\u00e7o &#8211; <\/strong><\/span><span style=\"color: #000000;\"><strong>VIVA! Jap\u00e3o<\/strong><\/span><\/p>\n<ul>\n<li><span style=\"color: #000000;\"><strong>Datas:\u00a0<\/strong>29 e 30 de junho<\/span><\/li>\n<li><span style=\"color: #000000;\"><strong>Hor\u00e1rio:\u00a0<\/strong>das 10h \u00e0s 18h<\/span><\/li>\n<li><strong><span style=\"color: #000000;\">Entrada gratuita<\/span><\/strong><\/li>\n<li><span style=\"color: #000000;\"><strong>Ingressos:<\/strong>\u00a0Retirada exclusiva pessoalmente na bilheteria do Museu, nas datas do evento\u00a0<\/span><u><span style=\"color: #000000;\">(Evento com capacidade limitada e sujeito \u00e0 lota\u00e7\u00e3o<\/span>)<\/u><\/li>\n<\/ul>\n<p><em>Foto: Marcelo Kopicki\/ Divulga\u00e7\u00e3o Ascom MI.<\/em><\/p>\n<p><strong>Mais em Sociedade<\/strong><\/p>\n<p><a href=\"https:\/\/tsukianimes.com.br\/index.php\/2024\/05\/23\/cccb-lanca-clube-do-livro-para-promover-e-debater-a-literatura-coreana\/\" target=\"_blank\" rel=\"noopener\">CCCB lan\u00e7a clube do livro para promover e debater a literatura coreana<\/a><\/p>\n","protected":false},"excerpt":{"rendered":"<p>O Museu da Imigra\u00e7\u00e3o (MI), institui\u00e7\u00e3o da Secretaria da Cultura, Economia e Ind\u00fastria Criativas do Estado de S\u00e3o Paulo, realiza, nos dias 29 e 30 de junho (s\u00e1bado e domingo), a segunda edi\u00e7\u00e3o do festival VIVA! Jap\u00e3o. O evento tem o apoio da Secretaria Municipal de Turismo de S\u00e3o Paulo, apoio institucional da Funda\u00e7\u00e3o Jap\u00e3o &hellip; <\/p>\n","protected":false},"author":1,"featured_media":1190,"comment_status":"open","ping_status":"open","sticky":false,"template":"","format":"standard","meta":{"om_disable_all_campaigns":false,"_monsterinsights_skip_tracking":false,"_monsterinsights_sitenote_active":false,"_monsterinsights_sitenote_note":"","_monsterinsights_sitenote_category":0,"_uf_show_specific_survey":0,"_uf_disable_surveys":false,"footnotes":""},"categories":[103],"tags":[205],"class_list":["post-1188","post","type-post","status-publish","format-standard","has-post-thumbnail","hentry","category-sociedade","tag-viva-japao","latest_post"],"yoast_head":"<!-- This site is optimized with the Yoast SEO plugin v27.4 - https:\/\/yoast.com\/product\/yoast-seo-wordpress\/ -->\n<title>Festival Viva! Jap\u00e3o \u00e9 realizado no Museu da Imigra\u00e7\u00e3o<\/title>\n<meta name=\"description\" content=\"O Museu da Imigra\u00e7\u00e3o (MI) realiza, nos dias 29 e 30 de junho (s\u00e1bado e domingo), a segunda edi\u00e7\u00e3o do festival VIVA! Jap\u00e3o.\" \/>\n<meta name=\"robots\" content=\"index, follow, max-snippet:-1, max-image-preview:large, max-video-preview:-1\" \/>\n<link rel=\"canonical\" href=\"https:\/\/tsukianimes.com.br\/index.php\/2024\/06\/19\/festival-viva-japao-e-realizado-no-museu-da-imigracao-em-29-e-30-de-junho\/\" \/>\n<meta property=\"og:locale\" content=\"pt_BR\" \/>\n<meta property=\"og:type\" content=\"article\" \/>\n<meta property=\"og:title\" content=\"Festival Viva! Jap\u00e3o \u00e9 realizado no Museu da Imigra\u00e7\u00e3o em 29 e 30 de junho\" \/>\n<meta property=\"og:description\" content=\"Leia mais...\" \/>\n<meta property=\"og:url\" content=\"https:\/\/tsukianimes.com.br\/index.php\/2024\/06\/19\/festival-viva-japao-e-realizado-no-museu-da-imigracao-em-29-e-30-de-junho\/\" \/>\n<meta property=\"og:site_name\" content=\"Tsuki Animes\" \/>\n<meta property=\"article:published_time\" content=\"2024-06-20T01:58:23+00:00\" \/>\n<meta property=\"og:image\" content=\"https:\/\/tsukianimes.com.br\/wp-content\/uploads\/2024\/06\/festival-viva-japao.jpeg\" \/>\n\t<meta property=\"og:image:width\" content=\"800\" \/>\n\t<meta property=\"og:image:height\" content=\"531\" \/>\n\t<meta property=\"og:image:type\" content=\"image\/jpeg\" \/>\n<meta name=\"author\" content=\"tsukianimes.com.br\" \/>\n<meta name=\"twitter:card\" content=\"summary_large_image\" \/>\n<meta name=\"twitter:label1\" content=\"Escrito por\" \/>\n\t<meta name=\"twitter:data1\" content=\"tsukianimes.com.br\" \/>\n\t<meta name=\"twitter:label2\" content=\"Est. tempo de leitura\" \/>\n\t<meta name=\"twitter:data2\" content=\"4 minutos\" \/>\n<script type=\"application\/ld+json\" class=\"yoast-schema-graph\">{\"@context\":\"https:\\\/\\\/schema.org\",\"@graph\":[{\"@type\":\"Article\",\"@id\":\"https:\\\/\\\/tsukianimes.com.br\\\/index.php\\\/2024\\\/06\\\/19\\\/festival-viva-japao-e-realizado-no-museu-da-imigracao-em-29-e-30-de-junho\\\/#article\",\"isPartOf\":{\"@id\":\"https:\\\/\\\/tsukianimes.com.br\\\/index.php\\\/2024\\\/06\\\/19\\\/festival-viva-japao-e-realizado-no-museu-da-imigracao-em-29-e-30-de-junho\\\/\"},\"author\":{\"name\":\"tsukianimes.com.br\",\"@id\":\"https:\\\/\\\/tsukianimes.com.br\\\/#\\\/schema\\\/person\\\/9e17947002e7239c44dbc8cf7674f0b1\"},\"headline\":\"Festival Viva! Jap\u00e3o \u00e9 realizado no Museu da Imigra\u00e7\u00e3o em 29 e 30 de junho\",\"datePublished\":\"2024-06-20T01:58:23+00:00\",\"mainEntityOfPage\":{\"@id\":\"https:\\\/\\\/tsukianimes.com.br\\\/index.php\\\/2024\\\/06\\\/19\\\/festival-viva-japao-e-realizado-no-museu-da-imigracao-em-29-e-30-de-junho\\\/\"},\"wordCount\":592,\"commentCount\":1,\"publisher\":{\"@id\":\"https:\\\/\\\/tsukianimes.com.br\\\/#organization\"},\"image\":{\"@id\":\"https:\\\/\\\/tsukianimes.com.br\\\/index.php\\\/2024\\\/06\\\/19\\\/festival-viva-japao-e-realizado-no-museu-da-imigracao-em-29-e-30-de-junho\\\/#primaryimage\"},\"thumbnailUrl\":\"https:\\\/\\\/tsukianimes.com.br\\\/wp-content\\\/uploads\\\/2024\\\/06\\\/festival-viva-japao.jpeg\",\"keywords\":[\"viva jap\u00e3o\"],\"articleSection\":[\"Sociedade\"],\"inLanguage\":\"pt-BR\",\"potentialAction\":[{\"@type\":\"CommentAction\",\"name\":\"Comment\",\"target\":[\"https:\\\/\\\/tsukianimes.com.br\\\/index.php\\\/2024\\\/06\\\/19\\\/festival-viva-japao-e-realizado-no-museu-da-imigracao-em-29-e-30-de-junho\\\/#respond\"]}]},{\"@type\":\"WebPage\",\"@id\":\"https:\\\/\\\/tsukianimes.com.br\\\/index.php\\\/2024\\\/06\\\/19\\\/festival-viva-japao-e-realizado-no-museu-da-imigracao-em-29-e-30-de-junho\\\/\",\"url\":\"https:\\\/\\\/tsukianimes.com.br\\\/index.php\\\/2024\\\/06\\\/19\\\/festival-viva-japao-e-realizado-no-museu-da-imigracao-em-29-e-30-de-junho\\\/\",\"name\":\"Festival Viva! Jap\u00e3o \u00e9 realizado no Museu da Imigra\u00e7\u00e3o\",\"isPartOf\":{\"@id\":\"https:\\\/\\\/tsukianimes.com.br\\\/#website\"},\"primaryImageOfPage\":{\"@id\":\"https:\\\/\\\/tsukianimes.com.br\\\/index.php\\\/2024\\\/06\\\/19\\\/festival-viva-japao-e-realizado-no-museu-da-imigracao-em-29-e-30-de-junho\\\/#primaryimage\"},\"image\":{\"@id\":\"https:\\\/\\\/tsukianimes.com.br\\\/index.php\\\/2024\\\/06\\\/19\\\/festival-viva-japao-e-realizado-no-museu-da-imigracao-em-29-e-30-de-junho\\\/#primaryimage\"},\"thumbnailUrl\":\"https:\\\/\\\/tsukianimes.com.br\\\/wp-content\\\/uploads\\\/2024\\\/06\\\/festival-viva-japao.jpeg\",\"datePublished\":\"2024-06-20T01:58:23+00:00\",\"description\":\"O Museu da Imigra\u00e7\u00e3o (MI) realiza, nos dias 29 e 30 de junho (s\u00e1bado e domingo), a segunda edi\u00e7\u00e3o do festival VIVA! Jap\u00e3o.\",\"breadcrumb\":{\"@id\":\"https:\\\/\\\/tsukianimes.com.br\\\/index.php\\\/2024\\\/06\\\/19\\\/festival-viva-japao-e-realizado-no-museu-da-imigracao-em-29-e-30-de-junho\\\/#breadcrumb\"},\"inLanguage\":\"pt-BR\",\"potentialAction\":[{\"@type\":\"ReadAction\",\"target\":[\"https:\\\/\\\/tsukianimes.com.br\\\/index.php\\\/2024\\\/06\\\/19\\\/festival-viva-japao-e-realizado-no-museu-da-imigracao-em-29-e-30-de-junho\\\/\"]}]},{\"@type\":\"ImageObject\",\"inLanguage\":\"pt-BR\",\"@id\":\"https:\\\/\\\/tsukianimes.com.br\\\/index.php\\\/2024\\\/06\\\/19\\\/festival-viva-japao-e-realizado-no-museu-da-imigracao-em-29-e-30-de-junho\\\/#primaryimage\",\"url\":\"https:\\\/\\\/tsukianimes.com.br\\\/wp-content\\\/uploads\\\/2024\\\/06\\\/festival-viva-japao.jpeg\",\"contentUrl\":\"https:\\\/\\\/tsukianimes.com.br\\\/wp-content\\\/uploads\\\/2024\\\/06\\\/festival-viva-japao.jpeg\",\"width\":800,\"height\":531,\"caption\":\"Festival Viva! Jap\u00e3o\"},{\"@type\":\"BreadcrumbList\",\"@id\":\"https:\\\/\\\/tsukianimes.com.br\\\/index.php\\\/2024\\\/06\\\/19\\\/festival-viva-japao-e-realizado-no-museu-da-imigracao-em-29-e-30-de-junho\\\/#breadcrumb\",\"itemListElement\":[{\"@type\":\"ListItem\",\"position\":1,\"name\":\"In\u00edcio\",\"item\":\"https:\\\/\\\/tsukianimes.com.br\\\/\"},{\"@type\":\"ListItem\",\"position\":2,\"name\":\"Festival Viva! Jap\u00e3o \u00e9 realizado no Museu da Imigra\u00e7\u00e3o em 29 e 30 de junho\"}]},{\"@type\":\"WebSite\",\"@id\":\"https:\\\/\\\/tsukianimes.com.br\\\/#website\",\"url\":\"https:\\\/\\\/tsukianimes.com.br\\\/\",\"name\":\"Tsuki Animes\",\"description\":\"\",\"publisher\":{\"@id\":\"https:\\\/\\\/tsukianimes.com.br\\\/#organization\"},\"potentialAction\":[{\"@type\":\"SearchAction\",\"target\":{\"@type\":\"EntryPoint\",\"urlTemplate\":\"https:\\\/\\\/tsukianimes.com.br\\\/?s={search_term_string}\"},\"query-input\":{\"@type\":\"PropertyValueSpecification\",\"valueRequired\":true,\"valueName\":\"search_term_string\"}}],\"inLanguage\":\"pt-BR\"},{\"@type\":\"Organization\",\"@id\":\"https:\\\/\\\/tsukianimes.com.br\\\/#organization\",\"name\":\"Tsuki Animes\",\"url\":\"https:\\\/\\\/tsukianimes.com.br\\\/\",\"logo\":{\"@type\":\"ImageObject\",\"inLanguage\":\"pt-BR\",\"@id\":\"https:\\\/\\\/tsukianimes.com.br\\\/#\\\/schema\\\/logo\\\/image\\\/\",\"url\":\"https:\\\/\\\/tsukianimes.com.br\\\/wp-content\\\/uploads\\\/2023\\\/06\\\/cropped-Ativo-4-1.png\",\"contentUrl\":\"https:\\\/\\\/tsukianimes.com.br\\\/wp-content\\\/uploads\\\/2023\\\/06\\\/cropped-Ativo-4-1.png\",\"width\":1314,\"height\":246,\"caption\":\"Tsuki Animes\"},\"image\":{\"@id\":\"https:\\\/\\\/tsukianimes.com.br\\\/#\\\/schema\\\/logo\\\/image\\\/\"}},{\"@type\":\"Person\",\"@id\":\"https:\\\/\\\/tsukianimes.com.br\\\/#\\\/schema\\\/person\\\/9e17947002e7239c44dbc8cf7674f0b1\",\"name\":\"tsukianimes.com.br\",\"image\":{\"@type\":\"ImageObject\",\"inLanguage\":\"pt-BR\",\"@id\":\"https:\\\/\\\/secure.gravatar.com\\\/avatar\\\/591a507b759fa000b57ae174373cfe3340385427fe67262e8cdd8072bc573b93?s=96&d=mm&r=g\",\"url\":\"https:\\\/\\\/secure.gravatar.com\\\/avatar\\\/591a507b759fa000b57ae174373cfe3340385427fe67262e8cdd8072bc573b93?s=96&d=mm&r=g\",\"contentUrl\":\"https:\\\/\\\/secure.gravatar.com\\\/avatar\\\/591a507b759fa000b57ae174373cfe3340385427fe67262e8cdd8072bc573b93?s=96&d=mm&r=g\",\"caption\":\"tsukianimes.com.br\"},\"sameAs\":[\"http:\\\/\\\/tsukianimes.com.br\"],\"url\":\"https:\\\/\\\/tsukianimes.com.br\\\/index.php\\\/author\\\/tsukianimes-com-br\\\/\"}]}<\/script>\n<!-- \/ Yoast SEO plugin. -->","yoast_head_json":{"title":"Festival Viva! Jap\u00e3o \u00e9 realizado no Museu da Imigra\u00e7\u00e3o","description":"O Museu da Imigra\u00e7\u00e3o (MI) realiza, nos dias 29 e 30 de junho (s\u00e1bado e domingo), a segunda edi\u00e7\u00e3o do festival VIVA! Jap\u00e3o.","robots":{"index":"index","follow":"follow","max-snippet":"max-snippet:-1","max-image-preview":"max-image-preview:large","max-video-preview":"max-video-preview:-1"},"canonical":"https:\/\/tsukianimes.com.br\/index.php\/2024\/06\/19\/festival-viva-japao-e-realizado-no-museu-da-imigracao-em-29-e-30-de-junho\/","og_locale":"pt_BR","og_type":"article","og_title":"Festival Viva! Jap\u00e3o \u00e9 realizado no Museu da Imigra\u00e7\u00e3o em 29 e 30 de junho","og_description":"Leia mais...","og_url":"https:\/\/tsukianimes.com.br\/index.php\/2024\/06\/19\/festival-viva-japao-e-realizado-no-museu-da-imigracao-em-29-e-30-de-junho\/","og_site_name":"Tsuki Animes","article_published_time":"2024-06-20T01:58:23+00:00","og_image":[{"width":800,"height":531,"url":"https:\/\/tsukianimes.com.br\/wp-content\/uploads\/2024\/06\/festival-viva-japao.jpeg","type":"image\/jpeg"}],"author":"tsukianimes.com.br","twitter_card":"summary_large_image","twitter_misc":{"Escrito por":"tsukianimes.com.br","Est. tempo de leitura":"4 minutos"},"schema":{"@context":"https:\/\/schema.org","@graph":[{"@type":"Article","@id":"https:\/\/tsukianimes.com.br\/index.php\/2024\/06\/19\/festival-viva-japao-e-realizado-no-museu-da-imigracao-em-29-e-30-de-junho\/#article","isPartOf":{"@id":"https:\/\/tsukianimes.com.br\/index.php\/2024\/06\/19\/festival-viva-japao-e-realizado-no-museu-da-imigracao-em-29-e-30-de-junho\/"},"author":{"name":"tsukianimes.com.br","@id":"https:\/\/tsukianimes.com.br\/#\/schema\/person\/9e17947002e7239c44dbc8cf7674f0b1"},"headline":"Festival Viva! Jap\u00e3o \u00e9 realizado no Museu da Imigra\u00e7\u00e3o em 29 e 30 de junho","datePublished":"2024-06-20T01:58:23+00:00","mainEntityOfPage":{"@id":"https:\/\/tsukianimes.com.br\/index.php\/2024\/06\/19\/festival-viva-japao-e-realizado-no-museu-da-imigracao-em-29-e-30-de-junho\/"},"wordCount":592,"commentCount":1,"publisher":{"@id":"https:\/\/tsukianimes.com.br\/#organization"},"image":{"@id":"https:\/\/tsukianimes.com.br\/index.php\/2024\/06\/19\/festival-viva-japao-e-realizado-no-museu-da-imigracao-em-29-e-30-de-junho\/#primaryimage"},"thumbnailUrl":"https:\/\/tsukianimes.com.br\/wp-content\/uploads\/2024\/06\/festival-viva-japao.jpeg","keywords":["viva jap\u00e3o"],"articleSection":["Sociedade"],"inLanguage":"pt-BR","potentialAction":[{"@type":"CommentAction","name":"Comment","target":["https:\/\/tsukianimes.com.br\/index.php\/2024\/06\/19\/festival-viva-japao-e-realizado-no-museu-da-imigracao-em-29-e-30-de-junho\/#respond"]}]},{"@type":"WebPage","@id":"https:\/\/tsukianimes.com.br\/index.php\/2024\/06\/19\/festival-viva-japao-e-realizado-no-museu-da-imigracao-em-29-e-30-de-junho\/","url":"https:\/\/tsukianimes.com.br\/index.php\/2024\/06\/19\/festival-viva-japao-e-realizado-no-museu-da-imigracao-em-29-e-30-de-junho\/","name":"Festival Viva! Jap\u00e3o \u00e9 realizado no Museu da Imigra\u00e7\u00e3o","isPartOf":{"@id":"https:\/\/tsukianimes.com.br\/#website"},"primaryImageOfPage":{"@id":"https:\/\/tsukianimes.com.br\/index.php\/2024\/06\/19\/festival-viva-japao-e-realizado-no-museu-da-imigracao-em-29-e-30-de-junho\/#primaryimage"},"image":{"@id":"https:\/\/tsukianimes.com.br\/index.php\/2024\/06\/19\/festival-viva-japao-e-realizado-no-museu-da-imigracao-em-29-e-30-de-junho\/#primaryimage"},"thumbnailUrl":"https:\/\/tsukianimes.com.br\/wp-content\/uploads\/2024\/06\/festival-viva-japao.jpeg","datePublished":"2024-06-20T01:58:23+00:00","description":"O Museu da Imigra\u00e7\u00e3o (MI) realiza, nos dias 29 e 30 de junho (s\u00e1bado e domingo), a segunda edi\u00e7\u00e3o do festival VIVA! Jap\u00e3o.","breadcrumb":{"@id":"https:\/\/tsukianimes.com.br\/index.php\/2024\/06\/19\/festival-viva-japao-e-realizado-no-museu-da-imigracao-em-29-e-30-de-junho\/#breadcrumb"},"inLanguage":"pt-BR","potentialAction":[{"@type":"ReadAction","target":["https:\/\/tsukianimes.com.br\/index.php\/2024\/06\/19\/festival-viva-japao-e-realizado-no-museu-da-imigracao-em-29-e-30-de-junho\/"]}]},{"@type":"ImageObject","inLanguage":"pt-BR","@id":"https:\/\/tsukianimes.com.br\/index.php\/2024\/06\/19\/festival-viva-japao-e-realizado-no-museu-da-imigracao-em-29-e-30-de-junho\/#primaryimage","url":"https:\/\/tsukianimes.com.br\/wp-content\/uploads\/2024\/06\/festival-viva-japao.jpeg","contentUrl":"https:\/\/tsukianimes.com.br\/wp-content\/uploads\/2024\/06\/festival-viva-japao.jpeg","width":800,"height":531,"caption":"Festival Viva! Jap\u00e3o"},{"@type":"BreadcrumbList","@id":"https:\/\/tsukianimes.com.br\/index.php\/2024\/06\/19\/festival-viva-japao-e-realizado-no-museu-da-imigracao-em-29-e-30-de-junho\/#breadcrumb","itemListElement":[{"@type":"ListItem","position":1,"name":"In\u00edcio","item":"https:\/\/tsukianimes.com.br\/"},{"@type":"ListItem","position":2,"name":"Festival Viva! Jap\u00e3o \u00e9 realizado no Museu da Imigra\u00e7\u00e3o em 29 e 30 de junho"}]},{"@type":"WebSite","@id":"https:\/\/tsukianimes.com.br\/#website","url":"https:\/\/tsukianimes.com.br\/","name":"Tsuki Animes","description":"","publisher":{"@id":"https:\/\/tsukianimes.com.br\/#organization"},"potentialAction":[{"@type":"SearchAction","target":{"@type":"EntryPoint","urlTemplate":"https:\/\/tsukianimes.com.br\/?s={search_term_string}"},"query-input":{"@type":"PropertyValueSpecification","valueRequired":true,"valueName":"search_term_string"}}],"inLanguage":"pt-BR"},{"@type":"Organization","@id":"https:\/\/tsukianimes.com.br\/#organization","name":"Tsuki Animes","url":"https:\/\/tsukianimes.com.br\/","logo":{"@type":"ImageObject","inLanguage":"pt-BR","@id":"https:\/\/tsukianimes.com.br\/#\/schema\/logo\/image\/","url":"https:\/\/tsukianimes.com.br\/wp-content\/uploads\/2023\/06\/cropped-Ativo-4-1.png","contentUrl":"https:\/\/tsukianimes.com.br\/wp-content\/uploads\/2023\/06\/cropped-Ativo-4-1.png","width":1314,"height":246,"caption":"Tsuki Animes"},"image":{"@id":"https:\/\/tsukianimes.com.br\/#\/schema\/logo\/image\/"}},{"@type":"Person","@id":"https:\/\/tsukianimes.com.br\/#\/schema\/person\/9e17947002e7239c44dbc8cf7674f0b1","name":"tsukianimes.com.br","image":{"@type":"ImageObject","inLanguage":"pt-BR","@id":"https:\/\/secure.gravatar.com\/avatar\/591a507b759fa000b57ae174373cfe3340385427fe67262e8cdd8072bc573b93?s=96&d=mm&r=g","url":"https:\/\/secure.gravatar.com\/avatar\/591a507b759fa000b57ae174373cfe3340385427fe67262e8cdd8072bc573b93?s=96&d=mm&r=g","contentUrl":"https:\/\/secure.gravatar.com\/avatar\/591a507b759fa000b57ae174373cfe3340385427fe67262e8cdd8072bc573b93?s=96&d=mm&r=g","caption":"tsukianimes.com.br"},"sameAs":["http:\/\/tsukianimes.com.br"],"url":"https:\/\/tsukianimes.com.br\/index.php\/author\/tsukianimes-com-br\/"}]}},"amp_enabled":true,"_links":{"self":[{"href":"https:\/\/tsukianimes.com.br\/index.php\/wp-json\/wp\/v2\/posts\/1188","targetHints":{"allow":["GET"]}}],"collection":[{"href":"https:\/\/tsukianimes.com.br\/index.php\/wp-json\/wp\/v2\/posts"}],"about":[{"href":"https:\/\/tsukianimes.com.br\/index.php\/wp-json\/wp\/v2\/types\/post"}],"author":[{"embeddable":true,"href":"https:\/\/tsukianimes.com.br\/index.php\/wp-json\/wp\/v2\/users\/1"}],"replies":[{"embeddable":true,"href":"https:\/\/tsukianimes.com.br\/index.php\/wp-json\/wp\/v2\/comments?post=1188"}],"version-history":[{"count":2,"href":"https:\/\/tsukianimes.com.br\/index.php\/wp-json\/wp\/v2\/posts\/1188\/revisions"}],"predecessor-version":[{"id":1191,"href":"https:\/\/tsukianimes.com.br\/index.php\/wp-json\/wp\/v2\/posts\/1188\/revisions\/1191"}],"wp:featuredmedia":[{"embeddable":true,"href":"https:\/\/tsukianimes.com.br\/index.php\/wp-json\/wp\/v2\/media\/1190"}],"wp:attachment":[{"href":"https:\/\/tsukianimes.com.br\/index.php\/wp-json\/wp\/v2\/media?parent=1188"}],"wp:term":[{"taxonomy":"category","embeddable":true,"href":"https:\/\/tsukianimes.com.br\/index.php\/wp-json\/wp\/v2\/categories?post=1188"},{"taxonomy":"post_tag","embeddable":true,"href":"https:\/\/tsukianimes.com.br\/index.php\/wp-json\/wp\/v2\/tags?post=1188"}],"curies":[{"name":"wp","href":"https:\/\/api.w.org\/{rel}","templated":true}]}}