{"id":1185,"date":"2024-06-18T23:42:54","date_gmt":"2024-06-19T02:42:54","guid":{"rendered":"https:\/\/tsukianimes.com.br\/?p=1185"},"modified":"2024-06-18T23:42:54","modified_gmt":"2024-06-19T02:42:54","slug":"avatar-graphic-novel-de-a-procura-e-lancada-no-brasil","status":"publish","type":"post","link":"https:\/\/tsukianimes.com.br\/index.php\/2024\/06\/18\/avatar-graphic-novel-de-a-procura-e-lancada-no-brasil\/","title":{"rendered":"Avatar: Graphic novel de &#8220;A Procura&#8221; \u00e9 lan\u00e7ada no Brasil"},"content":{"rendered":"<p><span style=\"color: #000000;\">Chega ao Brasil, pela<\/span> <a href=\"https:\/\/www.planetadelivros.com.br\/livro-avatar-a-lenda-de-aang-a-procura\/401390\" target=\"_blank\" rel=\"noopener\">Editora Planeta<\/a>, <span style=\"color: #000000;\">a graphic novel Avatar: O \u00faltimo mestre do ar \u2013 A procura, escrita por Gene Luen Yang com a colabora\u00e7\u00e3o dos criadores da s\u00e9rie animada, Bryan Konietzko e Michel Dante DiMartino. Na obra, Zuko conta com a ajuda do time Avatar, al\u00e9m de uma aliada improv\u00e1vel, em busca de respostas sobre o que aconteceu com a pr\u00f3pria m\u00e3e.<\/span><\/p>\n<p><span style=\"color: #000000;\">Intercalando passado e presente, em\u00a0<i>flashback<\/i>, a narrativa acompanha a hist\u00f3ria de Ursa, filha de um dos magistrados de Hira&#8217;a e neta do avatar Roku. Apaixonada pelo amigo de inf\u00e2ncia Ikem, a garota \u00e9 prometida em casamento ao pr\u00edncipe do fogo Ozai, com quem se casa e tem dois filhos: Zuko e Azula. Retornando aos acontecimentos atuais, ap\u00f3s assumir o lugar de senhor do fogo, Zuko entende que a fam\u00edlia \u00e9 como uma pequena na\u00e7\u00e3o e decide que quer resgatar o passado da pr\u00f3pria para aprender a ser um bom governante.<\/span><\/p>\n<p><span style=\"color: #000000;\">Para encontrar pistas que o levem a respostas sobre o que aconteceu com Ursa ao ser banida da Na\u00e7\u00e3o do Fogo, Zuko precisar\u00e1 reconstruir la\u00e7os com Azula, a irm\u00e3 que ele enviou ao hosp\u00edcio ap\u00f3s o fim da guerra dos cem anos. Com um acordo perigoso, junto com Aang, Katara, Sokka, Momo e Appa, Zuko e Azula embarcam em uma aventura at\u00e9 o distante vilarejo de Hira&#8217;a para descobrirem toda a verdade.<\/span><\/p>\n<p><span style=\"color: #000000;\"><strong>FICHA T\u00c9CNICA<\/strong><\/span><\/p>\n<ul>\n<li><span style=\"color: #000000;\">T\u00edtulo: Avatar: A procura<\/span><\/li>\n<li><span style=\"color: #000000;\">Tradu\u00e7\u00e3o: Paloma Blanca<\/span><\/li>\n<li><span style=\"color: #000000;\">ISBN: 978-85-422-2704-8<\/span><\/li>\n<li><span style=\"color: #000000;\">P\u00e1ginas: 240 p.<\/span><\/li>\n<li><span style=\"color: #000000;\">Pre\u00e7o: R$ 62,90 (brochura com orelhas)\/ R$ 42,90 (ebook)<\/span><\/li>\n<li><span style=\"color: #000000;\">Editora Planeta<\/span><\/li>\n<\/ul>\n<p><span style=\"color: #000000;\"><em>Foto: Divulga\u00e7\u00e3o\/ Editora Planeta<\/em><\/span><\/p>\n<p><span style=\"color: #000000;\"><strong>Mais em Avatar<\/strong><\/span><\/p>\n<p><a href=\"https:\/\/tsukianimes.com.br\/index.php\/2024\/04\/11\/review-2024-avatar\/\" target=\"_blank\" rel=\"noopener\">Review 2024: Avatar<\/a><\/p>\n","protected":false},"excerpt":{"rendered":"<p>Chega ao Brasil, pela Editora Planeta, a graphic novel Avatar: O \u00faltimo mestre do ar \u2013 A procura, escrita por Gene Luen Yang com a colabora\u00e7\u00e3o dos criadores da s\u00e9rie animada, Bryan Konietzko e Michel Dante DiMartino. Na obra, Zuko conta com a ajuda do time Avatar, al\u00e9m de uma aliada improv\u00e1vel, em busca de &hellip; <\/p>\n","protected":false},"author":1,"featured_media":1186,"comment_status":"open","ping_status":"open","sticky":false,"template":"","format":"standard","meta":{"om_disable_all_campaigns":false,"_monsterinsights_skip_tracking":false,"_monsterinsights_sitenote_active":false,"_monsterinsights_sitenote_note":"","_monsterinsights_sitenote_category":0,"_uf_show_specific_survey":0,"_uf_disable_surveys":false,"footnotes":""},"categories":[5],"tags":[195,6],"class_list":["post-1185","post","type-post","status-publish","format-standard","has-post-thumbnail","hentry","category-mangas","tag-avatar","tag-mangas","latest_post"],"yoast_head":"<!-- This site is optimized with the Yoast SEO plugin v27.4 - https:\/\/yoast.com\/product\/yoast-seo-wordpress\/ -->\n<title>Avatar: Graphic novel de &quot;A Procura&quot; \u00e9 lan\u00e7ada no Brasil - Tsuki Animes<\/title>\n<meta name=\"description\" content=\"Chega ao Brasil a graphic novel Avatar: A procura, escrita por Gene Luen Yang com a colabora\u00e7\u00e3o dos criadores da s\u00e9rie.\" \/>\n<meta name=\"robots\" content=\"index, follow, max-snippet:-1, max-image-preview:large, max-video-preview:-1\" \/>\n<link rel=\"canonical\" href=\"https:\/\/tsukianimes.com.br\/index.php\/2024\/06\/18\/avatar-graphic-novel-de-a-procura-e-lancada-no-brasil\/\" \/>\n<meta property=\"og:locale\" content=\"pt_BR\" \/>\n<meta property=\"og:type\" content=\"article\" \/>\n<meta property=\"og:title\" content=\"Avatar: Graphic novel de &quot;A Procura&quot; \u00e9 lan\u00e7ada no Brasil\" \/>\n<meta property=\"og:description\" content=\"Leia mais...\" \/>\n<meta property=\"og:url\" content=\"https:\/\/tsukianimes.com.br\/index.php\/2024\/06\/18\/avatar-graphic-novel-de-a-procura-e-lancada-no-brasil\/\" \/>\n<meta property=\"og:site_name\" content=\"Tsuki Animes\" \/>\n<meta property=\"article:published_time\" content=\"2024-06-19T02:42:54+00:00\" \/>\n<meta property=\"og:image\" content=\"https:\/\/tsukianimes.com.br\/wp-content\/uploads\/2024\/06\/avatar_a-procura.jpg\" \/>\n\t<meta property=\"og:image:width\" content=\"292\" \/>\n\t<meta property=\"og:image:height\" content=\"442\" \/>\n\t<meta property=\"og:image:type\" content=\"image\/jpeg\" \/>\n<meta name=\"author\" content=\"tsukianimes.com.br\" \/>\n<meta name=\"twitter:card\" content=\"summary_large_image\" \/>\n<meta name=\"twitter:label1\" content=\"Escrito por\" \/>\n\t<meta name=\"twitter:data1\" content=\"tsukianimes.com.br\" \/>\n\t<meta name=\"twitter:label2\" content=\"Est. tempo de leitura\" \/>\n\t<meta name=\"twitter:data2\" content=\"2 minutos\" \/>\n<script type=\"application\/ld+json\" class=\"yoast-schema-graph\">{\"@context\":\"https:\\\/\\\/schema.org\",\"@graph\":[{\"@type\":\"Article\",\"@id\":\"https:\\\/\\\/tsukianimes.com.br\\\/index.php\\\/2024\\\/06\\\/18\\\/avatar-graphic-novel-de-a-procura-e-lancada-no-brasil\\\/#article\",\"isPartOf\":{\"@id\":\"https:\\\/\\\/tsukianimes.com.br\\\/index.php\\\/2024\\\/06\\\/18\\\/avatar-graphic-novel-de-a-procura-e-lancada-no-brasil\\\/\"},\"author\":{\"name\":\"tsukianimes.com.br\",\"@id\":\"https:\\\/\\\/tsukianimes.com.br\\\/#\\\/schema\\\/person\\\/9e17947002e7239c44dbc8cf7674f0b1\"},\"headline\":\"Avatar: Graphic novel de &#8220;A Procura&#8221; \u00e9 lan\u00e7ada no Brasil\",\"datePublished\":\"2024-06-19T02:42:54+00:00\",\"mainEntityOfPage\":{\"@id\":\"https:\\\/\\\/tsukianimes.com.br\\\/index.php\\\/2024\\\/06\\\/18\\\/avatar-graphic-novel-de-a-procura-e-lancada-no-brasil\\\/\"},\"wordCount\":293,\"commentCount\":0,\"publisher\":{\"@id\":\"https:\\\/\\\/tsukianimes.com.br\\\/#organization\"},\"image\":{\"@id\":\"https:\\\/\\\/tsukianimes.com.br\\\/index.php\\\/2024\\\/06\\\/18\\\/avatar-graphic-novel-de-a-procura-e-lancada-no-brasil\\\/#primaryimage\"},\"thumbnailUrl\":\"https:\\\/\\\/tsukianimes.com.br\\\/wp-content\\\/uploads\\\/2024\\\/06\\\/avatar_a-procura.jpg\",\"keywords\":[\"avatar\",\"mang\u00e1s\"],\"articleSection\":[\"Mang\u00e1s\"],\"inLanguage\":\"pt-BR\",\"potentialAction\":[{\"@type\":\"CommentAction\",\"name\":\"Comment\",\"target\":[\"https:\\\/\\\/tsukianimes.com.br\\\/index.php\\\/2024\\\/06\\\/18\\\/avatar-graphic-novel-de-a-procura-e-lancada-no-brasil\\\/#respond\"]}]},{\"@type\":\"WebPage\",\"@id\":\"https:\\\/\\\/tsukianimes.com.br\\\/index.php\\\/2024\\\/06\\\/18\\\/avatar-graphic-novel-de-a-procura-e-lancada-no-brasil\\\/\",\"url\":\"https:\\\/\\\/tsukianimes.com.br\\\/index.php\\\/2024\\\/06\\\/18\\\/avatar-graphic-novel-de-a-procura-e-lancada-no-brasil\\\/\",\"name\":\"Avatar: Graphic novel de \\\"A Procura\\\" \u00e9 lan\u00e7ada no Brasil - Tsuki Animes\",\"isPartOf\":{\"@id\":\"https:\\\/\\\/tsukianimes.com.br\\\/#website\"},\"primaryImageOfPage\":{\"@id\":\"https:\\\/\\\/tsukianimes.com.br\\\/index.php\\\/2024\\\/06\\\/18\\\/avatar-graphic-novel-de-a-procura-e-lancada-no-brasil\\\/#primaryimage\"},\"image\":{\"@id\":\"https:\\\/\\\/tsukianimes.com.br\\\/index.php\\\/2024\\\/06\\\/18\\\/avatar-graphic-novel-de-a-procura-e-lancada-no-brasil\\\/#primaryimage\"},\"thumbnailUrl\":\"https:\\\/\\\/tsukianimes.com.br\\\/wp-content\\\/uploads\\\/2024\\\/06\\\/avatar_a-procura.jpg\",\"datePublished\":\"2024-06-19T02:42:54+00:00\",\"description\":\"Chega ao Brasil a graphic novel Avatar: A procura, escrita por Gene Luen Yang com a colabora\u00e7\u00e3o dos criadores da s\u00e9rie.\",\"breadcrumb\":{\"@id\":\"https:\\\/\\\/tsukianimes.com.br\\\/index.php\\\/2024\\\/06\\\/18\\\/avatar-graphic-novel-de-a-procura-e-lancada-no-brasil\\\/#breadcrumb\"},\"inLanguage\":\"pt-BR\",\"potentialAction\":[{\"@type\":\"ReadAction\",\"target\":[\"https:\\\/\\\/tsukianimes.com.br\\\/index.php\\\/2024\\\/06\\\/18\\\/avatar-graphic-novel-de-a-procura-e-lancada-no-brasil\\\/\"]}]},{\"@type\":\"ImageObject\",\"inLanguage\":\"pt-BR\",\"@id\":\"https:\\\/\\\/tsukianimes.com.br\\\/index.php\\\/2024\\\/06\\\/18\\\/avatar-graphic-novel-de-a-procura-e-lancada-no-brasil\\\/#primaryimage\",\"url\":\"https:\\\/\\\/tsukianimes.com.br\\\/wp-content\\\/uploads\\\/2024\\\/06\\\/avatar_a-procura.jpg\",\"contentUrl\":\"https:\\\/\\\/tsukianimes.com.br\\\/wp-content\\\/uploads\\\/2024\\\/06\\\/avatar_a-procura.jpg\",\"width\":292,\"height\":442,\"caption\":\"Avatar: A Procura\"},{\"@type\":\"BreadcrumbList\",\"@id\":\"https:\\\/\\\/tsukianimes.com.br\\\/index.php\\\/2024\\\/06\\\/18\\\/avatar-graphic-novel-de-a-procura-e-lancada-no-brasil\\\/#breadcrumb\",\"itemListElement\":[{\"@type\":\"ListItem\",\"position\":1,\"name\":\"In\u00edcio\",\"item\":\"https:\\\/\\\/tsukianimes.com.br\\\/\"},{\"@type\":\"ListItem\",\"position\":2,\"name\":\"Avatar: Graphic novel de &#8220;A Procura&#8221; \u00e9 lan\u00e7ada no Brasil\"}]},{\"@type\":\"WebSite\",\"@id\":\"https:\\\/\\\/tsukianimes.com.br\\\/#website\",\"url\":\"https:\\\/\\\/tsukianimes.com.br\\\/\",\"name\":\"Tsuki Animes\",\"description\":\"\",\"publisher\":{\"@id\":\"https:\\\/\\\/tsukianimes.com.br\\\/#organization\"},\"potentialAction\":[{\"@type\":\"SearchAction\",\"target\":{\"@type\":\"EntryPoint\",\"urlTemplate\":\"https:\\\/\\\/tsukianimes.com.br\\\/?s={search_term_string}\"},\"query-input\":{\"@type\":\"PropertyValueSpecification\",\"valueRequired\":true,\"valueName\":\"search_term_string\"}}],\"inLanguage\":\"pt-BR\"},{\"@type\":\"Organization\",\"@id\":\"https:\\\/\\\/tsukianimes.com.br\\\/#organization\",\"name\":\"Tsuki Animes\",\"url\":\"https:\\\/\\\/tsukianimes.com.br\\\/\",\"logo\":{\"@type\":\"ImageObject\",\"inLanguage\":\"pt-BR\",\"@id\":\"https:\\\/\\\/tsukianimes.com.br\\\/#\\\/schema\\\/logo\\\/image\\\/\",\"url\":\"https:\\\/\\\/tsukianimes.com.br\\\/wp-content\\\/uploads\\\/2023\\\/06\\\/cropped-Ativo-4-1.png\",\"contentUrl\":\"https:\\\/\\\/tsukianimes.com.br\\\/wp-content\\\/uploads\\\/2023\\\/06\\\/cropped-Ativo-4-1.png\",\"width\":1314,\"height\":246,\"caption\":\"Tsuki Animes\"},\"image\":{\"@id\":\"https:\\\/\\\/tsukianimes.com.br\\\/#\\\/schema\\\/logo\\\/image\\\/\"}},{\"@type\":\"Person\",\"@id\":\"https:\\\/\\\/tsukianimes.com.br\\\/#\\\/schema\\\/person\\\/9e17947002e7239c44dbc8cf7674f0b1\",\"name\":\"tsukianimes.com.br\",\"image\":{\"@type\":\"ImageObject\",\"inLanguage\":\"pt-BR\",\"@id\":\"https:\\\/\\\/secure.gravatar.com\\\/avatar\\\/591a507b759fa000b57ae174373cfe3340385427fe67262e8cdd8072bc573b93?s=96&d=mm&r=g\",\"url\":\"https:\\\/\\\/secure.gravatar.com\\\/avatar\\\/591a507b759fa000b57ae174373cfe3340385427fe67262e8cdd8072bc573b93?s=96&d=mm&r=g\",\"contentUrl\":\"https:\\\/\\\/secure.gravatar.com\\\/avatar\\\/591a507b759fa000b57ae174373cfe3340385427fe67262e8cdd8072bc573b93?s=96&d=mm&r=g\",\"caption\":\"tsukianimes.com.br\"},\"sameAs\":[\"http:\\\/\\\/tsukianimes.com.br\"],\"url\":\"https:\\\/\\\/tsukianimes.com.br\\\/index.php\\\/author\\\/tsukianimes-com-br\\\/\"}]}<\/script>\n<!-- \/ Yoast SEO plugin. -->","yoast_head_json":{"title":"Avatar: Graphic novel de \"A Procura\" \u00e9 lan\u00e7ada no Brasil - Tsuki Animes","description":"Chega ao Brasil a graphic novel Avatar: A procura, escrita por Gene Luen Yang com a colabora\u00e7\u00e3o dos criadores da s\u00e9rie.","robots":{"index":"index","follow":"follow","max-snippet":"max-snippet:-1","max-image-preview":"max-image-preview:large","max-video-preview":"max-video-preview:-1"},"canonical":"https:\/\/tsukianimes.com.br\/index.php\/2024\/06\/18\/avatar-graphic-novel-de-a-procura-e-lancada-no-brasil\/","og_locale":"pt_BR","og_type":"article","og_title":"Avatar: Graphic novel de \"A Procura\" \u00e9 lan\u00e7ada no Brasil","og_description":"Leia mais...","og_url":"https:\/\/tsukianimes.com.br\/index.php\/2024\/06\/18\/avatar-graphic-novel-de-a-procura-e-lancada-no-brasil\/","og_site_name":"Tsuki Animes","article_published_time":"2024-06-19T02:42:54+00:00","og_image":[{"width":292,"height":442,"url":"https:\/\/tsukianimes.com.br\/wp-content\/uploads\/2024\/06\/avatar_a-procura.jpg","type":"image\/jpeg"}],"author":"tsukianimes.com.br","twitter_card":"summary_large_image","twitter_misc":{"Escrito por":"tsukianimes.com.br","Est. tempo de leitura":"2 minutos"},"schema":{"@context":"https:\/\/schema.org","@graph":[{"@type":"Article","@id":"https:\/\/tsukianimes.com.br\/index.php\/2024\/06\/18\/avatar-graphic-novel-de-a-procura-e-lancada-no-brasil\/#article","isPartOf":{"@id":"https:\/\/tsukianimes.com.br\/index.php\/2024\/06\/18\/avatar-graphic-novel-de-a-procura-e-lancada-no-brasil\/"},"author":{"name":"tsukianimes.com.br","@id":"https:\/\/tsukianimes.com.br\/#\/schema\/person\/9e17947002e7239c44dbc8cf7674f0b1"},"headline":"Avatar: Graphic novel de &#8220;A Procura&#8221; \u00e9 lan\u00e7ada no Brasil","datePublished":"2024-06-19T02:42:54+00:00","mainEntityOfPage":{"@id":"https:\/\/tsukianimes.com.br\/index.php\/2024\/06\/18\/avatar-graphic-novel-de-a-procura-e-lancada-no-brasil\/"},"wordCount":293,"commentCount":0,"publisher":{"@id":"https:\/\/tsukianimes.com.br\/#organization"},"image":{"@id":"https:\/\/tsukianimes.com.br\/index.php\/2024\/06\/18\/avatar-graphic-novel-de-a-procura-e-lancada-no-brasil\/#primaryimage"},"thumbnailUrl":"https:\/\/tsukianimes.com.br\/wp-content\/uploads\/2024\/06\/avatar_a-procura.jpg","keywords":["avatar","mang\u00e1s"],"articleSection":["Mang\u00e1s"],"inLanguage":"pt-BR","potentialAction":[{"@type":"CommentAction","name":"Comment","target":["https:\/\/tsukianimes.com.br\/index.php\/2024\/06\/18\/avatar-graphic-novel-de-a-procura-e-lancada-no-brasil\/#respond"]}]},{"@type":"WebPage","@id":"https:\/\/tsukianimes.com.br\/index.php\/2024\/06\/18\/avatar-graphic-novel-de-a-procura-e-lancada-no-brasil\/","url":"https:\/\/tsukianimes.com.br\/index.php\/2024\/06\/18\/avatar-graphic-novel-de-a-procura-e-lancada-no-brasil\/","name":"Avatar: Graphic novel de \"A Procura\" \u00e9 lan\u00e7ada no Brasil - Tsuki Animes","isPartOf":{"@id":"https:\/\/tsukianimes.com.br\/#website"},"primaryImageOfPage":{"@id":"https:\/\/tsukianimes.com.br\/index.php\/2024\/06\/18\/avatar-graphic-novel-de-a-procura-e-lancada-no-brasil\/#primaryimage"},"image":{"@id":"https:\/\/tsukianimes.com.br\/index.php\/2024\/06\/18\/avatar-graphic-novel-de-a-procura-e-lancada-no-brasil\/#primaryimage"},"thumbnailUrl":"https:\/\/tsukianimes.com.br\/wp-content\/uploads\/2024\/06\/avatar_a-procura.jpg","datePublished":"2024-06-19T02:42:54+00:00","description":"Chega ao Brasil a graphic novel Avatar: A procura, escrita por Gene Luen Yang com a colabora\u00e7\u00e3o dos criadores da s\u00e9rie.","breadcrumb":{"@id":"https:\/\/tsukianimes.com.br\/index.php\/2024\/06\/18\/avatar-graphic-novel-de-a-procura-e-lancada-no-brasil\/#breadcrumb"},"inLanguage":"pt-BR","potentialAction":[{"@type":"ReadAction","target":["https:\/\/tsukianimes.com.br\/index.php\/2024\/06\/18\/avatar-graphic-novel-de-a-procura-e-lancada-no-brasil\/"]}]},{"@type":"ImageObject","inLanguage":"pt-BR","@id":"https:\/\/tsukianimes.com.br\/index.php\/2024\/06\/18\/avatar-graphic-novel-de-a-procura-e-lancada-no-brasil\/#primaryimage","url":"https:\/\/tsukianimes.com.br\/wp-content\/uploads\/2024\/06\/avatar_a-procura.jpg","contentUrl":"https:\/\/tsukianimes.com.br\/wp-content\/uploads\/2024\/06\/avatar_a-procura.jpg","width":292,"height":442,"caption":"Avatar: A Procura"},{"@type":"BreadcrumbList","@id":"https:\/\/tsukianimes.com.br\/index.php\/2024\/06\/18\/avatar-graphic-novel-de-a-procura-e-lancada-no-brasil\/#breadcrumb","itemListElement":[{"@type":"ListItem","position":1,"name":"In\u00edcio","item":"https:\/\/tsukianimes.com.br\/"},{"@type":"ListItem","position":2,"name":"Avatar: Graphic novel de &#8220;A Procura&#8221; \u00e9 lan\u00e7ada no Brasil"}]},{"@type":"WebSite","@id":"https:\/\/tsukianimes.com.br\/#website","url":"https:\/\/tsukianimes.com.br\/","name":"Tsuki Animes","description":"","publisher":{"@id":"https:\/\/tsukianimes.com.br\/#organization"},"potentialAction":[{"@type":"SearchAction","target":{"@type":"EntryPoint","urlTemplate":"https:\/\/tsukianimes.com.br\/?s={search_term_string}"},"query-input":{"@type":"PropertyValueSpecification","valueRequired":true,"valueName":"search_term_string"}}],"inLanguage":"pt-BR"},{"@type":"Organization","@id":"https:\/\/tsukianimes.com.br\/#organization","name":"Tsuki Animes","url":"https:\/\/tsukianimes.com.br\/","logo":{"@type":"ImageObject","inLanguage":"pt-BR","@id":"https:\/\/tsukianimes.com.br\/#\/schema\/logo\/image\/","url":"https:\/\/tsukianimes.com.br\/wp-content\/uploads\/2023\/06\/cropped-Ativo-4-1.png","contentUrl":"https:\/\/tsukianimes.com.br\/wp-content\/uploads\/2023\/06\/cropped-Ativo-4-1.png","width":1314,"height":246,"caption":"Tsuki Animes"},"image":{"@id":"https:\/\/tsukianimes.com.br\/#\/schema\/logo\/image\/"}},{"@type":"Person","@id":"https:\/\/tsukianimes.com.br\/#\/schema\/person\/9e17947002e7239c44dbc8cf7674f0b1","name":"tsukianimes.com.br","image":{"@type":"ImageObject","inLanguage":"pt-BR","@id":"https:\/\/secure.gravatar.com\/avatar\/591a507b759fa000b57ae174373cfe3340385427fe67262e8cdd8072bc573b93?s=96&d=mm&r=g","url":"https:\/\/secure.gravatar.com\/avatar\/591a507b759fa000b57ae174373cfe3340385427fe67262e8cdd8072bc573b93?s=96&d=mm&r=g","contentUrl":"https:\/\/secure.gravatar.com\/avatar\/591a507b759fa000b57ae174373cfe3340385427fe67262e8cdd8072bc573b93?s=96&d=mm&r=g","caption":"tsukianimes.com.br"},"sameAs":["http:\/\/tsukianimes.com.br"],"url":"https:\/\/tsukianimes.com.br\/index.php\/author\/tsukianimes-com-br\/"}]}},"amp_enabled":true,"_links":{"self":[{"href":"https:\/\/tsukianimes.com.br\/index.php\/wp-json\/wp\/v2\/posts\/1185","targetHints":{"allow":["GET"]}}],"collection":[{"href":"https:\/\/tsukianimes.com.br\/index.php\/wp-json\/wp\/v2\/posts"}],"about":[{"href":"https:\/\/tsukianimes.com.br\/index.php\/wp-json\/wp\/v2\/types\/post"}],"author":[{"embeddable":true,"href":"https:\/\/tsukianimes.com.br\/index.php\/wp-json\/wp\/v2\/users\/1"}],"replies":[{"embeddable":true,"href":"https:\/\/tsukianimes.com.br\/index.php\/wp-json\/wp\/v2\/comments?post=1185"}],"version-history":[{"count":1,"href":"https:\/\/tsukianimes.com.br\/index.php\/wp-json\/wp\/v2\/posts\/1185\/revisions"}],"predecessor-version":[{"id":1187,"href":"https:\/\/tsukianimes.com.br\/index.php\/wp-json\/wp\/v2\/posts\/1185\/revisions\/1187"}],"wp:featuredmedia":[{"embeddable":true,"href":"https:\/\/tsukianimes.com.br\/index.php\/wp-json\/wp\/v2\/media\/1186"}],"wp:attachment":[{"href":"https:\/\/tsukianimes.com.br\/index.php\/wp-json\/wp\/v2\/media?parent=1185"}],"wp:term":[{"taxonomy":"category","embeddable":true,"href":"https:\/\/tsukianimes.com.br\/index.php\/wp-json\/wp\/v2\/categories?post=1185"},{"taxonomy":"post_tag","embeddable":true,"href":"https:\/\/tsukianimes.com.br\/index.php\/wp-json\/wp\/v2\/tags?post=1185"}],"curies":[{"name":"wp","href":"https:\/\/api.w.org\/{rel}","templated":true}]}}