{"id":1182,"date":"2024-06-17T22:32:16","date_gmt":"2024-06-18T01:32:16","guid":{"rendered":"https:\/\/tsukianimes.com.br\/?p=1182"},"modified":"2024-06-17T22:32:16","modified_gmt":"2024-06-18T01:32:16","slug":"aloners-longa-sul-coreano-sera-exibido-no-sesc-santana","status":"publish","type":"post","link":"https:\/\/tsukianimes.com.br\/index.php\/2024\/06\/17\/aloners-longa-sul-coreano-sera-exibido-no-sesc-santana\/","title":{"rendered":"Aloners: longa sul-coreano ser\u00e1 exibido no Sesc Santana"},"content":{"rendered":"<p>Na pr\u00f3xima ter\u00e7a-feira (18), o roteiro robusto do filme sul coreano, Aloners (2021), ganha a tela do Sesc Santana. O longa marcou a estreia da diretora e roteirista Hong Sung-eun, e foi recebido de forma positiva por p\u00fablico e cr\u00edtica ao explorar as contradi\u00e7\u00f5es da solid\u00e3o moderna.<\/p>\n<p>A sess\u00e3o de cinema \u00e9 gratuita, come\u00e7a \u00e0s 20h horas e a retirada de ingresso pode ser realizada na <a href=\"https:\/\/centralrelacionamento.sescsp.org.br\/\" target=\"_blank\" rel=\"noopener\">central de relacionamento digital<\/a>, pelo app Credencial Sesc SP ou presencialmente nas bilheterias das unidades do Sesc.<\/p>\n<p>O filme faz parte do projeto &#8220;Vozes Amarelas: O Leste-asi\u00e1tico por diretoras mulheres&#8221;, que promove um di\u00e1logo intercultural partindo da centralidade de produ\u00e7\u00e3o do cinema por pessoas amarelas e rejeitando estere\u00f3tipos promovidos pela m\u00eddia ocidental.<\/p>\n<p>Emprestam gabarito \u00e0 mostra diretoras como as chinesas Zheng Lu Xiuyuan e Vivian Qu, as sul-coreanas Hong Sung-eun e Yoon Dan-b, e as japonesas Kinuyo Tanaka e Chikako Yamashiro. A curadoria foi idealizada pela mestra em literatura e cultura japonesa Cacau Ideguchi.<\/p>\n<p>Veja abaixo a sinopse de &#8220;Aloners&#8221;:<\/p>\n<p>(Dir. Hong Sung-eun, 2021, Coreia do Sul, fic\u00e7\u00e3o, 91 min, LEG, 12 anos)<\/p>\n<p><em>Jina, que trabalha no atendimento de uma operadora de cart\u00e3o de cr\u00e9dito, evita estabelecer relacionamentos pr\u00f3ximos, optando por morar e trabalhar sozinha. Um dia, o seu irritante vizinho \u00e9 descoberto morto, e as rela\u00e7\u00f5es que Jina decidiu negligenciar no passado come\u00e7am a incomod\u00e1-la.<\/em><\/p>\n<p><strong>SERVI\u00c7O<\/strong><\/p>\n<ul>\n<li>De 04 a 02\/07. Ter\u00e7a-feira, \u00e0s 20h.<\/li>\n<li>Dia 09\/07, \u00e0s 18h.<\/li>\n<li>Sesc Santana \u2013 Av. Luiz Dumont Villares, 579 \u2013 Jd. S\u00e3o Paulo.<\/li>\n<li>Local: Teatro. 200 lugares. Gr\u00e1tis.<\/li>\n<li>Ingressos: Retirada pelo app Credencial Sesc SP ou presencialmente nas bilheterias das unidades Sesc.<\/li>\n<li>Acesso para pessoas com defici\u00eancia<\/li>\n<li>Estacionamento &#8211; R$ 17,00 a primeira hora e R$ 4,00 a hora adicional &#8211; desconto para credenciados.<br \/>\nParaciclo: gratuito (obs.: \u00e9 necess\u00e1rio a utiliza\u00e7\u00e3o travas de seguran\u00e7as). 19 vagas<\/li>\n<\/ul>\n<p>Para informa\u00e7\u00f5es sobre outras programa\u00e7\u00f5es, acesse o portal <a href=\"https:\/\/www.sescsp.org.br\/\" target=\"_blank\" rel=\"noopener\">Sesc SP<\/a>.<\/p>\n<p><em>Foto: Divulga\u00e7\u00e3o\/ Ascom.<\/em><\/p>\n<p><strong>Mais em Filmes<\/strong><\/p>\n<p><a href=\"https:\/\/tsukianimes.com.br\/index.php\/2024\/04\/24\/curta-nipo-brasileiro-amarela-concorre-a-palma-de-ouro-em-cannes\/\" target=\"_blank\" rel=\"noopener\">Curta nipo-brasileiro \u201cAMARELA\u201d concorre \u00e0 Palma de Ouro em Cannes<\/a><\/p>\n","protected":false},"excerpt":{"rendered":"<p>Na pr\u00f3xima ter\u00e7a-feira (18), o roteiro robusto do filme sul coreano, Aloners (2021), ganha a tela do Sesc Santana. O longa marcou a estreia da diretora e roteirista Hong Sung-eun, e foi recebido de forma positiva por p\u00fablico e cr\u00edtica ao explorar as contradi\u00e7\u00f5es da solid\u00e3o moderna. A sess\u00e3o de cinema \u00e9 gratuita, come\u00e7a \u00e0s &hellip; <\/p>\n","protected":false},"author":1,"featured_media":1183,"comment_status":"open","ping_status":"open","sticky":false,"template":"","format":"standard","meta":{"om_disable_all_campaigns":false,"_monsterinsights_skip_tracking":false,"_monsterinsights_sitenote_active":false,"_monsterinsights_sitenote_note":"","_monsterinsights_sitenote_category":0,"_uf_show_specific_survey":0,"_uf_disable_surveys":false,"footnotes":""},"categories":[10],"tags":[],"class_list":["post-1182","post","type-post","status-publish","format-standard","has-post-thumbnail","hentry","category-filmes","latest_post"],"yoast_head":"<!-- This site is optimized with the Yoast SEO plugin v27.4 - https:\/\/yoast.com\/product\/yoast-seo-wordpress\/ -->\n<title>Aloners: longa sul-coreano ser\u00e1 exibido no Sesc Santana - Tsuki Animes<\/title>\n<meta name=\"description\" content=\"Na pr\u00f3xima ter\u00e7a-feira (18), o roteiro robusto do filme sul coreano, Aloners (2021), ganha a tela do Sesc Santana.\" \/>\n<meta name=\"robots\" content=\"index, follow, max-snippet:-1, max-image-preview:large, max-video-preview:-1\" \/>\n<link rel=\"canonical\" href=\"https:\/\/tsukianimes.com.br\/index.php\/2024\/06\/17\/aloners-longa-sul-coreano-sera-exibido-no-sesc-santana\/\" \/>\n<meta property=\"og:locale\" content=\"pt_BR\" \/>\n<meta property=\"og:type\" content=\"article\" \/>\n<meta property=\"og:title\" content=\"Aloners: longa sul-coreano ser\u00e1 exibido no Sesc Santana\" \/>\n<meta property=\"og:description\" content=\"Leia mais...\" \/>\n<meta property=\"og:url\" content=\"https:\/\/tsukianimes.com.br\/index.php\/2024\/06\/17\/aloners-longa-sul-coreano-sera-exibido-no-sesc-santana\/\" \/>\n<meta property=\"og:site_name\" content=\"Tsuki Animes\" \/>\n<meta property=\"article:published_time\" content=\"2024-06-18T01:32:16+00:00\" \/>\n<meta property=\"og:image\" content=\"https:\/\/tsukianimes.com.br\/wp-content\/uploads\/2024\/06\/aloners.jpeg\" \/>\n\t<meta property=\"og:image:width\" content=\"800\" \/>\n\t<meta property=\"og:image:height\" content=\"450\" \/>\n\t<meta property=\"og:image:type\" content=\"image\/jpeg\" \/>\n<meta name=\"author\" content=\"tsukianimes.com.br\" \/>\n<meta name=\"twitter:card\" content=\"summary_large_image\" \/>\n<meta name=\"twitter:label1\" content=\"Escrito por\" \/>\n\t<meta name=\"twitter:data1\" content=\"tsukianimes.com.br\" \/>\n\t<meta name=\"twitter:label2\" content=\"Est. tempo de leitura\" \/>\n\t<meta name=\"twitter:data2\" content=\"2 minutos\" \/>\n<script type=\"application\/ld+json\" class=\"yoast-schema-graph\">{\"@context\":\"https:\\\/\\\/schema.org\",\"@graph\":[{\"@type\":\"Article\",\"@id\":\"https:\\\/\\\/tsukianimes.com.br\\\/index.php\\\/2024\\\/06\\\/17\\\/aloners-longa-sul-coreano-sera-exibido-no-sesc-santana\\\/#article\",\"isPartOf\":{\"@id\":\"https:\\\/\\\/tsukianimes.com.br\\\/index.php\\\/2024\\\/06\\\/17\\\/aloners-longa-sul-coreano-sera-exibido-no-sesc-santana\\\/\"},\"author\":{\"name\":\"tsukianimes.com.br\",\"@id\":\"https:\\\/\\\/tsukianimes.com.br\\\/#\\\/schema\\\/person\\\/9e17947002e7239c44dbc8cf7674f0b1\"},\"headline\":\"Aloners: longa sul-coreano ser\u00e1 exibido no Sesc Santana\",\"datePublished\":\"2024-06-18T01:32:16+00:00\",\"mainEntityOfPage\":{\"@id\":\"https:\\\/\\\/tsukianimes.com.br\\\/index.php\\\/2024\\\/06\\\/17\\\/aloners-longa-sul-coreano-sera-exibido-no-sesc-santana\\\/\"},\"wordCount\":344,\"commentCount\":0,\"publisher\":{\"@id\":\"https:\\\/\\\/tsukianimes.com.br\\\/#organization\"},\"image\":{\"@id\":\"https:\\\/\\\/tsukianimes.com.br\\\/index.php\\\/2024\\\/06\\\/17\\\/aloners-longa-sul-coreano-sera-exibido-no-sesc-santana\\\/#primaryimage\"},\"thumbnailUrl\":\"https:\\\/\\\/tsukianimes.com.br\\\/wp-content\\\/uploads\\\/2024\\\/06\\\/aloners.jpeg\",\"articleSection\":[\"Filmes\"],\"inLanguage\":\"pt-BR\",\"potentialAction\":[{\"@type\":\"CommentAction\",\"name\":\"Comment\",\"target\":[\"https:\\\/\\\/tsukianimes.com.br\\\/index.php\\\/2024\\\/06\\\/17\\\/aloners-longa-sul-coreano-sera-exibido-no-sesc-santana\\\/#respond\"]}]},{\"@type\":\"WebPage\",\"@id\":\"https:\\\/\\\/tsukianimes.com.br\\\/index.php\\\/2024\\\/06\\\/17\\\/aloners-longa-sul-coreano-sera-exibido-no-sesc-santana\\\/\",\"url\":\"https:\\\/\\\/tsukianimes.com.br\\\/index.php\\\/2024\\\/06\\\/17\\\/aloners-longa-sul-coreano-sera-exibido-no-sesc-santana\\\/\",\"name\":\"Aloners: longa sul-coreano ser\u00e1 exibido no Sesc Santana - Tsuki Animes\",\"isPartOf\":{\"@id\":\"https:\\\/\\\/tsukianimes.com.br\\\/#website\"},\"primaryImageOfPage\":{\"@id\":\"https:\\\/\\\/tsukianimes.com.br\\\/index.php\\\/2024\\\/06\\\/17\\\/aloners-longa-sul-coreano-sera-exibido-no-sesc-santana\\\/#primaryimage\"},\"image\":{\"@id\":\"https:\\\/\\\/tsukianimes.com.br\\\/index.php\\\/2024\\\/06\\\/17\\\/aloners-longa-sul-coreano-sera-exibido-no-sesc-santana\\\/#primaryimage\"},\"thumbnailUrl\":\"https:\\\/\\\/tsukianimes.com.br\\\/wp-content\\\/uploads\\\/2024\\\/06\\\/aloners.jpeg\",\"datePublished\":\"2024-06-18T01:32:16+00:00\",\"description\":\"Na pr\u00f3xima ter\u00e7a-feira (18), o roteiro robusto do filme sul coreano, Aloners (2021), ganha a tela do Sesc Santana.\",\"breadcrumb\":{\"@id\":\"https:\\\/\\\/tsukianimes.com.br\\\/index.php\\\/2024\\\/06\\\/17\\\/aloners-longa-sul-coreano-sera-exibido-no-sesc-santana\\\/#breadcrumb\"},\"inLanguage\":\"pt-BR\",\"potentialAction\":[{\"@type\":\"ReadAction\",\"target\":[\"https:\\\/\\\/tsukianimes.com.br\\\/index.php\\\/2024\\\/06\\\/17\\\/aloners-longa-sul-coreano-sera-exibido-no-sesc-santana\\\/\"]}]},{\"@type\":\"ImageObject\",\"inLanguage\":\"pt-BR\",\"@id\":\"https:\\\/\\\/tsukianimes.com.br\\\/index.php\\\/2024\\\/06\\\/17\\\/aloners-longa-sul-coreano-sera-exibido-no-sesc-santana\\\/#primaryimage\",\"url\":\"https:\\\/\\\/tsukianimes.com.br\\\/wp-content\\\/uploads\\\/2024\\\/06\\\/aloners.jpeg\",\"contentUrl\":\"https:\\\/\\\/tsukianimes.com.br\\\/wp-content\\\/uploads\\\/2024\\\/06\\\/aloners.jpeg\",\"width\":800,\"height\":450,\"caption\":\"Aloners\"},{\"@type\":\"BreadcrumbList\",\"@id\":\"https:\\\/\\\/tsukianimes.com.br\\\/index.php\\\/2024\\\/06\\\/17\\\/aloners-longa-sul-coreano-sera-exibido-no-sesc-santana\\\/#breadcrumb\",\"itemListElement\":[{\"@type\":\"ListItem\",\"position\":1,\"name\":\"In\u00edcio\",\"item\":\"https:\\\/\\\/tsukianimes.com.br\\\/\"},{\"@type\":\"ListItem\",\"position\":2,\"name\":\"Aloners: longa sul-coreano ser\u00e1 exibido no Sesc Santana\"}]},{\"@type\":\"WebSite\",\"@id\":\"https:\\\/\\\/tsukianimes.com.br\\\/#website\",\"url\":\"https:\\\/\\\/tsukianimes.com.br\\\/\",\"name\":\"Tsuki Animes\",\"description\":\"\",\"publisher\":{\"@id\":\"https:\\\/\\\/tsukianimes.com.br\\\/#organization\"},\"potentialAction\":[{\"@type\":\"SearchAction\",\"target\":{\"@type\":\"EntryPoint\",\"urlTemplate\":\"https:\\\/\\\/tsukianimes.com.br\\\/?s={search_term_string}\"},\"query-input\":{\"@type\":\"PropertyValueSpecification\",\"valueRequired\":true,\"valueName\":\"search_term_string\"}}],\"inLanguage\":\"pt-BR\"},{\"@type\":\"Organization\",\"@id\":\"https:\\\/\\\/tsukianimes.com.br\\\/#organization\",\"name\":\"Tsuki Animes\",\"url\":\"https:\\\/\\\/tsukianimes.com.br\\\/\",\"logo\":{\"@type\":\"ImageObject\",\"inLanguage\":\"pt-BR\",\"@id\":\"https:\\\/\\\/tsukianimes.com.br\\\/#\\\/schema\\\/logo\\\/image\\\/\",\"url\":\"https:\\\/\\\/tsukianimes.com.br\\\/wp-content\\\/uploads\\\/2023\\\/06\\\/cropped-Ativo-4-1.png\",\"contentUrl\":\"https:\\\/\\\/tsukianimes.com.br\\\/wp-content\\\/uploads\\\/2023\\\/06\\\/cropped-Ativo-4-1.png\",\"width\":1314,\"height\":246,\"caption\":\"Tsuki Animes\"},\"image\":{\"@id\":\"https:\\\/\\\/tsukianimes.com.br\\\/#\\\/schema\\\/logo\\\/image\\\/\"}},{\"@type\":\"Person\",\"@id\":\"https:\\\/\\\/tsukianimes.com.br\\\/#\\\/schema\\\/person\\\/9e17947002e7239c44dbc8cf7674f0b1\",\"name\":\"tsukianimes.com.br\",\"image\":{\"@type\":\"ImageObject\",\"inLanguage\":\"pt-BR\",\"@id\":\"https:\\\/\\\/secure.gravatar.com\\\/avatar\\\/591a507b759fa000b57ae174373cfe3340385427fe67262e8cdd8072bc573b93?s=96&d=mm&r=g\",\"url\":\"https:\\\/\\\/secure.gravatar.com\\\/avatar\\\/591a507b759fa000b57ae174373cfe3340385427fe67262e8cdd8072bc573b93?s=96&d=mm&r=g\",\"contentUrl\":\"https:\\\/\\\/secure.gravatar.com\\\/avatar\\\/591a507b759fa000b57ae174373cfe3340385427fe67262e8cdd8072bc573b93?s=96&d=mm&r=g\",\"caption\":\"tsukianimes.com.br\"},\"sameAs\":[\"http:\\\/\\\/tsukianimes.com.br\"],\"url\":\"https:\\\/\\\/tsukianimes.com.br\\\/index.php\\\/author\\\/tsukianimes-com-br\\\/\"}]}<\/script>\n<!-- \/ Yoast SEO plugin. -->","yoast_head_json":{"title":"Aloners: longa sul-coreano ser\u00e1 exibido no Sesc Santana - Tsuki Animes","description":"Na pr\u00f3xima ter\u00e7a-feira (18), o roteiro robusto do filme sul coreano, Aloners (2021), ganha a tela do Sesc Santana.","robots":{"index":"index","follow":"follow","max-snippet":"max-snippet:-1","max-image-preview":"max-image-preview:large","max-video-preview":"max-video-preview:-1"},"canonical":"https:\/\/tsukianimes.com.br\/index.php\/2024\/06\/17\/aloners-longa-sul-coreano-sera-exibido-no-sesc-santana\/","og_locale":"pt_BR","og_type":"article","og_title":"Aloners: longa sul-coreano ser\u00e1 exibido no Sesc Santana","og_description":"Leia mais...","og_url":"https:\/\/tsukianimes.com.br\/index.php\/2024\/06\/17\/aloners-longa-sul-coreano-sera-exibido-no-sesc-santana\/","og_site_name":"Tsuki Animes","article_published_time":"2024-06-18T01:32:16+00:00","og_image":[{"width":800,"height":450,"url":"https:\/\/tsukianimes.com.br\/wp-content\/uploads\/2024\/06\/aloners.jpeg","type":"image\/jpeg"}],"author":"tsukianimes.com.br","twitter_card":"summary_large_image","twitter_misc":{"Escrito por":"tsukianimes.com.br","Est. tempo de leitura":"2 minutos"},"schema":{"@context":"https:\/\/schema.org","@graph":[{"@type":"Article","@id":"https:\/\/tsukianimes.com.br\/index.php\/2024\/06\/17\/aloners-longa-sul-coreano-sera-exibido-no-sesc-santana\/#article","isPartOf":{"@id":"https:\/\/tsukianimes.com.br\/index.php\/2024\/06\/17\/aloners-longa-sul-coreano-sera-exibido-no-sesc-santana\/"},"author":{"name":"tsukianimes.com.br","@id":"https:\/\/tsukianimes.com.br\/#\/schema\/person\/9e17947002e7239c44dbc8cf7674f0b1"},"headline":"Aloners: longa sul-coreano ser\u00e1 exibido no Sesc Santana","datePublished":"2024-06-18T01:32:16+00:00","mainEntityOfPage":{"@id":"https:\/\/tsukianimes.com.br\/index.php\/2024\/06\/17\/aloners-longa-sul-coreano-sera-exibido-no-sesc-santana\/"},"wordCount":344,"commentCount":0,"publisher":{"@id":"https:\/\/tsukianimes.com.br\/#organization"},"image":{"@id":"https:\/\/tsukianimes.com.br\/index.php\/2024\/06\/17\/aloners-longa-sul-coreano-sera-exibido-no-sesc-santana\/#primaryimage"},"thumbnailUrl":"https:\/\/tsukianimes.com.br\/wp-content\/uploads\/2024\/06\/aloners.jpeg","articleSection":["Filmes"],"inLanguage":"pt-BR","potentialAction":[{"@type":"CommentAction","name":"Comment","target":["https:\/\/tsukianimes.com.br\/index.php\/2024\/06\/17\/aloners-longa-sul-coreano-sera-exibido-no-sesc-santana\/#respond"]}]},{"@type":"WebPage","@id":"https:\/\/tsukianimes.com.br\/index.php\/2024\/06\/17\/aloners-longa-sul-coreano-sera-exibido-no-sesc-santana\/","url":"https:\/\/tsukianimes.com.br\/index.php\/2024\/06\/17\/aloners-longa-sul-coreano-sera-exibido-no-sesc-santana\/","name":"Aloners: longa sul-coreano ser\u00e1 exibido no Sesc Santana - Tsuki Animes","isPartOf":{"@id":"https:\/\/tsukianimes.com.br\/#website"},"primaryImageOfPage":{"@id":"https:\/\/tsukianimes.com.br\/index.php\/2024\/06\/17\/aloners-longa-sul-coreano-sera-exibido-no-sesc-santana\/#primaryimage"},"image":{"@id":"https:\/\/tsukianimes.com.br\/index.php\/2024\/06\/17\/aloners-longa-sul-coreano-sera-exibido-no-sesc-santana\/#primaryimage"},"thumbnailUrl":"https:\/\/tsukianimes.com.br\/wp-content\/uploads\/2024\/06\/aloners.jpeg","datePublished":"2024-06-18T01:32:16+00:00","description":"Na pr\u00f3xima ter\u00e7a-feira (18), o roteiro robusto do filme sul coreano, Aloners (2021), ganha a tela do Sesc Santana.","breadcrumb":{"@id":"https:\/\/tsukianimes.com.br\/index.php\/2024\/06\/17\/aloners-longa-sul-coreano-sera-exibido-no-sesc-santana\/#breadcrumb"},"inLanguage":"pt-BR","potentialAction":[{"@type":"ReadAction","target":["https:\/\/tsukianimes.com.br\/index.php\/2024\/06\/17\/aloners-longa-sul-coreano-sera-exibido-no-sesc-santana\/"]}]},{"@type":"ImageObject","inLanguage":"pt-BR","@id":"https:\/\/tsukianimes.com.br\/index.php\/2024\/06\/17\/aloners-longa-sul-coreano-sera-exibido-no-sesc-santana\/#primaryimage","url":"https:\/\/tsukianimes.com.br\/wp-content\/uploads\/2024\/06\/aloners.jpeg","contentUrl":"https:\/\/tsukianimes.com.br\/wp-content\/uploads\/2024\/06\/aloners.jpeg","width":800,"height":450,"caption":"Aloners"},{"@type":"BreadcrumbList","@id":"https:\/\/tsukianimes.com.br\/index.php\/2024\/06\/17\/aloners-longa-sul-coreano-sera-exibido-no-sesc-santana\/#breadcrumb","itemListElement":[{"@type":"ListItem","position":1,"name":"In\u00edcio","item":"https:\/\/tsukianimes.com.br\/"},{"@type":"ListItem","position":2,"name":"Aloners: longa sul-coreano ser\u00e1 exibido no Sesc Santana"}]},{"@type":"WebSite","@id":"https:\/\/tsukianimes.com.br\/#website","url":"https:\/\/tsukianimes.com.br\/","name":"Tsuki Animes","description":"","publisher":{"@id":"https:\/\/tsukianimes.com.br\/#organization"},"potentialAction":[{"@type":"SearchAction","target":{"@type":"EntryPoint","urlTemplate":"https:\/\/tsukianimes.com.br\/?s={search_term_string}"},"query-input":{"@type":"PropertyValueSpecification","valueRequired":true,"valueName":"search_term_string"}}],"inLanguage":"pt-BR"},{"@type":"Organization","@id":"https:\/\/tsukianimes.com.br\/#organization","name":"Tsuki Animes","url":"https:\/\/tsukianimes.com.br\/","logo":{"@type":"ImageObject","inLanguage":"pt-BR","@id":"https:\/\/tsukianimes.com.br\/#\/schema\/logo\/image\/","url":"https:\/\/tsukianimes.com.br\/wp-content\/uploads\/2023\/06\/cropped-Ativo-4-1.png","contentUrl":"https:\/\/tsukianimes.com.br\/wp-content\/uploads\/2023\/06\/cropped-Ativo-4-1.png","width":1314,"height":246,"caption":"Tsuki Animes"},"image":{"@id":"https:\/\/tsukianimes.com.br\/#\/schema\/logo\/image\/"}},{"@type":"Person","@id":"https:\/\/tsukianimes.com.br\/#\/schema\/person\/9e17947002e7239c44dbc8cf7674f0b1","name":"tsukianimes.com.br","image":{"@type":"ImageObject","inLanguage":"pt-BR","@id":"https:\/\/secure.gravatar.com\/avatar\/591a507b759fa000b57ae174373cfe3340385427fe67262e8cdd8072bc573b93?s=96&d=mm&r=g","url":"https:\/\/secure.gravatar.com\/avatar\/591a507b759fa000b57ae174373cfe3340385427fe67262e8cdd8072bc573b93?s=96&d=mm&r=g","contentUrl":"https:\/\/secure.gravatar.com\/avatar\/591a507b759fa000b57ae174373cfe3340385427fe67262e8cdd8072bc573b93?s=96&d=mm&r=g","caption":"tsukianimes.com.br"},"sameAs":["http:\/\/tsukianimes.com.br"],"url":"https:\/\/tsukianimes.com.br\/index.php\/author\/tsukianimes-com-br\/"}]}},"amp_enabled":true,"_links":{"self":[{"href":"https:\/\/tsukianimes.com.br\/index.php\/wp-json\/wp\/v2\/posts\/1182","targetHints":{"allow":["GET"]}}],"collection":[{"href":"https:\/\/tsukianimes.com.br\/index.php\/wp-json\/wp\/v2\/posts"}],"about":[{"href":"https:\/\/tsukianimes.com.br\/index.php\/wp-json\/wp\/v2\/types\/post"}],"author":[{"embeddable":true,"href":"https:\/\/tsukianimes.com.br\/index.php\/wp-json\/wp\/v2\/users\/1"}],"replies":[{"embeddable":true,"href":"https:\/\/tsukianimes.com.br\/index.php\/wp-json\/wp\/v2\/comments?post=1182"}],"version-history":[{"count":1,"href":"https:\/\/tsukianimes.com.br\/index.php\/wp-json\/wp\/v2\/posts\/1182\/revisions"}],"predecessor-version":[{"id":1184,"href":"https:\/\/tsukianimes.com.br\/index.php\/wp-json\/wp\/v2\/posts\/1182\/revisions\/1184"}],"wp:featuredmedia":[{"embeddable":true,"href":"https:\/\/tsukianimes.com.br\/index.php\/wp-json\/wp\/v2\/media\/1183"}],"wp:attachment":[{"href":"https:\/\/tsukianimes.com.br\/index.php\/wp-json\/wp\/v2\/media?parent=1182"}],"wp:term":[{"taxonomy":"category","embeddable":true,"href":"https:\/\/tsukianimes.com.br\/index.php\/wp-json\/wp\/v2\/categories?post=1182"},{"taxonomy":"post_tag","embeddable":true,"href":"https:\/\/tsukianimes.com.br\/index.php\/wp-json\/wp\/v2\/tags?post=1182"}],"curies":[{"name":"wp","href":"https:\/\/api.w.org\/{rel}","templated":true}]}}