{"id":1159,"date":"2024-05-16T22:30:09","date_gmt":"2024-05-17T01:30:09","guid":{"rendered":"https:\/\/tsukianimes.com.br\/?p=1159"},"modified":"2024-05-16T22:30:09","modified_gmt":"2024-05-17T01:30:09","slug":"evangelion-diretor-comenta-possibilidade-de-nova-serie","status":"publish","type":"post","link":"https:\/\/tsukianimes.com.br\/index.php\/2024\/05\/16\/evangelion-diretor-comenta-possibilidade-de-nova-serie\/","title":{"rendered":"Evangelion: diretor comenta possibilidade de nova s\u00e9rie"},"content":{"rendered":"<p>Uma nova produ\u00e7\u00e3o no universo de Neon Genesis Evangelion pode estar a caminho. \u00c9 o que indicou Hideaki Anno, diretor do anime, em uma entrevista para o jornal japon\u00eas <a href=\"https:\/\/www.asahi.com\/articles\/ASS590GPRS59UCVL03CM.html\" target=\"_blank\" rel=\"noopener\">The Asahi Shimbun<\/a>.<\/p>\n<p>O executivo destacou a possibilidade de &#8220;novos planos&#8221; para a franquia sob o comando de outra pessoa com mais liberdade criativa. Por outro lado, ele ressaltou que n\u00e3o h\u00e1 nada confirmado ainda, mas que ele n\u00e3o descarta futuros projetos para Evangelion.<\/p>\n<p>No Brasil, o anime original de Neon Genesis Evangelion e os filmes Death (True)\u00b2 e The End of Evangelion est\u00e3o dispon\u00edveis na Netflix. J\u00e1 a tetralogia Rebuild of Evangelion pode ser vista completa no Prime Video. Por sua vez, o mang\u00e1 est\u00e1 sendo republicado por aqui via <a href=\"https:\/\/editorajbc.com.br\/mangas\/colecao\/neon-genesis-evangelion-esp\/neon-genesis-evangelion-a-historia\/\" target=\"_blank\" rel=\"noopener\">JBC<\/a>.<\/p>\n<p><strong>Confira abaixo a sinopse da obra:<\/strong><\/p>\n<p><em>O enredo de Evangelion se passa em 2015, em um mundo que acabara de ser reconstru\u00eddo ap\u00f3s a dizima\u00e7\u00e3o de metade da humanidade na cat\u00e1strofe que ficou conhecida como \u201cSegundo Impacto\u201d. O Jap\u00e3o ganha uma capital provis\u00f3ria, a Tokyo-2, cujo Governo promove a constru\u00e7\u00e3o da futura capital denominada Tokyo-3. Mas a constru\u00e7\u00e3o da nova metr\u00f3pole serve apenas de fachada para erguer uma cidade-fortaleza com tecnologia altamente avan\u00e7ada para resistir \u00e0 ofensiva dos Anjos, monstruosos seres, cujo ataque j\u00e1 havia sido previsto pela humanidade.<\/em><\/p>\n<p><em>A organiza\u00e7\u00e3o especial paramilitar, denominada NERV, foi incumbida da miss\u00e3o de combater tais amea\u00e7as usando mechas gigantes chamados de Evas, que s\u00e3o pilotados por jovens rigorosamente selecionados. Um deles \u00e9 Shinji Ikari, um t\u00edmido adolescente. Na realidade, h\u00e1 mais de dez anos ele foi abandonado pelo pai, Gendo Ikari, atual comandante supremo da NERV. Aos 14 anos, Shinji \u00e9 chamado por ele para pilotar o incr\u00edvel EVA-01, a \u00faltima esperan\u00e7a da humanidade na batalha contra os Anjos. Assim d\u00e1-se in\u00edcio a uma aventura inigual\u00e1vel em que fic\u00e7\u00e3o cient\u00edfica se mistura aos sentimentos mais complexos e profundos do ser humano.<\/em><\/p>\n<p><em>Foto: Reprodu\u00e7\u00e3o\/ Twitter (X) oficial.<\/em><\/p>\n<p><strong>Mais em Animes<\/strong><\/p>\n<p><a href=\"https:\/\/tsukianimes.com.br\/index.php\/2024\/05\/14\/free-fire-ganha-adaptacao-em-anime\/\" target=\"_blank\" rel=\"noopener\">Free Fire ganha adapta\u00e7\u00e3o em anime<\/a><\/p>\n","protected":false},"excerpt":{"rendered":"<p>Uma nova produ\u00e7\u00e3o no universo de Neon Genesis Evangelion pode estar a caminho. \u00c9 o que indicou Hideaki Anno, diretor do anime, em uma entrevista para o jornal japon\u00eas The Asahi Shimbun. O executivo destacou a possibilidade de &#8220;novos planos&#8221; para a franquia sob o comando de outra pessoa com mais liberdade criativa. Por outro &hellip; <\/p>\n","protected":false},"author":1,"featured_media":1161,"comment_status":"open","ping_status":"open","sticky":false,"template":"","format":"standard","meta":{"om_disable_all_campaigns":false,"_monsterinsights_skip_tracking":false,"_monsterinsights_sitenote_active":false,"_monsterinsights_sitenote_note":"","_monsterinsights_sitenote_category":0,"_uf_show_specific_survey":0,"_uf_disable_surveys":false,"footnotes":""},"categories":[2],"tags":[3,203],"class_list":["post-1159","post","type-post","status-publish","format-standard","has-post-thumbnail","hentry","category-animes","tag-animes","tag-neon-genesis-evangelion","latest_post"],"yoast_head":"<!-- This site is optimized with the Yoast SEO plugin v27.4 - https:\/\/yoast.com\/product\/yoast-seo-wordpress\/ -->\n<title>Evangelion: diretor comenta possibilidade de nova s\u00e9rie - Tsuki Animes<\/title>\n<meta name=\"description\" content=\"Uma nova produ\u00e7\u00e3o no universo de Neon Genesis Evangelion pode estar a caminho. \u00c9 o que indicou Hideaki Anno, diretor do anime\" \/>\n<meta name=\"robots\" content=\"index, follow, max-snippet:-1, max-image-preview:large, max-video-preview:-1\" \/>\n<link rel=\"canonical\" href=\"https:\/\/tsukianimes.com.br\/index.php\/2024\/05\/16\/evangelion-diretor-comenta-possibilidade-de-nova-serie\/\" \/>\n<meta property=\"og:locale\" content=\"pt_BR\" \/>\n<meta property=\"og:type\" content=\"article\" \/>\n<meta property=\"og:title\" content=\"Evangelion: diretor comenta possibilidade de nova s\u00e9rie\" \/>\n<meta property=\"og:description\" content=\"Leia mais...\" \/>\n<meta property=\"og:url\" content=\"https:\/\/tsukianimes.com.br\/index.php\/2024\/05\/16\/evangelion-diretor-comenta-possibilidade-de-nova-serie\/\" \/>\n<meta property=\"og:site_name\" content=\"Tsuki Animes\" \/>\n<meta property=\"article:published_time\" content=\"2024-05-17T01:30:09+00:00\" \/>\n<meta property=\"og:image\" content=\"https:\/\/tsukianimes.com.br\/wp-content\/uploads\/2024\/05\/evangelion.jpeg\" \/>\n\t<meta property=\"og:image:width\" content=\"1500\" \/>\n\t<meta property=\"og:image:height\" content=\"500\" \/>\n\t<meta property=\"og:image:type\" content=\"image\/jpeg\" \/>\n<meta name=\"author\" content=\"tsukianimes.com.br\" \/>\n<meta name=\"twitter:card\" content=\"summary_large_image\" \/>\n<meta name=\"twitter:label1\" content=\"Escrito por\" \/>\n\t<meta name=\"twitter:data1\" content=\"tsukianimes.com.br\" \/>\n\t<meta name=\"twitter:label2\" content=\"Est. tempo de leitura\" \/>\n\t<meta name=\"twitter:data2\" content=\"2 minutos\" \/>\n<script type=\"application\/ld+json\" class=\"yoast-schema-graph\">{\"@context\":\"https:\\\/\\\/schema.org\",\"@graph\":[{\"@type\":\"Article\",\"@id\":\"https:\\\/\\\/tsukianimes.com.br\\\/index.php\\\/2024\\\/05\\\/16\\\/evangelion-diretor-comenta-possibilidade-de-nova-serie\\\/#article\",\"isPartOf\":{\"@id\":\"https:\\\/\\\/tsukianimes.com.br\\\/index.php\\\/2024\\\/05\\\/16\\\/evangelion-diretor-comenta-possibilidade-de-nova-serie\\\/\"},\"author\":{\"name\":\"tsukianimes.com.br\",\"@id\":\"https:\\\/\\\/tsukianimes.com.br\\\/#\\\/schema\\\/person\\\/9e17947002e7239c44dbc8cf7674f0b1\"},\"headline\":\"Evangelion: diretor comenta possibilidade de nova s\u00e9rie\",\"datePublished\":\"2024-05-17T01:30:09+00:00\",\"mainEntityOfPage\":{\"@id\":\"https:\\\/\\\/tsukianimes.com.br\\\/index.php\\\/2024\\\/05\\\/16\\\/evangelion-diretor-comenta-possibilidade-de-nova-serie\\\/\"},\"wordCount\":355,\"commentCount\":0,\"publisher\":{\"@id\":\"https:\\\/\\\/tsukianimes.com.br\\\/#organization\"},\"image\":{\"@id\":\"https:\\\/\\\/tsukianimes.com.br\\\/index.php\\\/2024\\\/05\\\/16\\\/evangelion-diretor-comenta-possibilidade-de-nova-serie\\\/#primaryimage\"},\"thumbnailUrl\":\"https:\\\/\\\/tsukianimes.com.br\\\/wp-content\\\/uploads\\\/2024\\\/05\\\/evangelion.jpeg\",\"keywords\":[\"animes\",\"neon genesis evangelion\"],\"articleSection\":[\"Animes\"],\"inLanguage\":\"pt-BR\",\"potentialAction\":[{\"@type\":\"CommentAction\",\"name\":\"Comment\",\"target\":[\"https:\\\/\\\/tsukianimes.com.br\\\/index.php\\\/2024\\\/05\\\/16\\\/evangelion-diretor-comenta-possibilidade-de-nova-serie\\\/#respond\"]}]},{\"@type\":\"WebPage\",\"@id\":\"https:\\\/\\\/tsukianimes.com.br\\\/index.php\\\/2024\\\/05\\\/16\\\/evangelion-diretor-comenta-possibilidade-de-nova-serie\\\/\",\"url\":\"https:\\\/\\\/tsukianimes.com.br\\\/index.php\\\/2024\\\/05\\\/16\\\/evangelion-diretor-comenta-possibilidade-de-nova-serie\\\/\",\"name\":\"Evangelion: diretor comenta possibilidade de nova s\u00e9rie - Tsuki Animes\",\"isPartOf\":{\"@id\":\"https:\\\/\\\/tsukianimes.com.br\\\/#website\"},\"primaryImageOfPage\":{\"@id\":\"https:\\\/\\\/tsukianimes.com.br\\\/index.php\\\/2024\\\/05\\\/16\\\/evangelion-diretor-comenta-possibilidade-de-nova-serie\\\/#primaryimage\"},\"image\":{\"@id\":\"https:\\\/\\\/tsukianimes.com.br\\\/index.php\\\/2024\\\/05\\\/16\\\/evangelion-diretor-comenta-possibilidade-de-nova-serie\\\/#primaryimage\"},\"thumbnailUrl\":\"https:\\\/\\\/tsukianimes.com.br\\\/wp-content\\\/uploads\\\/2024\\\/05\\\/evangelion.jpeg\",\"datePublished\":\"2024-05-17T01:30:09+00:00\",\"description\":\"Uma nova produ\u00e7\u00e3o no universo de Neon Genesis Evangelion pode estar a caminho. \u00c9 o que indicou Hideaki Anno, diretor do anime\",\"breadcrumb\":{\"@id\":\"https:\\\/\\\/tsukianimes.com.br\\\/index.php\\\/2024\\\/05\\\/16\\\/evangelion-diretor-comenta-possibilidade-de-nova-serie\\\/#breadcrumb\"},\"inLanguage\":\"pt-BR\",\"potentialAction\":[{\"@type\":\"ReadAction\",\"target\":[\"https:\\\/\\\/tsukianimes.com.br\\\/index.php\\\/2024\\\/05\\\/16\\\/evangelion-diretor-comenta-possibilidade-de-nova-serie\\\/\"]}]},{\"@type\":\"ImageObject\",\"inLanguage\":\"pt-BR\",\"@id\":\"https:\\\/\\\/tsukianimes.com.br\\\/index.php\\\/2024\\\/05\\\/16\\\/evangelion-diretor-comenta-possibilidade-de-nova-serie\\\/#primaryimage\",\"url\":\"https:\\\/\\\/tsukianimes.com.br\\\/wp-content\\\/uploads\\\/2024\\\/05\\\/evangelion.jpeg\",\"contentUrl\":\"https:\\\/\\\/tsukianimes.com.br\\\/wp-content\\\/uploads\\\/2024\\\/05\\\/evangelion.jpeg\",\"width\":1500,\"height\":500,\"caption\":\"Neon Genesis Evangelion\"},{\"@type\":\"BreadcrumbList\",\"@id\":\"https:\\\/\\\/tsukianimes.com.br\\\/index.php\\\/2024\\\/05\\\/16\\\/evangelion-diretor-comenta-possibilidade-de-nova-serie\\\/#breadcrumb\",\"itemListElement\":[{\"@type\":\"ListItem\",\"position\":1,\"name\":\"In\u00edcio\",\"item\":\"https:\\\/\\\/tsukianimes.com.br\\\/\"},{\"@type\":\"ListItem\",\"position\":2,\"name\":\"Evangelion: diretor comenta possibilidade de nova s\u00e9rie\"}]},{\"@type\":\"WebSite\",\"@id\":\"https:\\\/\\\/tsukianimes.com.br\\\/#website\",\"url\":\"https:\\\/\\\/tsukianimes.com.br\\\/\",\"name\":\"Tsuki Animes\",\"description\":\"\",\"publisher\":{\"@id\":\"https:\\\/\\\/tsukianimes.com.br\\\/#organization\"},\"potentialAction\":[{\"@type\":\"SearchAction\",\"target\":{\"@type\":\"EntryPoint\",\"urlTemplate\":\"https:\\\/\\\/tsukianimes.com.br\\\/?s={search_term_string}\"},\"query-input\":{\"@type\":\"PropertyValueSpecification\",\"valueRequired\":true,\"valueName\":\"search_term_string\"}}],\"inLanguage\":\"pt-BR\"},{\"@type\":\"Organization\",\"@id\":\"https:\\\/\\\/tsukianimes.com.br\\\/#organization\",\"name\":\"Tsuki Animes\",\"url\":\"https:\\\/\\\/tsukianimes.com.br\\\/\",\"logo\":{\"@type\":\"ImageObject\",\"inLanguage\":\"pt-BR\",\"@id\":\"https:\\\/\\\/tsukianimes.com.br\\\/#\\\/schema\\\/logo\\\/image\\\/\",\"url\":\"https:\\\/\\\/tsukianimes.com.br\\\/wp-content\\\/uploads\\\/2023\\\/06\\\/cropped-Ativo-4-1.png\",\"contentUrl\":\"https:\\\/\\\/tsukianimes.com.br\\\/wp-content\\\/uploads\\\/2023\\\/06\\\/cropped-Ativo-4-1.png\",\"width\":1314,\"height\":246,\"caption\":\"Tsuki Animes\"},\"image\":{\"@id\":\"https:\\\/\\\/tsukianimes.com.br\\\/#\\\/schema\\\/logo\\\/image\\\/\"}},{\"@type\":\"Person\",\"@id\":\"https:\\\/\\\/tsukianimes.com.br\\\/#\\\/schema\\\/person\\\/9e17947002e7239c44dbc8cf7674f0b1\",\"name\":\"tsukianimes.com.br\",\"image\":{\"@type\":\"ImageObject\",\"inLanguage\":\"pt-BR\",\"@id\":\"https:\\\/\\\/secure.gravatar.com\\\/avatar\\\/591a507b759fa000b57ae174373cfe3340385427fe67262e8cdd8072bc573b93?s=96&d=mm&r=g\",\"url\":\"https:\\\/\\\/secure.gravatar.com\\\/avatar\\\/591a507b759fa000b57ae174373cfe3340385427fe67262e8cdd8072bc573b93?s=96&d=mm&r=g\",\"contentUrl\":\"https:\\\/\\\/secure.gravatar.com\\\/avatar\\\/591a507b759fa000b57ae174373cfe3340385427fe67262e8cdd8072bc573b93?s=96&d=mm&r=g\",\"caption\":\"tsukianimes.com.br\"},\"sameAs\":[\"http:\\\/\\\/tsukianimes.com.br\"],\"url\":\"https:\\\/\\\/tsukianimes.com.br\\\/index.php\\\/author\\\/tsukianimes-com-br\\\/\"}]}<\/script>\n<!-- \/ Yoast SEO plugin. -->","yoast_head_json":{"title":"Evangelion: diretor comenta possibilidade de nova s\u00e9rie - Tsuki Animes","description":"Uma nova produ\u00e7\u00e3o no universo de Neon Genesis Evangelion pode estar a caminho. \u00c9 o que indicou Hideaki Anno, diretor do anime","robots":{"index":"index","follow":"follow","max-snippet":"max-snippet:-1","max-image-preview":"max-image-preview:large","max-video-preview":"max-video-preview:-1"},"canonical":"https:\/\/tsukianimes.com.br\/index.php\/2024\/05\/16\/evangelion-diretor-comenta-possibilidade-de-nova-serie\/","og_locale":"pt_BR","og_type":"article","og_title":"Evangelion: diretor comenta possibilidade de nova s\u00e9rie","og_description":"Leia mais...","og_url":"https:\/\/tsukianimes.com.br\/index.php\/2024\/05\/16\/evangelion-diretor-comenta-possibilidade-de-nova-serie\/","og_site_name":"Tsuki Animes","article_published_time":"2024-05-17T01:30:09+00:00","og_image":[{"width":1500,"height":500,"url":"https:\/\/tsukianimes.com.br\/wp-content\/uploads\/2024\/05\/evangelion.jpeg","type":"image\/jpeg"}],"author":"tsukianimes.com.br","twitter_card":"summary_large_image","twitter_misc":{"Escrito por":"tsukianimes.com.br","Est. tempo de leitura":"2 minutos"},"schema":{"@context":"https:\/\/schema.org","@graph":[{"@type":"Article","@id":"https:\/\/tsukianimes.com.br\/index.php\/2024\/05\/16\/evangelion-diretor-comenta-possibilidade-de-nova-serie\/#article","isPartOf":{"@id":"https:\/\/tsukianimes.com.br\/index.php\/2024\/05\/16\/evangelion-diretor-comenta-possibilidade-de-nova-serie\/"},"author":{"name":"tsukianimes.com.br","@id":"https:\/\/tsukianimes.com.br\/#\/schema\/person\/9e17947002e7239c44dbc8cf7674f0b1"},"headline":"Evangelion: diretor comenta possibilidade de nova s\u00e9rie","datePublished":"2024-05-17T01:30:09+00:00","mainEntityOfPage":{"@id":"https:\/\/tsukianimes.com.br\/index.php\/2024\/05\/16\/evangelion-diretor-comenta-possibilidade-de-nova-serie\/"},"wordCount":355,"commentCount":0,"publisher":{"@id":"https:\/\/tsukianimes.com.br\/#organization"},"image":{"@id":"https:\/\/tsukianimes.com.br\/index.php\/2024\/05\/16\/evangelion-diretor-comenta-possibilidade-de-nova-serie\/#primaryimage"},"thumbnailUrl":"https:\/\/tsukianimes.com.br\/wp-content\/uploads\/2024\/05\/evangelion.jpeg","keywords":["animes","neon genesis evangelion"],"articleSection":["Animes"],"inLanguage":"pt-BR","potentialAction":[{"@type":"CommentAction","name":"Comment","target":["https:\/\/tsukianimes.com.br\/index.php\/2024\/05\/16\/evangelion-diretor-comenta-possibilidade-de-nova-serie\/#respond"]}]},{"@type":"WebPage","@id":"https:\/\/tsukianimes.com.br\/index.php\/2024\/05\/16\/evangelion-diretor-comenta-possibilidade-de-nova-serie\/","url":"https:\/\/tsukianimes.com.br\/index.php\/2024\/05\/16\/evangelion-diretor-comenta-possibilidade-de-nova-serie\/","name":"Evangelion: diretor comenta possibilidade de nova s\u00e9rie - Tsuki Animes","isPartOf":{"@id":"https:\/\/tsukianimes.com.br\/#website"},"primaryImageOfPage":{"@id":"https:\/\/tsukianimes.com.br\/index.php\/2024\/05\/16\/evangelion-diretor-comenta-possibilidade-de-nova-serie\/#primaryimage"},"image":{"@id":"https:\/\/tsukianimes.com.br\/index.php\/2024\/05\/16\/evangelion-diretor-comenta-possibilidade-de-nova-serie\/#primaryimage"},"thumbnailUrl":"https:\/\/tsukianimes.com.br\/wp-content\/uploads\/2024\/05\/evangelion.jpeg","datePublished":"2024-05-17T01:30:09+00:00","description":"Uma nova produ\u00e7\u00e3o no universo de Neon Genesis Evangelion pode estar a caminho. \u00c9 o que indicou Hideaki Anno, diretor do anime","breadcrumb":{"@id":"https:\/\/tsukianimes.com.br\/index.php\/2024\/05\/16\/evangelion-diretor-comenta-possibilidade-de-nova-serie\/#breadcrumb"},"inLanguage":"pt-BR","potentialAction":[{"@type":"ReadAction","target":["https:\/\/tsukianimes.com.br\/index.php\/2024\/05\/16\/evangelion-diretor-comenta-possibilidade-de-nova-serie\/"]}]},{"@type":"ImageObject","inLanguage":"pt-BR","@id":"https:\/\/tsukianimes.com.br\/index.php\/2024\/05\/16\/evangelion-diretor-comenta-possibilidade-de-nova-serie\/#primaryimage","url":"https:\/\/tsukianimes.com.br\/wp-content\/uploads\/2024\/05\/evangelion.jpeg","contentUrl":"https:\/\/tsukianimes.com.br\/wp-content\/uploads\/2024\/05\/evangelion.jpeg","width":1500,"height":500,"caption":"Neon Genesis Evangelion"},{"@type":"BreadcrumbList","@id":"https:\/\/tsukianimes.com.br\/index.php\/2024\/05\/16\/evangelion-diretor-comenta-possibilidade-de-nova-serie\/#breadcrumb","itemListElement":[{"@type":"ListItem","position":1,"name":"In\u00edcio","item":"https:\/\/tsukianimes.com.br\/"},{"@type":"ListItem","position":2,"name":"Evangelion: diretor comenta possibilidade de nova s\u00e9rie"}]},{"@type":"WebSite","@id":"https:\/\/tsukianimes.com.br\/#website","url":"https:\/\/tsukianimes.com.br\/","name":"Tsuki Animes","description":"","publisher":{"@id":"https:\/\/tsukianimes.com.br\/#organization"},"potentialAction":[{"@type":"SearchAction","target":{"@type":"EntryPoint","urlTemplate":"https:\/\/tsukianimes.com.br\/?s={search_term_string}"},"query-input":{"@type":"PropertyValueSpecification","valueRequired":true,"valueName":"search_term_string"}}],"inLanguage":"pt-BR"},{"@type":"Organization","@id":"https:\/\/tsukianimes.com.br\/#organization","name":"Tsuki Animes","url":"https:\/\/tsukianimes.com.br\/","logo":{"@type":"ImageObject","inLanguage":"pt-BR","@id":"https:\/\/tsukianimes.com.br\/#\/schema\/logo\/image\/","url":"https:\/\/tsukianimes.com.br\/wp-content\/uploads\/2023\/06\/cropped-Ativo-4-1.png","contentUrl":"https:\/\/tsukianimes.com.br\/wp-content\/uploads\/2023\/06\/cropped-Ativo-4-1.png","width":1314,"height":246,"caption":"Tsuki Animes"},"image":{"@id":"https:\/\/tsukianimes.com.br\/#\/schema\/logo\/image\/"}},{"@type":"Person","@id":"https:\/\/tsukianimes.com.br\/#\/schema\/person\/9e17947002e7239c44dbc8cf7674f0b1","name":"tsukianimes.com.br","image":{"@type":"ImageObject","inLanguage":"pt-BR","@id":"https:\/\/secure.gravatar.com\/avatar\/591a507b759fa000b57ae174373cfe3340385427fe67262e8cdd8072bc573b93?s=96&d=mm&r=g","url":"https:\/\/secure.gravatar.com\/avatar\/591a507b759fa000b57ae174373cfe3340385427fe67262e8cdd8072bc573b93?s=96&d=mm&r=g","contentUrl":"https:\/\/secure.gravatar.com\/avatar\/591a507b759fa000b57ae174373cfe3340385427fe67262e8cdd8072bc573b93?s=96&d=mm&r=g","caption":"tsukianimes.com.br"},"sameAs":["http:\/\/tsukianimes.com.br"],"url":"https:\/\/tsukianimes.com.br\/index.php\/author\/tsukianimes-com-br\/"}]}},"amp_enabled":true,"_links":{"self":[{"href":"https:\/\/tsukianimes.com.br\/index.php\/wp-json\/wp\/v2\/posts\/1159","targetHints":{"allow":["GET"]}}],"collection":[{"href":"https:\/\/tsukianimes.com.br\/index.php\/wp-json\/wp\/v2\/posts"}],"about":[{"href":"https:\/\/tsukianimes.com.br\/index.php\/wp-json\/wp\/v2\/types\/post"}],"author":[{"embeddable":true,"href":"https:\/\/tsukianimes.com.br\/index.php\/wp-json\/wp\/v2\/users\/1"}],"replies":[{"embeddable":true,"href":"https:\/\/tsukianimes.com.br\/index.php\/wp-json\/wp\/v2\/comments?post=1159"}],"version-history":[{"count":2,"href":"https:\/\/tsukianimes.com.br\/index.php\/wp-json\/wp\/v2\/posts\/1159\/revisions"}],"predecessor-version":[{"id":1162,"href":"https:\/\/tsukianimes.com.br\/index.php\/wp-json\/wp\/v2\/posts\/1159\/revisions\/1162"}],"wp:featuredmedia":[{"embeddable":true,"href":"https:\/\/tsukianimes.com.br\/index.php\/wp-json\/wp\/v2\/media\/1161"}],"wp:attachment":[{"href":"https:\/\/tsukianimes.com.br\/index.php\/wp-json\/wp\/v2\/media?parent=1159"}],"wp:term":[{"taxonomy":"category","embeddable":true,"href":"https:\/\/tsukianimes.com.br\/index.php\/wp-json\/wp\/v2\/categories?post=1159"},{"taxonomy":"post_tag","embeddable":true,"href":"https:\/\/tsukianimes.com.br\/index.php\/wp-json\/wp\/v2\/tags?post=1159"}],"curies":[{"name":"wp","href":"https:\/\/api.w.org\/{rel}","templated":true}]}}