{"id":1121,"date":"2024-04-24T22:23:03","date_gmt":"2024-04-25T01:23:03","guid":{"rendered":"https:\/\/tsukianimes.com.br\/?p=1121"},"modified":"2024-04-24T22:23:03","modified_gmt":"2024-04-25T01:23:03","slug":"curta-nipo-brasileiro-amarela-concorre-a-palma-de-ouro-em-cannes","status":"publish","type":"post","link":"https:\/\/tsukianimes.com.br\/index.php\/2024\/04\/24\/curta-nipo-brasileiro-amarela-concorre-a-palma-de-ouro-em-cannes\/","title":{"rendered":"Curta nipo-brasileiro &#8220;AMARELA&#8221; concorre \u00e0 Palma de Ouro em Cannes"},"content":{"rendered":"<p>O curta-metragem &#8220;Amarela&#8221;, escrito e dirigido pelo nipo-brasileiro Andr\u00e9 Hayato Saito, produzido por Mayra Faour Auad e Gabrielle Auad \/\/ MyMama Entertainment, est\u00e1 concorrendo \u00e0 Palma de Ouro no <a href=\"https:\/\/www.festival-cannes.com\/en\/awards\/\" target=\"_blank\" rel=\"noopener\">77\u00ba Festival de Cannes<\/a>. O filme foi selecionado entre mais de 4420 obras inscritas e disputa o pr\u00eamio m\u00e1ximo do festival com outras dez produ\u00e7\u00f5es.<\/p>\n<p>&#8220;Amarela&#8221; \u00e9 a terceira parte da trilogia de curtas da MyMama com o Saito que investiga sua ancestralidade japonesa a partir de um olhar autoral e \u00edntimo. Tal busca identit\u00e1ria teve in\u00edcio com o curta-metragem &#8220;Kokoro to Kokoro&#8221;, que abordou os la\u00e7os de amizade entre sua av\u00f3 paterna e sua melhor amiga japonesa.<\/p>\n<p>A trilogia seguiu com &#8220;Vento Dourado&#8221;, obra que tem como personagem principal sua av\u00f3 materna, Haruko Hirata, que aos 94 anos se encontra no limiar do existir. O cineasta explora a rela\u00e7\u00e3o entre as gera\u00e7\u00f5es em um ensaio sobre a morte e a conviv\u00eancia \u00edntima da matriarca com sua filha Sumiko, sua cuidadora por 18 anos. O curta fez sua estreia em abril deste ano no <a href=\"https:\/\/tsukianimes.com.br\/index.php\/2024\/04\/09\/curta-vento-dourado-estreia-no-festival-internacional-de-cinema-de-moscou\/\" target=\"_blank\" rel=\"noopener\">46\u00ba Festival Internacional de Cinema de Moscou<\/a> e ter\u00e1 sua estr\u00e9ia europ\u00e9ia no 31\u00ba Sheffield DocFest, que acontece em junho de 2024.<\/p>\n<p>&#8220;Amarela&#8221;, produzido por uma equipe majoritariamente brasileira com ascend\u00eancia asi\u00e1tica, ser\u00e1 o ponto de partida para o primeiro longa-metragem do diretor, &#8216;Cris\u00e2ntemo Amarelo&#8217;, projeto que sintetiza a trilogia e est\u00e1 em processo de capta\u00e7\u00e3o. Todos os filmes s\u00e3o produzidos pela MyMama Entertainment.<\/p>\n<p>Leia a sinopse de &#8220;AMARELA&#8221; abaixo:<\/p>\n<p><em>S\u00e3o Paulo, julho de 1998. No dia da final da Copa do Mundo contra a Fran\u00e7a, Erika Oguihara (Melissa Uehara), de 14 anos, uma adolescente nipo-brasileira que rejeita as tradi\u00e7\u00f5es de sua fam\u00edlia japonesa, est\u00e1 ansiosa para comemorar um t\u00edtulo mundial pelo seu pa\u00eds. Em meio a tens\u00e3o que progride durante a partida, Erika sofre com uma viol\u00eancia que parece invis\u00edvel e adentra em um mar doloroso de sentimentos.<\/em><\/p>\n<p>A Palma de Ouro de Curta-Metragem ser\u00e1 entregue pelo J\u00fari presidido pela atriz belga Lubna Azabal, no s\u00e1bado, 25 de maio, durante a cerim\u00f4nia de encerramento do 77\u00ba Festival de Cannes.<\/p>\n<p><em>Foto: Divulga\u00e7\u00e3o oficial.<\/em><\/p>\n","protected":false},"excerpt":{"rendered":"<p>O curta-metragem &#8220;Amarela&#8221;, escrito e dirigido pelo nipo-brasileiro Andr\u00e9 Hayato Saito, produzido por Mayra Faour Auad e Gabrielle Auad \/\/ MyMama Entertainment, est\u00e1 concorrendo \u00e0 Palma de Ouro no 77\u00ba Festival de Cannes. O filme foi selecionado entre mais de 4420 obras inscritas e disputa o pr\u00eamio m\u00e1ximo do festival com outras dez produ\u00e7\u00f5es. &#8220;Amarela&#8221; &hellip; <\/p>\n","protected":false},"author":1,"featured_media":1123,"comment_status":"open","ping_status":"open","sticky":false,"template":"","format":"standard","meta":{"om_disable_all_campaigns":false,"_monsterinsights_skip_tracking":false,"_monsterinsights_sitenote_active":false,"_monsterinsights_sitenote_note":"","_monsterinsights_sitenote_category":0,"_uf_show_specific_survey":0,"_uf_disable_surveys":false,"footnotes":""},"categories":[10],"tags":[198,11],"class_list":["post-1121","post","type-post","status-publish","format-standard","has-post-thumbnail","hentry","category-filmes","tag-amarela","tag-filmes","latest_post"],"yoast_head":"<!-- This site is optimized with the Yoast SEO plugin v27.4 - https:\/\/yoast.com\/product\/yoast-seo-wordpress\/ -->\n<title>Curta nipo-brasileiro &quot;AMARELA&quot; concorre \u00e0 Palma de Ouro em Cannes - Tsuki Animes<\/title>\n<meta name=\"description\" content=\"O curta &quot;Amarela&quot; est\u00e1 concorrendo \u00e0 Palma de Ouro no 77\u00ba Festival de Cannes. O filme foi selecionado entre mais de 4420 obras inscritas.\" \/>\n<meta name=\"robots\" content=\"index, follow, max-snippet:-1, max-image-preview:large, max-video-preview:-1\" \/>\n<link rel=\"canonical\" href=\"https:\/\/tsukianimes.com.br\/index.php\/2024\/04\/24\/curta-nipo-brasileiro-amarela-concorre-a-palma-de-ouro-em-cannes\/\" \/>\n<meta property=\"og:locale\" content=\"pt_BR\" \/>\n<meta property=\"og:type\" content=\"article\" \/>\n<meta property=\"og:title\" content=\"Curta nipo-brasileiro &quot;AMARELA&quot; concorre \u00e0 Palma de Ouro em Cannes\" \/>\n<meta property=\"og:description\" content=\"Leia mais...\" \/>\n<meta property=\"og:url\" content=\"https:\/\/tsukianimes.com.br\/index.php\/2024\/04\/24\/curta-nipo-brasileiro-amarela-concorre-a-palma-de-ouro-em-cannes\/\" \/>\n<meta property=\"og:site_name\" content=\"Tsuki Animes\" \/>\n<meta property=\"article:published_time\" content=\"2024-04-25T01:23:03+00:00\" \/>\n<meta property=\"og:image\" content=\"https:\/\/tsukianimes.com.br\/wp-content\/uploads\/2024\/04\/Screenshot-2024-03-11-at-15.45.13-scaled.jpg\" \/>\n\t<meta property=\"og:image:width\" content=\"2560\" \/>\n\t<meta property=\"og:image:height\" content=\"1076\" \/>\n\t<meta property=\"og:image:type\" content=\"image\/jpeg\" \/>\n<meta name=\"author\" content=\"tsukianimes.com.br\" \/>\n<meta name=\"twitter:card\" content=\"summary_large_image\" \/>\n<meta name=\"twitter:label1\" content=\"Escrito por\" \/>\n\t<meta name=\"twitter:data1\" content=\"tsukianimes.com.br\" \/>\n\t<meta name=\"twitter:label2\" content=\"Est. tempo de leitura\" \/>\n\t<meta name=\"twitter:data2\" content=\"3 minutos\" \/>\n<script type=\"application\/ld+json\" class=\"yoast-schema-graph\">{\"@context\":\"https:\\\/\\\/schema.org\",\"@graph\":[{\"@type\":\"Article\",\"@id\":\"https:\\\/\\\/tsukianimes.com.br\\\/index.php\\\/2024\\\/04\\\/24\\\/curta-nipo-brasileiro-amarela-concorre-a-palma-de-ouro-em-cannes\\\/#article\",\"isPartOf\":{\"@id\":\"https:\\\/\\\/tsukianimes.com.br\\\/index.php\\\/2024\\\/04\\\/24\\\/curta-nipo-brasileiro-amarela-concorre-a-palma-de-ouro-em-cannes\\\/\"},\"author\":{\"name\":\"tsukianimes.com.br\",\"@id\":\"https:\\\/\\\/tsukianimes.com.br\\\/#\\\/schema\\\/person\\\/9e17947002e7239c44dbc8cf7674f0b1\"},\"headline\":\"Curta nipo-brasileiro &#8220;AMARELA&#8221; concorre \u00e0 Palma de Ouro em Cannes\",\"datePublished\":\"2024-04-25T01:23:03+00:00\",\"mainEntityOfPage\":{\"@id\":\"https:\\\/\\\/tsukianimes.com.br\\\/index.php\\\/2024\\\/04\\\/24\\\/curta-nipo-brasileiro-amarela-concorre-a-palma-de-ouro-em-cannes\\\/\"},\"wordCount\":370,\"commentCount\":0,\"publisher\":{\"@id\":\"https:\\\/\\\/tsukianimes.com.br\\\/#organization\"},\"image\":{\"@id\":\"https:\\\/\\\/tsukianimes.com.br\\\/index.php\\\/2024\\\/04\\\/24\\\/curta-nipo-brasileiro-amarela-concorre-a-palma-de-ouro-em-cannes\\\/#primaryimage\"},\"thumbnailUrl\":\"https:\\\/\\\/tsukianimes.com.br\\\/wp-content\\\/uploads\\\/2024\\\/04\\\/Screenshot-2024-03-11-at-15.45.13-scaled.jpg\",\"keywords\":[\"amarela\",\"filmes\"],\"articleSection\":[\"Filmes\"],\"inLanguage\":\"pt-BR\",\"potentialAction\":[{\"@type\":\"CommentAction\",\"name\":\"Comment\",\"target\":[\"https:\\\/\\\/tsukianimes.com.br\\\/index.php\\\/2024\\\/04\\\/24\\\/curta-nipo-brasileiro-amarela-concorre-a-palma-de-ouro-em-cannes\\\/#respond\"]}]},{\"@type\":\"WebPage\",\"@id\":\"https:\\\/\\\/tsukianimes.com.br\\\/index.php\\\/2024\\\/04\\\/24\\\/curta-nipo-brasileiro-amarela-concorre-a-palma-de-ouro-em-cannes\\\/\",\"url\":\"https:\\\/\\\/tsukianimes.com.br\\\/index.php\\\/2024\\\/04\\\/24\\\/curta-nipo-brasileiro-amarela-concorre-a-palma-de-ouro-em-cannes\\\/\",\"name\":\"Curta nipo-brasileiro \\\"AMARELA\\\" concorre \u00e0 Palma de Ouro em Cannes - Tsuki Animes\",\"isPartOf\":{\"@id\":\"https:\\\/\\\/tsukianimes.com.br\\\/#website\"},\"primaryImageOfPage\":{\"@id\":\"https:\\\/\\\/tsukianimes.com.br\\\/index.php\\\/2024\\\/04\\\/24\\\/curta-nipo-brasileiro-amarela-concorre-a-palma-de-ouro-em-cannes\\\/#primaryimage\"},\"image\":{\"@id\":\"https:\\\/\\\/tsukianimes.com.br\\\/index.php\\\/2024\\\/04\\\/24\\\/curta-nipo-brasileiro-amarela-concorre-a-palma-de-ouro-em-cannes\\\/#primaryimage\"},\"thumbnailUrl\":\"https:\\\/\\\/tsukianimes.com.br\\\/wp-content\\\/uploads\\\/2024\\\/04\\\/Screenshot-2024-03-11-at-15.45.13-scaled.jpg\",\"datePublished\":\"2024-04-25T01:23:03+00:00\",\"description\":\"O curta \\\"Amarela\\\" est\u00e1 concorrendo \u00e0 Palma de Ouro no 77\u00ba Festival de Cannes. O filme foi selecionado entre mais de 4420 obras inscritas.\",\"breadcrumb\":{\"@id\":\"https:\\\/\\\/tsukianimes.com.br\\\/index.php\\\/2024\\\/04\\\/24\\\/curta-nipo-brasileiro-amarela-concorre-a-palma-de-ouro-em-cannes\\\/#breadcrumb\"},\"inLanguage\":\"pt-BR\",\"potentialAction\":[{\"@type\":\"ReadAction\",\"target\":[\"https:\\\/\\\/tsukianimes.com.br\\\/index.php\\\/2024\\\/04\\\/24\\\/curta-nipo-brasileiro-amarela-concorre-a-palma-de-ouro-em-cannes\\\/\"]}]},{\"@type\":\"ImageObject\",\"inLanguage\":\"pt-BR\",\"@id\":\"https:\\\/\\\/tsukianimes.com.br\\\/index.php\\\/2024\\\/04\\\/24\\\/curta-nipo-brasileiro-amarela-concorre-a-palma-de-ouro-em-cannes\\\/#primaryimage\",\"url\":\"https:\\\/\\\/tsukianimes.com.br\\\/wp-content\\\/uploads\\\/2024\\\/04\\\/Screenshot-2024-03-11-at-15.45.13-scaled.jpg\",\"contentUrl\":\"https:\\\/\\\/tsukianimes.com.br\\\/wp-content\\\/uploads\\\/2024\\\/04\\\/Screenshot-2024-03-11-at-15.45.13-scaled.jpg\",\"width\":2560,\"height\":1076,\"caption\":\"Screenshot\"},{\"@type\":\"BreadcrumbList\",\"@id\":\"https:\\\/\\\/tsukianimes.com.br\\\/index.php\\\/2024\\\/04\\\/24\\\/curta-nipo-brasileiro-amarela-concorre-a-palma-de-ouro-em-cannes\\\/#breadcrumb\",\"itemListElement\":[{\"@type\":\"ListItem\",\"position\":1,\"name\":\"In\u00edcio\",\"item\":\"https:\\\/\\\/tsukianimes.com.br\\\/\"},{\"@type\":\"ListItem\",\"position\":2,\"name\":\"Curta nipo-brasileiro &#8220;AMARELA&#8221; concorre \u00e0 Palma de Ouro em Cannes\"}]},{\"@type\":\"WebSite\",\"@id\":\"https:\\\/\\\/tsukianimes.com.br\\\/#website\",\"url\":\"https:\\\/\\\/tsukianimes.com.br\\\/\",\"name\":\"Tsuki Animes\",\"description\":\"\",\"publisher\":{\"@id\":\"https:\\\/\\\/tsukianimes.com.br\\\/#organization\"},\"potentialAction\":[{\"@type\":\"SearchAction\",\"target\":{\"@type\":\"EntryPoint\",\"urlTemplate\":\"https:\\\/\\\/tsukianimes.com.br\\\/?s={search_term_string}\"},\"query-input\":{\"@type\":\"PropertyValueSpecification\",\"valueRequired\":true,\"valueName\":\"search_term_string\"}}],\"inLanguage\":\"pt-BR\"},{\"@type\":\"Organization\",\"@id\":\"https:\\\/\\\/tsukianimes.com.br\\\/#organization\",\"name\":\"Tsuki Animes\",\"url\":\"https:\\\/\\\/tsukianimes.com.br\\\/\",\"logo\":{\"@type\":\"ImageObject\",\"inLanguage\":\"pt-BR\",\"@id\":\"https:\\\/\\\/tsukianimes.com.br\\\/#\\\/schema\\\/logo\\\/image\\\/\",\"url\":\"https:\\\/\\\/tsukianimes.com.br\\\/wp-content\\\/uploads\\\/2023\\\/06\\\/cropped-Ativo-4-1.png\",\"contentUrl\":\"https:\\\/\\\/tsukianimes.com.br\\\/wp-content\\\/uploads\\\/2023\\\/06\\\/cropped-Ativo-4-1.png\",\"width\":1314,\"height\":246,\"caption\":\"Tsuki Animes\"},\"image\":{\"@id\":\"https:\\\/\\\/tsukianimes.com.br\\\/#\\\/schema\\\/logo\\\/image\\\/\"}},{\"@type\":\"Person\",\"@id\":\"https:\\\/\\\/tsukianimes.com.br\\\/#\\\/schema\\\/person\\\/9e17947002e7239c44dbc8cf7674f0b1\",\"name\":\"tsukianimes.com.br\",\"image\":{\"@type\":\"ImageObject\",\"inLanguage\":\"pt-BR\",\"@id\":\"https:\\\/\\\/secure.gravatar.com\\\/avatar\\\/591a507b759fa000b57ae174373cfe3340385427fe67262e8cdd8072bc573b93?s=96&d=mm&r=g\",\"url\":\"https:\\\/\\\/secure.gravatar.com\\\/avatar\\\/591a507b759fa000b57ae174373cfe3340385427fe67262e8cdd8072bc573b93?s=96&d=mm&r=g\",\"contentUrl\":\"https:\\\/\\\/secure.gravatar.com\\\/avatar\\\/591a507b759fa000b57ae174373cfe3340385427fe67262e8cdd8072bc573b93?s=96&d=mm&r=g\",\"caption\":\"tsukianimes.com.br\"},\"sameAs\":[\"http:\\\/\\\/tsukianimes.com.br\"],\"url\":\"https:\\\/\\\/tsukianimes.com.br\\\/index.php\\\/author\\\/tsukianimes-com-br\\\/\"}]}<\/script>\n<!-- \/ Yoast SEO plugin. -->","yoast_head_json":{"title":"Curta nipo-brasileiro \"AMARELA\" concorre \u00e0 Palma de Ouro em Cannes - Tsuki Animes","description":"O curta \"Amarela\" est\u00e1 concorrendo \u00e0 Palma de Ouro no 77\u00ba Festival de Cannes. O filme foi selecionado entre mais de 4420 obras inscritas.","robots":{"index":"index","follow":"follow","max-snippet":"max-snippet:-1","max-image-preview":"max-image-preview:large","max-video-preview":"max-video-preview:-1"},"canonical":"https:\/\/tsukianimes.com.br\/index.php\/2024\/04\/24\/curta-nipo-brasileiro-amarela-concorre-a-palma-de-ouro-em-cannes\/","og_locale":"pt_BR","og_type":"article","og_title":"Curta nipo-brasileiro \"AMARELA\" concorre \u00e0 Palma de Ouro em Cannes","og_description":"Leia mais...","og_url":"https:\/\/tsukianimes.com.br\/index.php\/2024\/04\/24\/curta-nipo-brasileiro-amarela-concorre-a-palma-de-ouro-em-cannes\/","og_site_name":"Tsuki Animes","article_published_time":"2024-04-25T01:23:03+00:00","og_image":[{"width":2560,"height":1076,"url":"https:\/\/tsukianimes.com.br\/wp-content\/uploads\/2024\/04\/Screenshot-2024-03-11-at-15.45.13-scaled.jpg","type":"image\/jpeg"}],"author":"tsukianimes.com.br","twitter_card":"summary_large_image","twitter_misc":{"Escrito por":"tsukianimes.com.br","Est. tempo de leitura":"3 minutos"},"schema":{"@context":"https:\/\/schema.org","@graph":[{"@type":"Article","@id":"https:\/\/tsukianimes.com.br\/index.php\/2024\/04\/24\/curta-nipo-brasileiro-amarela-concorre-a-palma-de-ouro-em-cannes\/#article","isPartOf":{"@id":"https:\/\/tsukianimes.com.br\/index.php\/2024\/04\/24\/curta-nipo-brasileiro-amarela-concorre-a-palma-de-ouro-em-cannes\/"},"author":{"name":"tsukianimes.com.br","@id":"https:\/\/tsukianimes.com.br\/#\/schema\/person\/9e17947002e7239c44dbc8cf7674f0b1"},"headline":"Curta nipo-brasileiro &#8220;AMARELA&#8221; concorre \u00e0 Palma de Ouro em Cannes","datePublished":"2024-04-25T01:23:03+00:00","mainEntityOfPage":{"@id":"https:\/\/tsukianimes.com.br\/index.php\/2024\/04\/24\/curta-nipo-brasileiro-amarela-concorre-a-palma-de-ouro-em-cannes\/"},"wordCount":370,"commentCount":0,"publisher":{"@id":"https:\/\/tsukianimes.com.br\/#organization"},"image":{"@id":"https:\/\/tsukianimes.com.br\/index.php\/2024\/04\/24\/curta-nipo-brasileiro-amarela-concorre-a-palma-de-ouro-em-cannes\/#primaryimage"},"thumbnailUrl":"https:\/\/tsukianimes.com.br\/wp-content\/uploads\/2024\/04\/Screenshot-2024-03-11-at-15.45.13-scaled.jpg","keywords":["amarela","filmes"],"articleSection":["Filmes"],"inLanguage":"pt-BR","potentialAction":[{"@type":"CommentAction","name":"Comment","target":["https:\/\/tsukianimes.com.br\/index.php\/2024\/04\/24\/curta-nipo-brasileiro-amarela-concorre-a-palma-de-ouro-em-cannes\/#respond"]}]},{"@type":"WebPage","@id":"https:\/\/tsukianimes.com.br\/index.php\/2024\/04\/24\/curta-nipo-brasileiro-amarela-concorre-a-palma-de-ouro-em-cannes\/","url":"https:\/\/tsukianimes.com.br\/index.php\/2024\/04\/24\/curta-nipo-brasileiro-amarela-concorre-a-palma-de-ouro-em-cannes\/","name":"Curta nipo-brasileiro \"AMARELA\" concorre \u00e0 Palma de Ouro em Cannes - Tsuki Animes","isPartOf":{"@id":"https:\/\/tsukianimes.com.br\/#website"},"primaryImageOfPage":{"@id":"https:\/\/tsukianimes.com.br\/index.php\/2024\/04\/24\/curta-nipo-brasileiro-amarela-concorre-a-palma-de-ouro-em-cannes\/#primaryimage"},"image":{"@id":"https:\/\/tsukianimes.com.br\/index.php\/2024\/04\/24\/curta-nipo-brasileiro-amarela-concorre-a-palma-de-ouro-em-cannes\/#primaryimage"},"thumbnailUrl":"https:\/\/tsukianimes.com.br\/wp-content\/uploads\/2024\/04\/Screenshot-2024-03-11-at-15.45.13-scaled.jpg","datePublished":"2024-04-25T01:23:03+00:00","description":"O curta \"Amarela\" est\u00e1 concorrendo \u00e0 Palma de Ouro no 77\u00ba Festival de Cannes. O filme foi selecionado entre mais de 4420 obras inscritas.","breadcrumb":{"@id":"https:\/\/tsukianimes.com.br\/index.php\/2024\/04\/24\/curta-nipo-brasileiro-amarela-concorre-a-palma-de-ouro-em-cannes\/#breadcrumb"},"inLanguage":"pt-BR","potentialAction":[{"@type":"ReadAction","target":["https:\/\/tsukianimes.com.br\/index.php\/2024\/04\/24\/curta-nipo-brasileiro-amarela-concorre-a-palma-de-ouro-em-cannes\/"]}]},{"@type":"ImageObject","inLanguage":"pt-BR","@id":"https:\/\/tsukianimes.com.br\/index.php\/2024\/04\/24\/curta-nipo-brasileiro-amarela-concorre-a-palma-de-ouro-em-cannes\/#primaryimage","url":"https:\/\/tsukianimes.com.br\/wp-content\/uploads\/2024\/04\/Screenshot-2024-03-11-at-15.45.13-scaled.jpg","contentUrl":"https:\/\/tsukianimes.com.br\/wp-content\/uploads\/2024\/04\/Screenshot-2024-03-11-at-15.45.13-scaled.jpg","width":2560,"height":1076,"caption":"Screenshot"},{"@type":"BreadcrumbList","@id":"https:\/\/tsukianimes.com.br\/index.php\/2024\/04\/24\/curta-nipo-brasileiro-amarela-concorre-a-palma-de-ouro-em-cannes\/#breadcrumb","itemListElement":[{"@type":"ListItem","position":1,"name":"In\u00edcio","item":"https:\/\/tsukianimes.com.br\/"},{"@type":"ListItem","position":2,"name":"Curta nipo-brasileiro &#8220;AMARELA&#8221; concorre \u00e0 Palma de Ouro em Cannes"}]},{"@type":"WebSite","@id":"https:\/\/tsukianimes.com.br\/#website","url":"https:\/\/tsukianimes.com.br\/","name":"Tsuki Animes","description":"","publisher":{"@id":"https:\/\/tsukianimes.com.br\/#organization"},"potentialAction":[{"@type":"SearchAction","target":{"@type":"EntryPoint","urlTemplate":"https:\/\/tsukianimes.com.br\/?s={search_term_string}"},"query-input":{"@type":"PropertyValueSpecification","valueRequired":true,"valueName":"search_term_string"}}],"inLanguage":"pt-BR"},{"@type":"Organization","@id":"https:\/\/tsukianimes.com.br\/#organization","name":"Tsuki Animes","url":"https:\/\/tsukianimes.com.br\/","logo":{"@type":"ImageObject","inLanguage":"pt-BR","@id":"https:\/\/tsukianimes.com.br\/#\/schema\/logo\/image\/","url":"https:\/\/tsukianimes.com.br\/wp-content\/uploads\/2023\/06\/cropped-Ativo-4-1.png","contentUrl":"https:\/\/tsukianimes.com.br\/wp-content\/uploads\/2023\/06\/cropped-Ativo-4-1.png","width":1314,"height":246,"caption":"Tsuki Animes"},"image":{"@id":"https:\/\/tsukianimes.com.br\/#\/schema\/logo\/image\/"}},{"@type":"Person","@id":"https:\/\/tsukianimes.com.br\/#\/schema\/person\/9e17947002e7239c44dbc8cf7674f0b1","name":"tsukianimes.com.br","image":{"@type":"ImageObject","inLanguage":"pt-BR","@id":"https:\/\/secure.gravatar.com\/avatar\/591a507b759fa000b57ae174373cfe3340385427fe67262e8cdd8072bc573b93?s=96&d=mm&r=g","url":"https:\/\/secure.gravatar.com\/avatar\/591a507b759fa000b57ae174373cfe3340385427fe67262e8cdd8072bc573b93?s=96&d=mm&r=g","contentUrl":"https:\/\/secure.gravatar.com\/avatar\/591a507b759fa000b57ae174373cfe3340385427fe67262e8cdd8072bc573b93?s=96&d=mm&r=g","caption":"tsukianimes.com.br"},"sameAs":["http:\/\/tsukianimes.com.br"],"url":"https:\/\/tsukianimes.com.br\/index.php\/author\/tsukianimes-com-br\/"}]}},"amp_enabled":true,"_links":{"self":[{"href":"https:\/\/tsukianimes.com.br\/index.php\/wp-json\/wp\/v2\/posts\/1121","targetHints":{"allow":["GET"]}}],"collection":[{"href":"https:\/\/tsukianimes.com.br\/index.php\/wp-json\/wp\/v2\/posts"}],"about":[{"href":"https:\/\/tsukianimes.com.br\/index.php\/wp-json\/wp\/v2\/types\/post"}],"author":[{"embeddable":true,"href":"https:\/\/tsukianimes.com.br\/index.php\/wp-json\/wp\/v2\/users\/1"}],"replies":[{"embeddable":true,"href":"https:\/\/tsukianimes.com.br\/index.php\/wp-json\/wp\/v2\/comments?post=1121"}],"version-history":[{"count":2,"href":"https:\/\/tsukianimes.com.br\/index.php\/wp-json\/wp\/v2\/posts\/1121\/revisions"}],"predecessor-version":[{"id":1124,"href":"https:\/\/tsukianimes.com.br\/index.php\/wp-json\/wp\/v2\/posts\/1121\/revisions\/1124"}],"wp:featuredmedia":[{"embeddable":true,"href":"https:\/\/tsukianimes.com.br\/index.php\/wp-json\/wp\/v2\/media\/1123"}],"wp:attachment":[{"href":"https:\/\/tsukianimes.com.br\/index.php\/wp-json\/wp\/v2\/media?parent=1121"}],"wp:term":[{"taxonomy":"category","embeddable":true,"href":"https:\/\/tsukianimes.com.br\/index.php\/wp-json\/wp\/v2\/categories?post=1121"},{"taxonomy":"post_tag","embeddable":true,"href":"https:\/\/tsukianimes.com.br\/index.php\/wp-json\/wp\/v2\/tags?post=1121"}],"curies":[{"name":"wp","href":"https:\/\/api.w.org\/{rel}","templated":true}]}}