{"id":1088,"date":"2024-04-09T21:59:40","date_gmt":"2024-04-10T00:59:40","guid":{"rendered":"https:\/\/tsukianimes.com.br\/?p=1088"},"modified":"2024-04-09T21:59:40","modified_gmt":"2024-04-10T00:59:40","slug":"curta-vento-dourado-estreia-no-festival-internacional-de-cinema-de-moscou","status":"publish","type":"post","link":"https:\/\/tsukianimes.com.br\/index.php\/2024\/04\/09\/curta-vento-dourado-estreia-no-festival-internacional-de-cinema-de-moscou\/","title":{"rendered":"Curta Vento Dourado estreia no Festival Internacional de Cinema de Moscou"},"content":{"rendered":"<p>O curta-metragem &#8220;Vento Dourado&#8221;, escrito e dirigido pelo autor nipo-brasileiro <a href=\"https:\/\/www.andrehayatosaito.com\/\" target=\"_blank\" rel=\"noopener\">Andr\u00e9 Hayato Saito<\/a> e produzido pela MyMama Entertainment estreia neste m\u00eas no 46\u00ba Moscow International Film Festival.<\/p>\n<p>O filme faz parte da trilogia de curtas onde Saito investiga sua ancestralidade japonesa a partir de um olhar autoral e \u00edntimo. &#8220;Vento Dourado&#8221; tem como personagem principal sua av\u00f3 materna, Haruko Hirata, que, aos 94 anos, se encontra no limiar do existir. O cineasta explora a rela\u00e7\u00e3o \u00edntima da matriarca com sua filha Sumiko, sua cuidadora por 18 anos.<\/p>\n<p>Filmado a partir de uma proposta do diretor de &#8220;retiro cinematogr\u00e1fico&#8221; e conduzido como um docufic\u00e7\u00e3o, o filme \u00e9 uma ode \u00e0 observa\u00e7\u00e3o do cotidiano e da natureza, onde tradi\u00e7\u00f5es familiares e conversas po\u00e9ticas sobre a efemeridade da vida florescem espontaneamente.<\/p>\n<p>Pertencente \u00e0 primeira gera\u00e7\u00e3o da fam\u00edlia nascida no Brasil, Haruko tem sua identidade e refer\u00eancias moldadas pela cultura de seus ancestrais. Apesar de sua hist\u00f3ria ter come\u00e7ado e terminado no Brasil, o japon\u00eas permaneceu por toda sua vida como sua l\u00edngua materna.<\/p>\n<p>Em um ciclo incessante de vida-morte-vida, o filme se mistura \u00e0 realidade fora das telas, quando Haruko veio a falecer no final do ano passado, um dia antes do nascimento do filho de Saito.<\/p>\n<p>Este \u00e9 o segundo filme de uma trilogia em que Saito resgata sua ancestralidade japonesa e reflete sobre o espa\u00e7o das culturas diasp\u00f3ricas no tecido social brasileiro. O primeiro, &#8220;Kokoro to Kokoro&#8221;, foi exibido pela primeira vez no Brasil em <a href=\"https:\/\/tsukianimes.com.br\/index.php\/2024\/01\/31\/curta-kokoro-to-kokoro-sera-exibido-pela-primeira-vez-no-brasil\/\" target=\"_blank\" rel=\"noopener\">fevereiro de 2024<\/a>. O \u00faltimo, &#8220;Amarela&#8221;, ainda est\u00e1 em finaliza\u00e7\u00e3o.<\/p>\n<p>Este \u00faltimo ser\u00e1 o ponto de partida para o primeiro longa-metragem do diretor, \u2018Cris\u00e2ntemo Amarelo\u2019, projeto que sintetiza a trilogia e est\u00e1 em processo de capta\u00e7\u00e3o.<\/p>\n<h2>Ficha t\u00e9cnica: Vento Dourado<\/h2>\n<p>Elenco:\u2028Haruko Hirata, Sumiko Hirata Saito e Diana Mari Saito Takai<\/p>\n<p>Uma produ\u00e7\u00e3o: MyMama Entertainment<br \/>\nEscrito e Dirigido por: Andr\u00e9 Hayato Saito<br \/>\nProduzido por: Mayra Faour Auad &amp; Gabrielle Auad, Tati Wan &amp; Andr\u00e9 Hayato Saito\u2028 Dire\u00e7\u00e3o de Produ\u00e7\u00e3o: Tati Wan<br \/>\nDire\u00e7\u00e3o de Arte: Luana Kawamura Demange<br \/>\nDire\u00e7\u00e3o de Fotografia: Danilo Arenas Ireijo<br \/>\nMontagem: Caroline Leone<br \/>\nDesenho de Som e Mixagem: Guile Martins<br \/>\nTrilha Sonora Original: Roberto Coelho &amp; Koitty<br \/>\nCor e P\u00f3s Produ\u00e7\u00e3o: Clandestino<br \/>\nCo-Escrito por: Luigi Madormo<br \/>\nAssistentes de Produ\u00e7\u00e3o: Eliza Tiemi Saito Takai, Rafael Barbosa Takai, Marco Aur\u00e9lio Tadao Saito, Neide Pereira, Dante Kenji Saito Takai.<br \/>\nIlustra\u00e7\u00f5es: Aiko Carolina<br \/>\nP\u00f4ster: Yumi Shimada<\/p>\n<p><em>Foto: Divulga\u00e7\u00e3o oficial.<\/em><\/p>\n","protected":false},"excerpt":{"rendered":"<p>O curta-metragem &#8220;Vento Dourado&#8221;, escrito e dirigido pelo autor nipo-brasileiro Andr\u00e9 Hayato Saito e produzido pela MyMama Entertainment estreia neste m\u00eas no 46\u00ba Moscow International Film Festival. O filme faz parte da trilogia de curtas onde Saito investiga sua ancestralidade japonesa a partir de um olhar autoral e \u00edntimo. &#8220;Vento Dourado&#8221; tem como personagem principal &hellip; <\/p>\n","protected":false},"author":1,"featured_media":1089,"comment_status":"open","ping_status":"open","sticky":false,"template":"","format":"standard","meta":{"om_disable_all_campaigns":false,"_monsterinsights_skip_tracking":false,"_monsterinsights_sitenote_active":false,"_monsterinsights_sitenote_note":"","_monsterinsights_sitenote_category":0,"_uf_show_specific_survey":0,"_uf_disable_surveys":false,"footnotes":""},"categories":[10],"tags":[11,194],"class_list":["post-1088","post","type-post","status-publish","format-standard","has-post-thumbnail","hentry","category-filmes","tag-filmes","tag-vento-dourado","latest_post"],"yoast_head":"<!-- This site is optimized with the Yoast SEO plugin v27.4 - https:\/\/yoast.com\/product\/yoast-seo-wordpress\/ -->\n<title>Vento Dourado estreia no Festival Internacional de Cinema de Moscou<\/title>\n<meta name=\"description\" content=\"O curta &quot;Vento Dourado&quot;, escrito pelo autor nipo-brasileiro Andr\u00e9 Hayato Saito, estreia neste m\u00eas no 46\u00ba Moscow International Film Festival.\u00a0\" \/>\n<meta name=\"robots\" content=\"index, follow, max-snippet:-1, max-image-preview:large, max-video-preview:-1\" \/>\n<link rel=\"canonical\" href=\"https:\/\/tsukianimes.com.br\/index.php\/2024\/04\/09\/curta-vento-dourado-estreia-no-festival-internacional-de-cinema-de-moscou\/\" \/>\n<meta property=\"og:locale\" content=\"pt_BR\" \/>\n<meta property=\"og:type\" content=\"article\" \/>\n<meta property=\"og:title\" content=\"Curta Vento Dourado estreia no Festival Internacional de Cinema de Moscou\" \/>\n<meta property=\"og:description\" content=\"Leia mais...\" \/>\n<meta property=\"og:url\" content=\"https:\/\/tsukianimes.com.br\/index.php\/2024\/04\/09\/curta-vento-dourado-estreia-no-festival-internacional-de-cinema-de-moscou\/\" \/>\n<meta property=\"og:site_name\" content=\"Tsuki Animes\" \/>\n<meta property=\"article:published_time\" content=\"2024-04-10T00:59:40+00:00\" \/>\n<meta property=\"og:image\" content=\"https:\/\/tsukianimes.com.br\/wp-content\/uploads\/2024\/04\/Screen-Shot-2023-02-08-at-5.58.03-PM-_1_-1024x555.webp\" \/>\n\t<meta property=\"og:image:width\" content=\"1024\" \/>\n\t<meta property=\"og:image:height\" content=\"555\" \/>\n\t<meta property=\"og:image:type\" content=\"image\/webp\" \/>\n<meta name=\"author\" content=\"tsukianimes.com.br\" \/>\n<meta name=\"twitter:card\" content=\"summary_large_image\" \/>\n<meta name=\"twitter:label1\" content=\"Escrito por\" \/>\n\t<meta name=\"twitter:data1\" content=\"tsukianimes.com.br\" \/>\n\t<meta name=\"twitter:label2\" content=\"Est. tempo de leitura\" \/>\n\t<meta name=\"twitter:data2\" content=\"3 minutos\" \/>\n<script type=\"application\/ld+json\" class=\"yoast-schema-graph\">{\"@context\":\"https:\\\/\\\/schema.org\",\"@graph\":[{\"@type\":\"Article\",\"@id\":\"https:\\\/\\\/tsukianimes.com.br\\\/index.php\\\/2024\\\/04\\\/09\\\/curta-vento-dourado-estreia-no-festival-internacional-de-cinema-de-moscou\\\/#article\",\"isPartOf\":{\"@id\":\"https:\\\/\\\/tsukianimes.com.br\\\/index.php\\\/2024\\\/04\\\/09\\\/curta-vento-dourado-estreia-no-festival-internacional-de-cinema-de-moscou\\\/\"},\"author\":{\"name\":\"tsukianimes.com.br\",\"@id\":\"https:\\\/\\\/tsukianimes.com.br\\\/#\\\/schema\\\/person\\\/9e17947002e7239c44dbc8cf7674f0b1\"},\"headline\":\"Curta Vento Dourado estreia no Festival Internacional de Cinema de Moscou\",\"datePublished\":\"2024-04-10T00:59:40+00:00\",\"mainEntityOfPage\":{\"@id\":\"https:\\\/\\\/tsukianimes.com.br\\\/index.php\\\/2024\\\/04\\\/09\\\/curta-vento-dourado-estreia-no-festival-internacional-de-cinema-de-moscou\\\/\"},\"wordCount\":426,\"commentCount\":1,\"publisher\":{\"@id\":\"https:\\\/\\\/tsukianimes.com.br\\\/#organization\"},\"image\":{\"@id\":\"https:\\\/\\\/tsukianimes.com.br\\\/index.php\\\/2024\\\/04\\\/09\\\/curta-vento-dourado-estreia-no-festival-internacional-de-cinema-de-moscou\\\/#primaryimage\"},\"thumbnailUrl\":\"https:\\\/\\\/tsukianimes.com.br\\\/wp-content\\\/uploads\\\/2024\\\/04\\\/Screen-Shot-2023-02-08-at-5.58.03-PM-_1_-scaled.webp\",\"keywords\":[\"filmes\",\"vento dourado\"],\"articleSection\":[\"Filmes\"],\"inLanguage\":\"pt-BR\",\"potentialAction\":[{\"@type\":\"CommentAction\",\"name\":\"Comment\",\"target\":[\"https:\\\/\\\/tsukianimes.com.br\\\/index.php\\\/2024\\\/04\\\/09\\\/curta-vento-dourado-estreia-no-festival-internacional-de-cinema-de-moscou\\\/#respond\"]}]},{\"@type\":\"WebPage\",\"@id\":\"https:\\\/\\\/tsukianimes.com.br\\\/index.php\\\/2024\\\/04\\\/09\\\/curta-vento-dourado-estreia-no-festival-internacional-de-cinema-de-moscou\\\/\",\"url\":\"https:\\\/\\\/tsukianimes.com.br\\\/index.php\\\/2024\\\/04\\\/09\\\/curta-vento-dourado-estreia-no-festival-internacional-de-cinema-de-moscou\\\/\",\"name\":\"Vento Dourado estreia no Festival Internacional de Cinema de Moscou\",\"isPartOf\":{\"@id\":\"https:\\\/\\\/tsukianimes.com.br\\\/#website\"},\"primaryImageOfPage\":{\"@id\":\"https:\\\/\\\/tsukianimes.com.br\\\/index.php\\\/2024\\\/04\\\/09\\\/curta-vento-dourado-estreia-no-festival-internacional-de-cinema-de-moscou\\\/#primaryimage\"},\"image\":{\"@id\":\"https:\\\/\\\/tsukianimes.com.br\\\/index.php\\\/2024\\\/04\\\/09\\\/curta-vento-dourado-estreia-no-festival-internacional-de-cinema-de-moscou\\\/#primaryimage\"},\"thumbnailUrl\":\"https:\\\/\\\/tsukianimes.com.br\\\/wp-content\\\/uploads\\\/2024\\\/04\\\/Screen-Shot-2023-02-08-at-5.58.03-PM-_1_-scaled.webp\",\"datePublished\":\"2024-04-10T00:59:40+00:00\",\"description\":\"O curta \\\"Vento Dourado\\\", escrito pelo autor nipo-brasileiro Andr\u00e9 Hayato Saito, estreia neste m\u00eas no 46\u00ba Moscow International Film Festival.\u00a0\",\"breadcrumb\":{\"@id\":\"https:\\\/\\\/tsukianimes.com.br\\\/index.php\\\/2024\\\/04\\\/09\\\/curta-vento-dourado-estreia-no-festival-internacional-de-cinema-de-moscou\\\/#breadcrumb\"},\"inLanguage\":\"pt-BR\",\"potentialAction\":[{\"@type\":\"ReadAction\",\"target\":[\"https:\\\/\\\/tsukianimes.com.br\\\/index.php\\\/2024\\\/04\\\/09\\\/curta-vento-dourado-estreia-no-festival-internacional-de-cinema-de-moscou\\\/\"]}]},{\"@type\":\"ImageObject\",\"inLanguage\":\"pt-BR\",\"@id\":\"https:\\\/\\\/tsukianimes.com.br\\\/index.php\\\/2024\\\/04\\\/09\\\/curta-vento-dourado-estreia-no-festival-internacional-de-cinema-de-moscou\\\/#primaryimage\",\"url\":\"https:\\\/\\\/tsukianimes.com.br\\\/wp-content\\\/uploads\\\/2024\\\/04\\\/Screen-Shot-2023-02-08-at-5.58.03-PM-_1_-scaled.webp\",\"contentUrl\":\"https:\\\/\\\/tsukianimes.com.br\\\/wp-content\\\/uploads\\\/2024\\\/04\\\/Screen-Shot-2023-02-08-at-5.58.03-PM-_1_-scaled.webp\",\"width\":2560,\"height\":1387,\"caption\":\"Vento Dourado\"},{\"@type\":\"BreadcrumbList\",\"@id\":\"https:\\\/\\\/tsukianimes.com.br\\\/index.php\\\/2024\\\/04\\\/09\\\/curta-vento-dourado-estreia-no-festival-internacional-de-cinema-de-moscou\\\/#breadcrumb\",\"itemListElement\":[{\"@type\":\"ListItem\",\"position\":1,\"name\":\"In\u00edcio\",\"item\":\"https:\\\/\\\/tsukianimes.com.br\\\/\"},{\"@type\":\"ListItem\",\"position\":2,\"name\":\"Curta Vento Dourado estreia no Festival Internacional de Cinema de Moscou\"}]},{\"@type\":\"WebSite\",\"@id\":\"https:\\\/\\\/tsukianimes.com.br\\\/#website\",\"url\":\"https:\\\/\\\/tsukianimes.com.br\\\/\",\"name\":\"Tsuki Animes\",\"description\":\"\",\"publisher\":{\"@id\":\"https:\\\/\\\/tsukianimes.com.br\\\/#organization\"},\"potentialAction\":[{\"@type\":\"SearchAction\",\"target\":{\"@type\":\"EntryPoint\",\"urlTemplate\":\"https:\\\/\\\/tsukianimes.com.br\\\/?s={search_term_string}\"},\"query-input\":{\"@type\":\"PropertyValueSpecification\",\"valueRequired\":true,\"valueName\":\"search_term_string\"}}],\"inLanguage\":\"pt-BR\"},{\"@type\":\"Organization\",\"@id\":\"https:\\\/\\\/tsukianimes.com.br\\\/#organization\",\"name\":\"Tsuki Animes\",\"url\":\"https:\\\/\\\/tsukianimes.com.br\\\/\",\"logo\":{\"@type\":\"ImageObject\",\"inLanguage\":\"pt-BR\",\"@id\":\"https:\\\/\\\/tsukianimes.com.br\\\/#\\\/schema\\\/logo\\\/image\\\/\",\"url\":\"https:\\\/\\\/tsukianimes.com.br\\\/wp-content\\\/uploads\\\/2023\\\/06\\\/cropped-Ativo-4-1.png\",\"contentUrl\":\"https:\\\/\\\/tsukianimes.com.br\\\/wp-content\\\/uploads\\\/2023\\\/06\\\/cropped-Ativo-4-1.png\",\"width\":1314,\"height\":246,\"caption\":\"Tsuki Animes\"},\"image\":{\"@id\":\"https:\\\/\\\/tsukianimes.com.br\\\/#\\\/schema\\\/logo\\\/image\\\/\"}},{\"@type\":\"Person\",\"@id\":\"https:\\\/\\\/tsukianimes.com.br\\\/#\\\/schema\\\/person\\\/9e17947002e7239c44dbc8cf7674f0b1\",\"name\":\"tsukianimes.com.br\",\"image\":{\"@type\":\"ImageObject\",\"inLanguage\":\"pt-BR\",\"@id\":\"https:\\\/\\\/secure.gravatar.com\\\/avatar\\\/591a507b759fa000b57ae174373cfe3340385427fe67262e8cdd8072bc573b93?s=96&d=mm&r=g\",\"url\":\"https:\\\/\\\/secure.gravatar.com\\\/avatar\\\/591a507b759fa000b57ae174373cfe3340385427fe67262e8cdd8072bc573b93?s=96&d=mm&r=g\",\"contentUrl\":\"https:\\\/\\\/secure.gravatar.com\\\/avatar\\\/591a507b759fa000b57ae174373cfe3340385427fe67262e8cdd8072bc573b93?s=96&d=mm&r=g\",\"caption\":\"tsukianimes.com.br\"},\"sameAs\":[\"http:\\\/\\\/tsukianimes.com.br\"],\"url\":\"https:\\\/\\\/tsukianimes.com.br\\\/index.php\\\/author\\\/tsukianimes-com-br\\\/\"}]}<\/script>\n<!-- \/ Yoast SEO plugin. -->","yoast_head_json":{"title":"Vento Dourado estreia no Festival Internacional de Cinema de Moscou","description":"O curta \"Vento Dourado\", escrito pelo autor nipo-brasileiro Andr\u00e9 Hayato Saito, estreia neste m\u00eas no 46\u00ba Moscow International Film Festival.\u00a0","robots":{"index":"index","follow":"follow","max-snippet":"max-snippet:-1","max-image-preview":"max-image-preview:large","max-video-preview":"max-video-preview:-1"},"canonical":"https:\/\/tsukianimes.com.br\/index.php\/2024\/04\/09\/curta-vento-dourado-estreia-no-festival-internacional-de-cinema-de-moscou\/","og_locale":"pt_BR","og_type":"article","og_title":"Curta Vento Dourado estreia no Festival Internacional de Cinema de Moscou","og_description":"Leia mais...","og_url":"https:\/\/tsukianimes.com.br\/index.php\/2024\/04\/09\/curta-vento-dourado-estreia-no-festival-internacional-de-cinema-de-moscou\/","og_site_name":"Tsuki Animes","article_published_time":"2024-04-10T00:59:40+00:00","og_image":[{"width":1024,"height":555,"url":"https:\/\/tsukianimes.com.br\/wp-content\/uploads\/2024\/04\/Screen-Shot-2023-02-08-at-5.58.03-PM-_1_-1024x555.webp","type":"image\/webp"}],"author":"tsukianimes.com.br","twitter_card":"summary_large_image","twitter_misc":{"Escrito por":"tsukianimes.com.br","Est. tempo de leitura":"3 minutos"},"schema":{"@context":"https:\/\/schema.org","@graph":[{"@type":"Article","@id":"https:\/\/tsukianimes.com.br\/index.php\/2024\/04\/09\/curta-vento-dourado-estreia-no-festival-internacional-de-cinema-de-moscou\/#article","isPartOf":{"@id":"https:\/\/tsukianimes.com.br\/index.php\/2024\/04\/09\/curta-vento-dourado-estreia-no-festival-internacional-de-cinema-de-moscou\/"},"author":{"name":"tsukianimes.com.br","@id":"https:\/\/tsukianimes.com.br\/#\/schema\/person\/9e17947002e7239c44dbc8cf7674f0b1"},"headline":"Curta Vento Dourado estreia no Festival Internacional de Cinema de Moscou","datePublished":"2024-04-10T00:59:40+00:00","mainEntityOfPage":{"@id":"https:\/\/tsukianimes.com.br\/index.php\/2024\/04\/09\/curta-vento-dourado-estreia-no-festival-internacional-de-cinema-de-moscou\/"},"wordCount":426,"commentCount":1,"publisher":{"@id":"https:\/\/tsukianimes.com.br\/#organization"},"image":{"@id":"https:\/\/tsukianimes.com.br\/index.php\/2024\/04\/09\/curta-vento-dourado-estreia-no-festival-internacional-de-cinema-de-moscou\/#primaryimage"},"thumbnailUrl":"https:\/\/tsukianimes.com.br\/wp-content\/uploads\/2024\/04\/Screen-Shot-2023-02-08-at-5.58.03-PM-_1_-scaled.webp","keywords":["filmes","vento dourado"],"articleSection":["Filmes"],"inLanguage":"pt-BR","potentialAction":[{"@type":"CommentAction","name":"Comment","target":["https:\/\/tsukianimes.com.br\/index.php\/2024\/04\/09\/curta-vento-dourado-estreia-no-festival-internacional-de-cinema-de-moscou\/#respond"]}]},{"@type":"WebPage","@id":"https:\/\/tsukianimes.com.br\/index.php\/2024\/04\/09\/curta-vento-dourado-estreia-no-festival-internacional-de-cinema-de-moscou\/","url":"https:\/\/tsukianimes.com.br\/index.php\/2024\/04\/09\/curta-vento-dourado-estreia-no-festival-internacional-de-cinema-de-moscou\/","name":"Vento Dourado estreia no Festival Internacional de Cinema de Moscou","isPartOf":{"@id":"https:\/\/tsukianimes.com.br\/#website"},"primaryImageOfPage":{"@id":"https:\/\/tsukianimes.com.br\/index.php\/2024\/04\/09\/curta-vento-dourado-estreia-no-festival-internacional-de-cinema-de-moscou\/#primaryimage"},"image":{"@id":"https:\/\/tsukianimes.com.br\/index.php\/2024\/04\/09\/curta-vento-dourado-estreia-no-festival-internacional-de-cinema-de-moscou\/#primaryimage"},"thumbnailUrl":"https:\/\/tsukianimes.com.br\/wp-content\/uploads\/2024\/04\/Screen-Shot-2023-02-08-at-5.58.03-PM-_1_-scaled.webp","datePublished":"2024-04-10T00:59:40+00:00","description":"O curta \"Vento Dourado\", escrito pelo autor nipo-brasileiro Andr\u00e9 Hayato Saito, estreia neste m\u00eas no 46\u00ba Moscow International Film Festival.\u00a0","breadcrumb":{"@id":"https:\/\/tsukianimes.com.br\/index.php\/2024\/04\/09\/curta-vento-dourado-estreia-no-festival-internacional-de-cinema-de-moscou\/#breadcrumb"},"inLanguage":"pt-BR","potentialAction":[{"@type":"ReadAction","target":["https:\/\/tsukianimes.com.br\/index.php\/2024\/04\/09\/curta-vento-dourado-estreia-no-festival-internacional-de-cinema-de-moscou\/"]}]},{"@type":"ImageObject","inLanguage":"pt-BR","@id":"https:\/\/tsukianimes.com.br\/index.php\/2024\/04\/09\/curta-vento-dourado-estreia-no-festival-internacional-de-cinema-de-moscou\/#primaryimage","url":"https:\/\/tsukianimes.com.br\/wp-content\/uploads\/2024\/04\/Screen-Shot-2023-02-08-at-5.58.03-PM-_1_-scaled.webp","contentUrl":"https:\/\/tsukianimes.com.br\/wp-content\/uploads\/2024\/04\/Screen-Shot-2023-02-08-at-5.58.03-PM-_1_-scaled.webp","width":2560,"height":1387,"caption":"Vento Dourado"},{"@type":"BreadcrumbList","@id":"https:\/\/tsukianimes.com.br\/index.php\/2024\/04\/09\/curta-vento-dourado-estreia-no-festival-internacional-de-cinema-de-moscou\/#breadcrumb","itemListElement":[{"@type":"ListItem","position":1,"name":"In\u00edcio","item":"https:\/\/tsukianimes.com.br\/"},{"@type":"ListItem","position":2,"name":"Curta Vento Dourado estreia no Festival Internacional de Cinema de Moscou"}]},{"@type":"WebSite","@id":"https:\/\/tsukianimes.com.br\/#website","url":"https:\/\/tsukianimes.com.br\/","name":"Tsuki Animes","description":"","publisher":{"@id":"https:\/\/tsukianimes.com.br\/#organization"},"potentialAction":[{"@type":"SearchAction","target":{"@type":"EntryPoint","urlTemplate":"https:\/\/tsukianimes.com.br\/?s={search_term_string}"},"query-input":{"@type":"PropertyValueSpecification","valueRequired":true,"valueName":"search_term_string"}}],"inLanguage":"pt-BR"},{"@type":"Organization","@id":"https:\/\/tsukianimes.com.br\/#organization","name":"Tsuki Animes","url":"https:\/\/tsukianimes.com.br\/","logo":{"@type":"ImageObject","inLanguage":"pt-BR","@id":"https:\/\/tsukianimes.com.br\/#\/schema\/logo\/image\/","url":"https:\/\/tsukianimes.com.br\/wp-content\/uploads\/2023\/06\/cropped-Ativo-4-1.png","contentUrl":"https:\/\/tsukianimes.com.br\/wp-content\/uploads\/2023\/06\/cropped-Ativo-4-1.png","width":1314,"height":246,"caption":"Tsuki Animes"},"image":{"@id":"https:\/\/tsukianimes.com.br\/#\/schema\/logo\/image\/"}},{"@type":"Person","@id":"https:\/\/tsukianimes.com.br\/#\/schema\/person\/9e17947002e7239c44dbc8cf7674f0b1","name":"tsukianimes.com.br","image":{"@type":"ImageObject","inLanguage":"pt-BR","@id":"https:\/\/secure.gravatar.com\/avatar\/591a507b759fa000b57ae174373cfe3340385427fe67262e8cdd8072bc573b93?s=96&d=mm&r=g","url":"https:\/\/secure.gravatar.com\/avatar\/591a507b759fa000b57ae174373cfe3340385427fe67262e8cdd8072bc573b93?s=96&d=mm&r=g","contentUrl":"https:\/\/secure.gravatar.com\/avatar\/591a507b759fa000b57ae174373cfe3340385427fe67262e8cdd8072bc573b93?s=96&d=mm&r=g","caption":"tsukianimes.com.br"},"sameAs":["http:\/\/tsukianimes.com.br"],"url":"https:\/\/tsukianimes.com.br\/index.php\/author\/tsukianimes-com-br\/"}]}},"amp_enabled":true,"_links":{"self":[{"href":"https:\/\/tsukianimes.com.br\/index.php\/wp-json\/wp\/v2\/posts\/1088","targetHints":{"allow":["GET"]}}],"collection":[{"href":"https:\/\/tsukianimes.com.br\/index.php\/wp-json\/wp\/v2\/posts"}],"about":[{"href":"https:\/\/tsukianimes.com.br\/index.php\/wp-json\/wp\/v2\/types\/post"}],"author":[{"embeddable":true,"href":"https:\/\/tsukianimes.com.br\/index.php\/wp-json\/wp\/v2\/users\/1"}],"replies":[{"embeddable":true,"href":"https:\/\/tsukianimes.com.br\/index.php\/wp-json\/wp\/v2\/comments?post=1088"}],"version-history":[{"count":1,"href":"https:\/\/tsukianimes.com.br\/index.php\/wp-json\/wp\/v2\/posts\/1088\/revisions"}],"predecessor-version":[{"id":1090,"href":"https:\/\/tsukianimes.com.br\/index.php\/wp-json\/wp\/v2\/posts\/1088\/revisions\/1090"}],"wp:featuredmedia":[{"embeddable":true,"href":"https:\/\/tsukianimes.com.br\/index.php\/wp-json\/wp\/v2\/media\/1089"}],"wp:attachment":[{"href":"https:\/\/tsukianimes.com.br\/index.php\/wp-json\/wp\/v2\/media?parent=1088"}],"wp:term":[{"taxonomy":"category","embeddable":true,"href":"https:\/\/tsukianimes.com.br\/index.php\/wp-json\/wp\/v2\/categories?post=1088"},{"taxonomy":"post_tag","embeddable":true,"href":"https:\/\/tsukianimes.com.br\/index.php\/wp-json\/wp\/v2\/tags?post=1088"}],"curies":[{"name":"wp","href":"https:\/\/api.w.org\/{rel}","templated":true}]}}