{"id":1043,"date":"2024-03-21T21:57:58","date_gmt":"2024-03-22T00:57:58","guid":{"rendered":"https:\/\/tsukianimes.com.br\/?p=1043"},"modified":"2024-03-21T21:57:58","modified_gmt":"2024-03-22T00:57:58","slug":"puma-lanca-colecao-especial-dos-25-anos-de-one-piece","status":"publish","type":"post","link":"https:\/\/tsukianimes.com.br\/index.php\/2024\/03\/21\/puma-lanca-colecao-especial-dos-25-anos-de-one-piece\/","title":{"rendered":"PUMA lan\u00e7a cole\u00e7\u00e3o especial dos 25 anos de One Piece"},"content":{"rendered":"<p>A PUMA lan\u00e7ou uma cole\u00e7\u00e3o especial para comemorar os 25 anos da franquia One Piece. A novidade foi divulgada pela marca para a imprensa na \u00faltima ter\u00e7a-feira (19).<\/p>\n<p>A cole\u00e7\u00e3o mistura o streetwear cl\u00e1ssico e os modelos esportivos da PUMA com elementos da s\u00e9rie que \u00e9 o mang\u00e1 mais vendido do mundo atualmente, com mais de meio bilh\u00e3o de exemplares em circula\u00e7\u00e3o.<\/p>\n<p>As pe\u00e7as incluem estampas de bandeiras de piratas, bem como cenas e personagens da s\u00e9rie que s\u00e3o retratados em camisetas, moletons e os ic\u00f4nicos agasalhos T7 da Puma.<\/p>\n<p>A cole\u00e7\u00e3o apresenta ainda quatro vers\u00f5es exclusivas do PUMA Suede, cada um inspirado em um personagem do anime: Monkey D. Luffy, Shanks, Marshall D. Teach, mais conhecido como &#8220;Blackbeard&#8221; e Buggy. Embalagens personalizadas e etiquetas especiais com medalh\u00f5es dourados acompanham cada sneaker.<\/p>\n<p>A cole\u00e7\u00e3o PUMA x One Piece estar\u00e1 dispon\u00edvel a partir deste s\u00e1bado (23) no <a href=\"https:\/\/br.puma.com\/colecoes\/select\/puma-x-one-piece.html\" target=\"_blank\" rel=\"noopener\">site da marca<\/a> e nas lojas PUMA do Shopping Morumbi e Shopping Tatuap\u00e9, ambas em S\u00e3o Paulo, e nas lojas Artwalk e Your ID.<\/p>\n<p><em>Foto: Divulga\u00e7\u00e3o\/ ASCOM.<\/em><\/p>\n<p><strong>Mais em One Piece<\/strong><\/p>\n<p><a href=\"https:\/\/tsukianimes.com.br\/index.php\/2024\/02\/01\/one-piece-ganhara-mais-uma-light-novel\/\" target=\"_blank\" rel=\"noopener\">One Piece ganhar\u00e1 mais uma light novel<\/a><\/p>\n","protected":false},"excerpt":{"rendered":"<p>A PUMA lan\u00e7ou uma cole\u00e7\u00e3o especial para comemorar os 25 anos da franquia One Piece. A novidade foi divulgada pela marca para a imprensa na \u00faltima ter\u00e7a-feira (19). A cole\u00e7\u00e3o mistura o streetwear cl\u00e1ssico e os modelos esportivos da PUMA com elementos da s\u00e9rie que \u00e9 o mang\u00e1 mais vendido do mundo atualmente, com mais &hellip; <\/p>\n","protected":false},"author":1,"featured_media":1045,"comment_status":"open","ping_status":"open","sticky":false,"template":"","format":"standard","meta":{"om_disable_all_campaigns":false,"_monsterinsights_skip_tracking":false,"_monsterinsights_sitenote_active":false,"_monsterinsights_sitenote_note":"","_monsterinsights_sitenote_category":0,"_uf_show_specific_survey":0,"_uf_disable_surveys":false,"footnotes":""},"categories":[14],"tags":[136,20,190],"class_list":["post-1043","post","type-post","status-publish","format-standard","has-post-thumbnail","hentry","category-produtos","tag-one-piece","tag-produtos","tag-puma","latest_post"],"yoast_head":"<!-- This site is optimized with the Yoast SEO plugin v27.4 - https:\/\/yoast.com\/product\/yoast-seo-wordpress\/ -->\n<title>One Piece ganha cole\u00e7\u00e3o especial em parceria com a PUMA<\/title>\n<meta name=\"description\" content=\"A PUMA lan\u00e7ou uma cole\u00e7\u00e3o para comemorar os 25 anos da franquia One Piece. As pe\u00e7as misturam o streetwear cl\u00e1ssico com elementos da s\u00e9rie.\" \/>\n<meta name=\"robots\" content=\"index, follow, max-snippet:-1, max-image-preview:large, max-video-preview:-1\" \/>\n<link rel=\"canonical\" href=\"https:\/\/tsukianimes.com.br\/index.php\/2024\/03\/21\/puma-lanca-colecao-especial-dos-25-anos-de-one-piece\/\" \/>\n<meta property=\"og:locale\" content=\"pt_BR\" \/>\n<meta property=\"og:type\" content=\"article\" \/>\n<meta property=\"og:title\" content=\"PUMA lan\u00e7a cole\u00e7\u00e3o especial dos 25 anos de One Piece\" \/>\n<meta property=\"og:description\" content=\"Leia mais...\" \/>\n<meta property=\"og:url\" content=\"https:\/\/tsukianimes.com.br\/index.php\/2024\/03\/21\/puma-lanca-colecao-especial-dos-25-anos-de-one-piece\/\" \/>\n<meta property=\"og:site_name\" content=\"Tsuki Animes\" \/>\n<meta property=\"article:published_time\" content=\"2024-03-22T00:57:58+00:00\" \/>\n<meta property=\"og:image\" content=\"https:\/\/tsukianimes.com.br\/wp-content\/uploads\/2024\/03\/puma-one-piece.webp\" \/>\n\t<meta property=\"og:image:width\" content=\"800\" \/>\n\t<meta property=\"og:image:height\" content=\"534\" \/>\n\t<meta property=\"og:image:type\" content=\"image\/webp\" \/>\n<meta name=\"author\" content=\"tsukianimes.com.br\" \/>\n<meta name=\"twitter:card\" content=\"summary_large_image\" \/>\n<meta name=\"twitter:label1\" content=\"Escrito por\" \/>\n\t<meta name=\"twitter:data1\" content=\"tsukianimes.com.br\" \/>\n\t<meta name=\"twitter:label2\" content=\"Est. tempo de leitura\" \/>\n\t<meta name=\"twitter:data2\" content=\"2 minutos\" \/>\n<script type=\"application\/ld+json\" class=\"yoast-schema-graph\">{\"@context\":\"https:\\\/\\\/schema.org\",\"@graph\":[{\"@type\":\"Article\",\"@id\":\"https:\\\/\\\/tsukianimes.com.br\\\/index.php\\\/2024\\\/03\\\/21\\\/puma-lanca-colecao-especial-dos-25-anos-de-one-piece\\\/#article\",\"isPartOf\":{\"@id\":\"https:\\\/\\\/tsukianimes.com.br\\\/index.php\\\/2024\\\/03\\\/21\\\/puma-lanca-colecao-especial-dos-25-anos-de-one-piece\\\/\"},\"author\":{\"name\":\"tsukianimes.com.br\",\"@id\":\"https:\\\/\\\/tsukianimes.com.br\\\/#\\\/schema\\\/person\\\/9e17947002e7239c44dbc8cf7674f0b1\"},\"headline\":\"PUMA lan\u00e7a cole\u00e7\u00e3o especial dos 25 anos de One Piece\",\"datePublished\":\"2024-03-22T00:57:58+00:00\",\"mainEntityOfPage\":{\"@id\":\"https:\\\/\\\/tsukianimes.com.br\\\/index.php\\\/2024\\\/03\\\/21\\\/puma-lanca-colecao-especial-dos-25-anos-de-one-piece\\\/\"},\"wordCount\":211,\"commentCount\":1,\"publisher\":{\"@id\":\"https:\\\/\\\/tsukianimes.com.br\\\/#organization\"},\"image\":{\"@id\":\"https:\\\/\\\/tsukianimes.com.br\\\/index.php\\\/2024\\\/03\\\/21\\\/puma-lanca-colecao-especial-dos-25-anos-de-one-piece\\\/#primaryimage\"},\"thumbnailUrl\":\"https:\\\/\\\/tsukianimes.com.br\\\/wp-content\\\/uploads\\\/2024\\\/03\\\/puma-one-piece.webp\",\"keywords\":[\"one piece\",\"produtos\",\"puma\"],\"articleSection\":[\"Produtos\"],\"inLanguage\":\"pt-BR\",\"potentialAction\":[{\"@type\":\"CommentAction\",\"name\":\"Comment\",\"target\":[\"https:\\\/\\\/tsukianimes.com.br\\\/index.php\\\/2024\\\/03\\\/21\\\/puma-lanca-colecao-especial-dos-25-anos-de-one-piece\\\/#respond\"]}]},{\"@type\":\"WebPage\",\"@id\":\"https:\\\/\\\/tsukianimes.com.br\\\/index.php\\\/2024\\\/03\\\/21\\\/puma-lanca-colecao-especial-dos-25-anos-de-one-piece\\\/\",\"url\":\"https:\\\/\\\/tsukianimes.com.br\\\/index.php\\\/2024\\\/03\\\/21\\\/puma-lanca-colecao-especial-dos-25-anos-de-one-piece\\\/\",\"name\":\"One Piece ganha cole\u00e7\u00e3o especial em parceria com a PUMA\",\"isPartOf\":{\"@id\":\"https:\\\/\\\/tsukianimes.com.br\\\/#website\"},\"primaryImageOfPage\":{\"@id\":\"https:\\\/\\\/tsukianimes.com.br\\\/index.php\\\/2024\\\/03\\\/21\\\/puma-lanca-colecao-especial-dos-25-anos-de-one-piece\\\/#primaryimage\"},\"image\":{\"@id\":\"https:\\\/\\\/tsukianimes.com.br\\\/index.php\\\/2024\\\/03\\\/21\\\/puma-lanca-colecao-especial-dos-25-anos-de-one-piece\\\/#primaryimage\"},\"thumbnailUrl\":\"https:\\\/\\\/tsukianimes.com.br\\\/wp-content\\\/uploads\\\/2024\\\/03\\\/puma-one-piece.webp\",\"datePublished\":\"2024-03-22T00:57:58+00:00\",\"description\":\"A PUMA lan\u00e7ou uma cole\u00e7\u00e3o para comemorar os 25 anos da franquia One Piece. As pe\u00e7as misturam o streetwear cl\u00e1ssico com elementos da s\u00e9rie.\",\"breadcrumb\":{\"@id\":\"https:\\\/\\\/tsukianimes.com.br\\\/index.php\\\/2024\\\/03\\\/21\\\/puma-lanca-colecao-especial-dos-25-anos-de-one-piece\\\/#breadcrumb\"},\"inLanguage\":\"pt-BR\",\"potentialAction\":[{\"@type\":\"ReadAction\",\"target\":[\"https:\\\/\\\/tsukianimes.com.br\\\/index.php\\\/2024\\\/03\\\/21\\\/puma-lanca-colecao-especial-dos-25-anos-de-one-piece\\\/\"]}]},{\"@type\":\"ImageObject\",\"inLanguage\":\"pt-BR\",\"@id\":\"https:\\\/\\\/tsukianimes.com.br\\\/index.php\\\/2024\\\/03\\\/21\\\/puma-lanca-colecao-especial-dos-25-anos-de-one-piece\\\/#primaryimage\",\"url\":\"https:\\\/\\\/tsukianimes.com.br\\\/wp-content\\\/uploads\\\/2024\\\/03\\\/puma-one-piece.webp\",\"contentUrl\":\"https:\\\/\\\/tsukianimes.com.br\\\/wp-content\\\/uploads\\\/2024\\\/03\\\/puma-one-piece.webp\",\"width\":800,\"height\":534,\"caption\":\"Cole\u00e7\u00e3o PUMA x One Piece\"},{\"@type\":\"BreadcrumbList\",\"@id\":\"https:\\\/\\\/tsukianimes.com.br\\\/index.php\\\/2024\\\/03\\\/21\\\/puma-lanca-colecao-especial-dos-25-anos-de-one-piece\\\/#breadcrumb\",\"itemListElement\":[{\"@type\":\"ListItem\",\"position\":1,\"name\":\"In\u00edcio\",\"item\":\"https:\\\/\\\/tsukianimes.com.br\\\/\"},{\"@type\":\"ListItem\",\"position\":2,\"name\":\"PUMA lan\u00e7a cole\u00e7\u00e3o especial dos 25 anos de One Piece\"}]},{\"@type\":\"WebSite\",\"@id\":\"https:\\\/\\\/tsukianimes.com.br\\\/#website\",\"url\":\"https:\\\/\\\/tsukianimes.com.br\\\/\",\"name\":\"Tsuki Animes\",\"description\":\"\",\"publisher\":{\"@id\":\"https:\\\/\\\/tsukianimes.com.br\\\/#organization\"},\"potentialAction\":[{\"@type\":\"SearchAction\",\"target\":{\"@type\":\"EntryPoint\",\"urlTemplate\":\"https:\\\/\\\/tsukianimes.com.br\\\/?s={search_term_string}\"},\"query-input\":{\"@type\":\"PropertyValueSpecification\",\"valueRequired\":true,\"valueName\":\"search_term_string\"}}],\"inLanguage\":\"pt-BR\"},{\"@type\":\"Organization\",\"@id\":\"https:\\\/\\\/tsukianimes.com.br\\\/#organization\",\"name\":\"Tsuki Animes\",\"url\":\"https:\\\/\\\/tsukianimes.com.br\\\/\",\"logo\":{\"@type\":\"ImageObject\",\"inLanguage\":\"pt-BR\",\"@id\":\"https:\\\/\\\/tsukianimes.com.br\\\/#\\\/schema\\\/logo\\\/image\\\/\",\"url\":\"https:\\\/\\\/tsukianimes.com.br\\\/wp-content\\\/uploads\\\/2023\\\/06\\\/cropped-Ativo-4-1.png\",\"contentUrl\":\"https:\\\/\\\/tsukianimes.com.br\\\/wp-content\\\/uploads\\\/2023\\\/06\\\/cropped-Ativo-4-1.png\",\"width\":1314,\"height\":246,\"caption\":\"Tsuki Animes\"},\"image\":{\"@id\":\"https:\\\/\\\/tsukianimes.com.br\\\/#\\\/schema\\\/logo\\\/image\\\/\"}},{\"@type\":\"Person\",\"@id\":\"https:\\\/\\\/tsukianimes.com.br\\\/#\\\/schema\\\/person\\\/9e17947002e7239c44dbc8cf7674f0b1\",\"name\":\"tsukianimes.com.br\",\"image\":{\"@type\":\"ImageObject\",\"inLanguage\":\"pt-BR\",\"@id\":\"https:\\\/\\\/secure.gravatar.com\\\/avatar\\\/591a507b759fa000b57ae174373cfe3340385427fe67262e8cdd8072bc573b93?s=96&d=mm&r=g\",\"url\":\"https:\\\/\\\/secure.gravatar.com\\\/avatar\\\/591a507b759fa000b57ae174373cfe3340385427fe67262e8cdd8072bc573b93?s=96&d=mm&r=g\",\"contentUrl\":\"https:\\\/\\\/secure.gravatar.com\\\/avatar\\\/591a507b759fa000b57ae174373cfe3340385427fe67262e8cdd8072bc573b93?s=96&d=mm&r=g\",\"caption\":\"tsukianimes.com.br\"},\"sameAs\":[\"http:\\\/\\\/tsukianimes.com.br\"],\"url\":\"https:\\\/\\\/tsukianimes.com.br\\\/index.php\\\/author\\\/tsukianimes-com-br\\\/\"}]}<\/script>\n<!-- \/ Yoast SEO plugin. -->","yoast_head_json":{"title":"One Piece ganha cole\u00e7\u00e3o especial em parceria com a PUMA","description":"A PUMA lan\u00e7ou uma cole\u00e7\u00e3o para comemorar os 25 anos da franquia One Piece. As pe\u00e7as misturam o streetwear cl\u00e1ssico com elementos da s\u00e9rie.","robots":{"index":"index","follow":"follow","max-snippet":"max-snippet:-1","max-image-preview":"max-image-preview:large","max-video-preview":"max-video-preview:-1"},"canonical":"https:\/\/tsukianimes.com.br\/index.php\/2024\/03\/21\/puma-lanca-colecao-especial-dos-25-anos-de-one-piece\/","og_locale":"pt_BR","og_type":"article","og_title":"PUMA lan\u00e7a cole\u00e7\u00e3o especial dos 25 anos de One Piece","og_description":"Leia mais...","og_url":"https:\/\/tsukianimes.com.br\/index.php\/2024\/03\/21\/puma-lanca-colecao-especial-dos-25-anos-de-one-piece\/","og_site_name":"Tsuki Animes","article_published_time":"2024-03-22T00:57:58+00:00","og_image":[{"width":800,"height":534,"url":"https:\/\/tsukianimes.com.br\/wp-content\/uploads\/2024\/03\/puma-one-piece.webp","type":"image\/webp"}],"author":"tsukianimes.com.br","twitter_card":"summary_large_image","twitter_misc":{"Escrito por":"tsukianimes.com.br","Est. tempo de leitura":"2 minutos"},"schema":{"@context":"https:\/\/schema.org","@graph":[{"@type":"Article","@id":"https:\/\/tsukianimes.com.br\/index.php\/2024\/03\/21\/puma-lanca-colecao-especial-dos-25-anos-de-one-piece\/#article","isPartOf":{"@id":"https:\/\/tsukianimes.com.br\/index.php\/2024\/03\/21\/puma-lanca-colecao-especial-dos-25-anos-de-one-piece\/"},"author":{"name":"tsukianimes.com.br","@id":"https:\/\/tsukianimes.com.br\/#\/schema\/person\/9e17947002e7239c44dbc8cf7674f0b1"},"headline":"PUMA lan\u00e7a cole\u00e7\u00e3o especial dos 25 anos de One Piece","datePublished":"2024-03-22T00:57:58+00:00","mainEntityOfPage":{"@id":"https:\/\/tsukianimes.com.br\/index.php\/2024\/03\/21\/puma-lanca-colecao-especial-dos-25-anos-de-one-piece\/"},"wordCount":211,"commentCount":1,"publisher":{"@id":"https:\/\/tsukianimes.com.br\/#organization"},"image":{"@id":"https:\/\/tsukianimes.com.br\/index.php\/2024\/03\/21\/puma-lanca-colecao-especial-dos-25-anos-de-one-piece\/#primaryimage"},"thumbnailUrl":"https:\/\/tsukianimes.com.br\/wp-content\/uploads\/2024\/03\/puma-one-piece.webp","keywords":["one piece","produtos","puma"],"articleSection":["Produtos"],"inLanguage":"pt-BR","potentialAction":[{"@type":"CommentAction","name":"Comment","target":["https:\/\/tsukianimes.com.br\/index.php\/2024\/03\/21\/puma-lanca-colecao-especial-dos-25-anos-de-one-piece\/#respond"]}]},{"@type":"WebPage","@id":"https:\/\/tsukianimes.com.br\/index.php\/2024\/03\/21\/puma-lanca-colecao-especial-dos-25-anos-de-one-piece\/","url":"https:\/\/tsukianimes.com.br\/index.php\/2024\/03\/21\/puma-lanca-colecao-especial-dos-25-anos-de-one-piece\/","name":"One Piece ganha cole\u00e7\u00e3o especial em parceria com a PUMA","isPartOf":{"@id":"https:\/\/tsukianimes.com.br\/#website"},"primaryImageOfPage":{"@id":"https:\/\/tsukianimes.com.br\/index.php\/2024\/03\/21\/puma-lanca-colecao-especial-dos-25-anos-de-one-piece\/#primaryimage"},"image":{"@id":"https:\/\/tsukianimes.com.br\/index.php\/2024\/03\/21\/puma-lanca-colecao-especial-dos-25-anos-de-one-piece\/#primaryimage"},"thumbnailUrl":"https:\/\/tsukianimes.com.br\/wp-content\/uploads\/2024\/03\/puma-one-piece.webp","datePublished":"2024-03-22T00:57:58+00:00","description":"A PUMA lan\u00e7ou uma cole\u00e7\u00e3o para comemorar os 25 anos da franquia One Piece. As pe\u00e7as misturam o streetwear cl\u00e1ssico com elementos da s\u00e9rie.","breadcrumb":{"@id":"https:\/\/tsukianimes.com.br\/index.php\/2024\/03\/21\/puma-lanca-colecao-especial-dos-25-anos-de-one-piece\/#breadcrumb"},"inLanguage":"pt-BR","potentialAction":[{"@type":"ReadAction","target":["https:\/\/tsukianimes.com.br\/index.php\/2024\/03\/21\/puma-lanca-colecao-especial-dos-25-anos-de-one-piece\/"]}]},{"@type":"ImageObject","inLanguage":"pt-BR","@id":"https:\/\/tsukianimes.com.br\/index.php\/2024\/03\/21\/puma-lanca-colecao-especial-dos-25-anos-de-one-piece\/#primaryimage","url":"https:\/\/tsukianimes.com.br\/wp-content\/uploads\/2024\/03\/puma-one-piece.webp","contentUrl":"https:\/\/tsukianimes.com.br\/wp-content\/uploads\/2024\/03\/puma-one-piece.webp","width":800,"height":534,"caption":"Cole\u00e7\u00e3o PUMA x One Piece"},{"@type":"BreadcrumbList","@id":"https:\/\/tsukianimes.com.br\/index.php\/2024\/03\/21\/puma-lanca-colecao-especial-dos-25-anos-de-one-piece\/#breadcrumb","itemListElement":[{"@type":"ListItem","position":1,"name":"In\u00edcio","item":"https:\/\/tsukianimes.com.br\/"},{"@type":"ListItem","position":2,"name":"PUMA lan\u00e7a cole\u00e7\u00e3o especial dos 25 anos de One Piece"}]},{"@type":"WebSite","@id":"https:\/\/tsukianimes.com.br\/#website","url":"https:\/\/tsukianimes.com.br\/","name":"Tsuki Animes","description":"","publisher":{"@id":"https:\/\/tsukianimes.com.br\/#organization"},"potentialAction":[{"@type":"SearchAction","target":{"@type":"EntryPoint","urlTemplate":"https:\/\/tsukianimes.com.br\/?s={search_term_string}"},"query-input":{"@type":"PropertyValueSpecification","valueRequired":true,"valueName":"search_term_string"}}],"inLanguage":"pt-BR"},{"@type":"Organization","@id":"https:\/\/tsukianimes.com.br\/#organization","name":"Tsuki Animes","url":"https:\/\/tsukianimes.com.br\/","logo":{"@type":"ImageObject","inLanguage":"pt-BR","@id":"https:\/\/tsukianimes.com.br\/#\/schema\/logo\/image\/","url":"https:\/\/tsukianimes.com.br\/wp-content\/uploads\/2023\/06\/cropped-Ativo-4-1.png","contentUrl":"https:\/\/tsukianimes.com.br\/wp-content\/uploads\/2023\/06\/cropped-Ativo-4-1.png","width":1314,"height":246,"caption":"Tsuki Animes"},"image":{"@id":"https:\/\/tsukianimes.com.br\/#\/schema\/logo\/image\/"}},{"@type":"Person","@id":"https:\/\/tsukianimes.com.br\/#\/schema\/person\/9e17947002e7239c44dbc8cf7674f0b1","name":"tsukianimes.com.br","image":{"@type":"ImageObject","inLanguage":"pt-BR","@id":"https:\/\/secure.gravatar.com\/avatar\/591a507b759fa000b57ae174373cfe3340385427fe67262e8cdd8072bc573b93?s=96&d=mm&r=g","url":"https:\/\/secure.gravatar.com\/avatar\/591a507b759fa000b57ae174373cfe3340385427fe67262e8cdd8072bc573b93?s=96&d=mm&r=g","contentUrl":"https:\/\/secure.gravatar.com\/avatar\/591a507b759fa000b57ae174373cfe3340385427fe67262e8cdd8072bc573b93?s=96&d=mm&r=g","caption":"tsukianimes.com.br"},"sameAs":["http:\/\/tsukianimes.com.br"],"url":"https:\/\/tsukianimes.com.br\/index.php\/author\/tsukianimes-com-br\/"}]}},"amp_enabled":true,"_links":{"self":[{"href":"https:\/\/tsukianimes.com.br\/index.php\/wp-json\/wp\/v2\/posts\/1043","targetHints":{"allow":["GET"]}}],"collection":[{"href":"https:\/\/tsukianimes.com.br\/index.php\/wp-json\/wp\/v2\/posts"}],"about":[{"href":"https:\/\/tsukianimes.com.br\/index.php\/wp-json\/wp\/v2\/types\/post"}],"author":[{"embeddable":true,"href":"https:\/\/tsukianimes.com.br\/index.php\/wp-json\/wp\/v2\/users\/1"}],"replies":[{"embeddable":true,"href":"https:\/\/tsukianimes.com.br\/index.php\/wp-json\/wp\/v2\/comments?post=1043"}],"version-history":[{"count":2,"href":"https:\/\/tsukianimes.com.br\/index.php\/wp-json\/wp\/v2\/posts\/1043\/revisions"}],"predecessor-version":[{"id":1046,"href":"https:\/\/tsukianimes.com.br\/index.php\/wp-json\/wp\/v2\/posts\/1043\/revisions\/1046"}],"wp:featuredmedia":[{"embeddable":true,"href":"https:\/\/tsukianimes.com.br\/index.php\/wp-json\/wp\/v2\/media\/1045"}],"wp:attachment":[{"href":"https:\/\/tsukianimes.com.br\/index.php\/wp-json\/wp\/v2\/media?parent=1043"}],"wp:term":[{"taxonomy":"category","embeddable":true,"href":"https:\/\/tsukianimes.com.br\/index.php\/wp-json\/wp\/v2\/categories?post=1043"},{"taxonomy":"post_tag","embeddable":true,"href":"https:\/\/tsukianimes.com.br\/index.php\/wp-json\/wp\/v2\/tags?post=1043"}],"curies":[{"name":"wp","href":"https:\/\/api.w.org\/{rel}","templated":true}]}}